{"id":12723,"count":1,"description":"","link":"https:\/\/culturalizabh.com.br\/index.php\/tag\/ha-a-gravacao-de-uma-sessao-entre-os-quatro-musicos-falando-sobre-planos-para-compor-um-novo-album\/","name":"h\u00e1 a grava\u00e7\u00e3o de uma sess\u00e3o entre os quatro m\u00fasicos falando sobre planos para compor um novo \u00e1lbum.","slug":"ha-a-gravacao-de-uma-sessao-entre-os-quatro-musicos-falando-sobre-planos-para-compor-um-novo-album","taxonomy":"post_tag","meta":[],"_links":{"self":[{"href":"https:\/\/culturalizabh.com.br\/index.php\/wp-json\/wp\/v2\/tags\/12723","targetHints":{"allow":["GET"]}}],"collection":[{"href":"https:\/\/culturalizabh.com.br\/index.php\/wp-json\/wp\/v2\/tags"}],"about":[{"href":"https:\/\/culturalizabh.com.br\/index.php\/wp-json\/wp\/v2\/taxonomies\/post_tag"}],"wp:post_type":[{"href":"https:\/\/culturalizabh.com.br\/index.php\/wp-json\/wp\/v2\/posts?tags=12723"}],"curies":[{"name":"wp","href":"https:\/\/api.w.org\/{rel}","templated":true}]}}