{"id":12718,"count":1,"description":"","link":"https:\/\/culturalizabh.com.br\/index.php\/tag\/o-fusca-da-foto-tambem-foi-parar-em-um-museu-o-veiculo-de-placa-lmw-28if-foi-comprado-em-um-leilao-realizado-no-ano-de-1986-por-um-colecionador\/","name":"o fusca da foto tamb\u00e9m foi parar em um museu. O ve\u00edculo de placa LMW 28IF foi comprado em um leil\u00e3o realizado no ano de 1986 por um colecionador","slug":"o-fusca-da-foto-tambem-foi-parar-em-um-museu-o-veiculo-de-placa-lmw-28if-foi-comprado-em-um-leilao-realizado-no-ano-de-1986-por-um-colecionador","taxonomy":"post_tag","meta":[],"_links":{"self":[{"href":"https:\/\/culturalizabh.com.br\/index.php\/wp-json\/wp\/v2\/tags\/12718","targetHints":{"allow":["GET"]}}],"collection":[{"href":"https:\/\/culturalizabh.com.br\/index.php\/wp-json\/wp\/v2\/tags"}],"about":[{"href":"https:\/\/culturalizabh.com.br\/index.php\/wp-json\/wp\/v2\/taxonomies\/post_tag"}],"wp:post_type":[{"href":"https:\/\/culturalizabh.com.br\/index.php\/wp-json\/wp\/v2\/posts?tags=12718"}],"curies":[{"name":"wp","href":"https:\/\/api.w.org\/{rel}","templated":true}]}}