{"id":9472,"date":"2017-09-25T21:52:47","date_gmt":"2017-09-26T00:52:47","guid":{"rendered":"http:\/\/culturalizabh.com.br\/?p=9472"},"modified":"2017-09-25T21:52:47","modified_gmt":"2017-09-26T00:52:47","slug":"o-cluster-abre-inscricoes-para-marcas-de-moda-e-de-gastronomia-mineiras","status":"publish","type":"post","link":"https:\/\/culturalizabh.com.br\/index.php\/2017\/09\/25\/o-cluster-abre-inscricoes-para-marcas-de-moda-e-de-gastronomia-mineiras\/","title":{"rendered":"O Cluster abre inscri\u00e7\u00f5es para marcas de moda e de gastronomia mineiras"},"content":{"rendered":"<p style=\"text-align: left\"><span style=\"color: #000000\"><strong>O<\/strong> <strong>Cluster<\/strong> est\u00e1 com inscri\u00e7\u00f5es abertas para produtores locais que queiram participar da pr\u00f3xima edi\u00e7\u00e3o do evento em<strong>\u00a0<\/strong>Belo Horizonte, que ser\u00e1 realizada no dia\u00a0<strong>8 de outubro<\/strong>, na\u00a0<strong>Casa Bernardi<\/strong>. O objetivo \u00e9 dar visibilidade e lan\u00e7ar um olhar curatorial sobre trabalhos independentes de artistas, chefs e designers. Os interessados em participar devem enviar um e-mail, com o assunto &#8220;O Cluster BH&#8221;, para o endere\u00e7o eletr\u00f4nico cadastro@ocluster.com.br.<\/span><\/p>\n<p style=\"text-align: left\">\u00a0<\/p>\n<p style=\"text-align: left\"><span style=\"color: #000000\">\u201cA \u00faltima edi\u00e7\u00e3o foi uma experi\u00eancia incr\u00edvel, pois podemos perceber que Belo Horizonte entendeu exatamente o que fazemos, e a recep\u00e7\u00e3o foi exatamente como gostar\u00edamos. O resultado de vendas e p\u00fablico nos fez colocar BH no nosso calend\u00e1rio\u201d, comenta Carolina Herszenhut, idealizadora d&#8217;O Cluster.<\/span><\/p>\n<p style=\"text-align: left\">\u00a0<\/p>\n<p style=\"text-align: left\"><span style=\"color: #000000\"><strong>O Cluster seleciona marcas de moda e de gastronomia belo horizontinas <\/strong><\/span><\/p>\n<p style=\"text-align: left\"><span style=\"color: #000000\"><strong>Quando: <\/strong>8 de outubro<\/span><\/p>\n<p style=\"text-align: left\"><span style=\"color: #000000\"><strong>Informa\u00e7\u00f5es<\/strong>:\u00a0<a style=\"color: #000000\" href=\"http:\/\/www.ocluster.com.br\/\">www.ocluster.com.br<\/a>\u00a0e\u00a0<a style=\"color: #000000\" href=\"mailto:contato@ocluster.com.br\">contato@ocluster.com.br<\/a><\/span><\/p>\n","protected":false},"excerpt":{"rendered":"<p>O Cluster est\u00e1 com inscri\u00e7\u00f5es abertas para produtores locais que queiram participar da pr\u00f3xima edi\u00e7\u00e3o do evento em\u00a0Belo Horizonte, que ser\u00e1 realizada no dia\u00a08 de outubro, na\u00a0Casa Bernardi. O objetivo \u00e9 dar visibilidade e lan\u00e7ar um olhar curatorial sobre trabalhos independentes de artistas, chefs e designers. Os interessados em participar devem enviar um e-mail, com [&hellip;]<\/p>\n","protected":false},"author":33,"featured_media":0,"comment_status":"open","ping_status":"closed","sticky":false,"template":"","format":"standard","meta":{"jetpack_post_was_ever_published":false,"_jetpack_newsletter_access":"","_jetpack_dont_email_post_to_subs":false,"_jetpack_newsletter_tier_id":0,"_jetpack_memberships_contains_paywalled_content":false,"_jetpack_memberships_contains_paid_content":false,"footnotes":"","jetpack_publicize_message":"","jetpack_publicize_feature_enabled":true,"jetpack_social_post_already_shared":true,"jetpack_social_options":{"image_generator_settings":{"template":"highway","enabled":false},"version":2}},"categories":[1,14,8],"tags":[623,161,628,621],"class_list":["post-9472","post","type-post","status-publish","format-standard","hentry","category-culturaliza","category-dicas","category-gastronomia","tag-casa-bernardi","tag-gastronomia","tag-moda","tag-o-cluster"],"jetpack_publicize_connections":[],"jetpack_featured_media_url":"","jetpack_sharing_enabled":true,"jetpack_shortlink":"https:\/\/wp.me\/p864jz-2sM","_links":{"self":[{"href":"https:\/\/culturalizabh.com.br\/index.php\/wp-json\/wp\/v2\/posts\/9472","targetHints":{"allow":["GET"]}}],"collection":[{"href":"https:\/\/culturalizabh.com.br\/index.php\/wp-json\/wp\/v2\/posts"}],"about":[{"href":"https:\/\/culturalizabh.com.br\/index.php\/wp-json\/wp\/v2\/types\/post"}],"author":[{"embeddable":true,"href":"https:\/\/culturalizabh.com.br\/index.php\/wp-json\/wp\/v2\/users\/33"}],"replies":[{"embeddable":true,"href":"https:\/\/culturalizabh.com.br\/index.php\/wp-json\/wp\/v2\/comments?post=9472"}],"version-history":[{"count":2,"href":"https:\/\/culturalizabh.com.br\/index.php\/wp-json\/wp\/v2\/posts\/9472\/revisions"}],"predecessor-version":[{"id":9475,"href":"https:\/\/culturalizabh.com.br\/index.php\/wp-json\/wp\/v2\/posts\/9472\/revisions\/9475"}],"wp:attachment":[{"href":"https:\/\/culturalizabh.com.br\/index.php\/wp-json\/wp\/v2\/media?parent=9472"}],"wp:term":[{"taxonomy":"category","embeddable":true,"href":"https:\/\/culturalizabh.com.br\/index.php\/wp-json\/wp\/v2\/categories?post=9472"},{"taxonomy":"post_tag","embeddable":true,"href":"https:\/\/culturalizabh.com.br\/index.php\/wp-json\/wp\/v2\/tags?post=9472"}],"curies":[{"name":"wp","href":"https:\/\/api.w.org\/{rel}","templated":true}]}}