{"id":8194,"date":"2017-08-28T21:23:47","date_gmt":"2017-08-29T00:23:47","guid":{"rendered":"http:\/\/culturalizabh.com.br\/?p=8194"},"modified":"2017-08-28T21:23:47","modified_gmt":"2017-08-29T00:23:47","slug":"cia-de-danca-palacio-das-artes-apresenta-espetaculo-nuvens-de-barro","status":"publish","type":"post","link":"https:\/\/culturalizabh.com.br\/index.php\/2017\/08\/28\/cia-de-danca-palacio-das-artes-apresenta-espetaculo-nuvens-de-barro\/","title":{"rendered":"Cia. de Dan\u00e7a Pal\u00e1cio das Artes apresenta espet\u00e1culo Nuvens de Barro"},"content":{"rendered":"<p style=\"text-align: left\"><strong>\u00a0<span style=\"color: #000000\">A Cia. de Dan\u00e7a do Pal\u00e1cio das Artes<\/span><\/strong><span style=\"color: #000000\"> homenageia e se inspira na obra do poeta\u00a0<strong>Manoel de Barros<\/strong>, o espet\u00e1culo <strong>Nuvens de Barro<\/strong>, tem coreografia criada de maneira colaborativa entre os bailarinos da Cia e que foi inspirada no universo po\u00e9tico do escritor.<\/span><\/p>\n<p style=\"text-align: left\">\u00a0<\/p>\n<p style=\"text-align: left\"><span style=\"color: #000000\"><strong>Manoel de Barros<\/strong> criou um universo pr\u00f3prio, com constru\u00e7\u00f5es liter\u00e1rias que n\u00e3o respeitavam as normas da l\u00edngua padr\u00e3o. <strong>Neologismos<\/strong> e <strong>sinestesias<\/strong> sempre estiveram presentes em seus poemas, caracter\u00edsticas comumente comparadas a <strong>Guimar\u00e3es Rosa<\/strong>.<\/span><\/p>\n<p style=\"text-align: left\">\u00a0<\/p>\n<p style=\"text-align: left\"><span style=\"color: #000000\">Com dire\u00e7\u00e3o coreogr\u00e1fica de\u00a0<strong>Fernando<\/strong>\u00a0<strong>Martins<\/strong>\u00a0e dire\u00e7\u00e3o c\u00eanica de\u00a0<strong>Joaquim\u00a0Elias<\/strong> e <strong>Fernando<\/strong> <strong>Martins<\/strong>, a montagem estreou em outubro do ano passado e recria a delicadeza, a simplicidade e o humor, sempre presentes nos versos de um dos maiores representantes do per\u00edodo <strong>p\u00f3s<\/strong>&#8211;<strong>moderno<\/strong> da literatura brasileira. As palavras do escritor \u201cpoesia n\u00e3o \u00e9 para compreender, mas para incorporar\u201d mergulham a apresenta\u00e7\u00e3o em uma intimidade, j\u00e1 conhecida pela <strong>Cia<\/strong>., entre a <strong>poesia<\/strong> e a <strong>dan\u00e7a<\/strong>. O universo l\u00edrico de <strong>Manoel de Barros<\/strong> se reflete na inventiva e inventada coreografia, com movimentos que criam o h\u00edbrido e o mut\u00e1vel: uma din\u00e2mica na qual coisas se humanizam e pessoas se coisificam.<\/span><\/p>\n<p style=\"text-align: left\">\u00a0<\/p>\n<p style=\"text-align: left\"><span style=\"color: #000000\">Ap\u00f3s dois meses de pesquisa, a coreografia foi criada de maneira colaborativa entre os bailarinos da Cia de Dan\u00e7a, que se debru\u00e7aram sobre a obra de Barros at\u00e9 encontrar um ponto que unisse a <strong>dan\u00e7a<\/strong> e a <strong>poesia<\/strong> e indicasse o caminho para o novo trabalho. Como o nome da coreografia que \u00e9 uma alus\u00e3o \u00e0s met\u00e1foras de Manoel de Barros, a <strong>nuvem<\/strong>\u00a0transmite a leveza, o lado delicado do trabalho. J\u00e1 o\u00a0<strong>barro<\/strong>\u00a0\u00e9 a parte mais pesada, mais palp\u00e1vel.\u00a0<\/span><\/p>\n<p style=\"text-align: left\">\u00a0<\/p>\n<p style=\"text-align: left\"><span style=\"color: #000000\">Informa\u00e7\u00f5es sobre a apresenta\u00e7\u00e3o:<\/span><\/p>\n<p style=\"text-align: left\"><span style=\"color: #000000\"><strong>Cia de Dan\u00e7a Pal\u00e1cio das Artes apresenta espet\u00e1culo Nuvens de Barro<\/strong><\/span><\/p>\n<p style=\"text-align: left\"><span style=\"color: #000000\"><strong>Quando: <\/strong>31 de agosto a 1\u00ba setembro<\/span><\/p>\n<p style=\"text-align: left\"><span style=\"color: #000000\"><strong>Hora: <\/strong>quinta e sexta &#8211; \u00a020h30<\/span><\/p>\n<p style=\"text-align: left\"><span style=\"color: #000000\">\u00a0 \u00a0 \u00a0 \u00a0 \u00a0 \u00a0 \u00a0s\u00e1bado e domingo &#8211; 18h30 e \u00e0s 20h30<strong>\u00a0<\/strong><\/span><\/p>\n<p style=\"text-align: left\"><span style=\"color: #000000\"><strong>Onde: <\/strong>Teatro Jo\u00e3o Ceschiatti \u2013 Pal\u00e1cio das Artes &#8211; Av. Afonso Pena, 1537 \u2013 Centro<\/span><\/p>\n<p style=\"text-align: left\"><span style=\"color: #000000\"><strong>Quanto: <\/strong>R$20,00 (inteira) | R$10,00 (meia)<\/span><\/p>\n<p>&nbsp;<\/p>\n","protected":false},"excerpt":{"rendered":"<p>\u00a0A Cia. de Dan\u00e7a do Pal\u00e1cio das Artes homenageia e se inspira na obra do poeta\u00a0Manoel de Barros, o espet\u00e1culo Nuvens de Barro, tem coreografia criada de maneira colaborativa entre os bailarinos da Cia e que foi inspirada no universo po\u00e9tico do escritor. \u00a0 Manoel de Barros criou um universo pr\u00f3prio, com constru\u00e7\u00f5es liter\u00e1rias que [&hellip;]<\/p>\n","protected":false},"author":22,"featured_media":8195,"comment_status":"open","ping_status":"closed","sticky":false,"template":"","format":"standard","meta":{"jetpack_post_was_ever_published":false,"_jetpack_newsletter_access":"","_jetpack_dont_email_post_to_subs":false,"_jetpack_newsletter_tier_id":0,"_jetpack_memberships_contains_paywalled_content":false,"_jetpack_memberships_contains_paid_content":false,"footnotes":"","jetpack_publicize_message":"","jetpack_publicize_feature_enabled":true,"jetpack_social_post_already_shared":true,"jetpack_social_options":{"image_generator_settings":{"template":"highway","enabled":false},"version":2}},"categories":[1,34,2,3],"tags":[1709,2345,444],"class_list":["post-8194","post","type-post","status-publish","format-standard","has-post-thumbnail","hentry","category-culturaliza","category-diversao","category-eventos","category-teatro","tag-cia-de-danca-palacio-das-artes","tag-manoel-de-barros","tag-nuvens-de-barro"],"jetpack_publicize_connections":[],"jetpack_featured_media_url":"https:\/\/culturalizabh.com.br\/wp-content\/uploads\/2017\/08\/Nuvens-de-Barro-CDPA-\u00a9-Paulo-Lacerda-FCS-8.jpg","jetpack_sharing_enabled":true,"jetpack_shortlink":"https:\/\/wp.me\/p864jz-28a","_links":{"self":[{"href":"https:\/\/culturalizabh.com.br\/index.php\/wp-json\/wp\/v2\/posts\/8194","targetHints":{"allow":["GET"]}}],"collection":[{"href":"https:\/\/culturalizabh.com.br\/index.php\/wp-json\/wp\/v2\/posts"}],"about":[{"href":"https:\/\/culturalizabh.com.br\/index.php\/wp-json\/wp\/v2\/types\/post"}],"author":[{"embeddable":true,"href":"https:\/\/culturalizabh.com.br\/index.php\/wp-json\/wp\/v2\/users\/22"}],"replies":[{"embeddable":true,"href":"https:\/\/culturalizabh.com.br\/index.php\/wp-json\/wp\/v2\/comments?post=8194"}],"version-history":[{"count":2,"href":"https:\/\/culturalizabh.com.br\/index.php\/wp-json\/wp\/v2\/posts\/8194\/revisions"}],"predecessor-version":[{"id":8197,"href":"https:\/\/culturalizabh.com.br\/index.php\/wp-json\/wp\/v2\/posts\/8194\/revisions\/8197"}],"wp:featuredmedia":[{"embeddable":true,"href":"https:\/\/culturalizabh.com.br\/index.php\/wp-json\/wp\/v2\/media\/8195"}],"wp:attachment":[{"href":"https:\/\/culturalizabh.com.br\/index.php\/wp-json\/wp\/v2\/media?parent=8194"}],"wp:term":[{"taxonomy":"category","embeddable":true,"href":"https:\/\/culturalizabh.com.br\/index.php\/wp-json\/wp\/v2\/categories?post=8194"},{"taxonomy":"post_tag","embeddable":true,"href":"https:\/\/culturalizabh.com.br\/index.php\/wp-json\/wp\/v2\/tags?post=8194"}],"curies":[{"name":"wp","href":"https:\/\/api.w.org\/{rel}","templated":true}]}}