{"id":766,"date":"2017-01-25T23:35:51","date_gmt":"2017-01-25T23:35:51","guid":{"rendered":"http:\/\/culturalizabh.com.br\/?p=766"},"modified":"2017-01-25T23:38:45","modified_gmt":"2017-01-25T23:38:45","slug":"11o-encontro-lgbt-para-voce-ser-livre","status":"publish","type":"post","link":"https:\/\/culturalizabh.com.br\/index.php\/2017\/01\/25\/11o-encontro-lgbt-para-voce-ser-livre\/","title":{"rendered":"11\u00ba Encontro LGBT: para voc\u00ea ser livre!"},"content":{"rendered":"<p style=\"text-align: left;\"><span style=\"color: #000000;\">Ap\u00f3s dez edi\u00e7\u00f5es de sucesso, o\u00a0<strong>Encontro LGBT<\/strong> chega, mais uma vez, na <strong>Pra\u00e7a da Liberdade<\/strong>, com a sua d\u00e9cima primeira edi\u00e7\u00e3o, para fazer com que as pessoas LGBT&#8217;s sintam-se livres, sem medo de ser quem realmente s\u00e3o. A proposta \u00e9 ter um encontro totalmente formado por pessoas de bem, sem preconceitos e brigas! <\/span><\/p>\n<p style=\"text-align: left;\">\u00a0<\/p>\n<p style=\"text-align: left;\"><span style=\"color: #000000;\">Olha s\u00f3 que legal: Por l\u00e1, ser\u00e1 vendido copos personalizados. \ud83d\ude42<\/span><\/p>\n<p style=\"text-align: left;\">\u00a0<\/p>\n<p style=\"text-align: left;\"><span style=\"color: #000000;\">De acordo com os organizadores, a proposta \u00e9 que ocorra um encontro por m\u00eas. As datas sempre ser\u00e3o informadas por meio da p\u00e1gina do<\/span> <a href=\"https:\/\/www.facebook.com\/events\/1630917340536478\/\">Facebook<\/a>.\u00a0<\/p>\n<p style=\"text-align: left;\">\u00a0<\/p>\n<p style=\"text-align: left;\">\u00a0<\/p>\n<p style=\"text-align: left;\"><span style=\"color: #000000;\"><strong>11\u00ba Encontro LGBT\u00a0<\/strong><\/span><\/p>\n<p style=\"text-align: left;\"><span style=\"color: #000000;\"><strong>Quando:<\/strong> 04 de fevereiro de 2017\u00a0<\/span><\/p>\n<p style=\"text-align: left;\"><span style=\"color: #000000;\"><strong>Hora:<\/strong> 14h \u00e0s 22h\u00a0<\/span><\/p>\n<p style=\"text-align: left;\"><span style=\"color: #000000;\"><strong>Onde:<\/strong> Pra\u00e7a da Liberdade\u00a0<\/span><\/p>\n<p style=\"text-align: left;\"><span style=\"color: #000000;\"><strong>Valor:<\/strong> Gratuito\u00a0<\/span><\/p>\n<p style=\"text-align: left;\"><strong><span style=\"color: #000000;\">Informa\u00e7\u00f5es:<\/span> <\/strong><a href=\"https:\/\/www.facebook.com\/events\/1630917340536478\/\">Evento do Facebook\u00a0<\/a><\/p>\n<p>&nbsp;<\/p>\n","protected":false},"excerpt":{"rendered":"<p>Ap\u00f3s dez edi\u00e7\u00f5es de sucesso, o\u00a0Encontro LGBT chega, mais uma vez, na Pra\u00e7a da Liberdade, com a sua d\u00e9cima primeira edi\u00e7\u00e3o, para fazer com que as pessoas LGBT&#8217;s sintam-se livres, sem medo de ser quem realmente s\u00e3o. A proposta \u00e9 ter um encontro totalmente formado por pessoas de bem, sem preconceitos e brigas! \u00a0 Olha [&hellip;]<\/p>\n","protected":false},"author":1,"featured_media":767,"comment_status":"open","ping_status":"open","sticky":false,"template":"","format":"standard","meta":{"jetpack_post_was_ever_published":false,"_jetpack_newsletter_access":"","_jetpack_dont_email_post_to_subs":true,"_jetpack_newsletter_tier_id":0,"_jetpack_memberships_contains_paywalled_content":false,"_jetpack_memberships_contains_paid_content":false,"footnotes":"","jetpack_publicize_message":"","jetpack_publicize_feature_enabled":true,"jetpack_social_post_already_shared":true,"jetpack_social_options":{"image_generator_settings":{"template":"highway","enabled":false},"version":2}},"categories":[19,2],"tags":[163,164,154],"class_list":["post-766","post","type-post","status-publish","format-standard","has-post-thumbnail","hentry","category-destaque","category-eventos","tag-encontro-lgbt","tag-lgbt","tag-praca-da-liberdade"],"jetpack_publicize_connections":[],"jetpack_featured_media_url":"https:\/\/culturalizabh.com.br\/wp-content\/uploads\/2017\/01\/bandeira-gay.jpg","jetpack_sharing_enabled":true,"jetpack_shortlink":"https:\/\/wp.me\/p864jz-cm","_links":{"self":[{"href":"https:\/\/culturalizabh.com.br\/index.php\/wp-json\/wp\/v2\/posts\/766","targetHints":{"allow":["GET"]}}],"collection":[{"href":"https:\/\/culturalizabh.com.br\/index.php\/wp-json\/wp\/v2\/posts"}],"about":[{"href":"https:\/\/culturalizabh.com.br\/index.php\/wp-json\/wp\/v2\/types\/post"}],"author":[{"embeddable":true,"href":"https:\/\/culturalizabh.com.br\/index.php\/wp-json\/wp\/v2\/users\/1"}],"replies":[{"embeddable":true,"href":"https:\/\/culturalizabh.com.br\/index.php\/wp-json\/wp\/v2\/comments?post=766"}],"version-history":[{"count":2,"href":"https:\/\/culturalizabh.com.br\/index.php\/wp-json\/wp\/v2\/posts\/766\/revisions"}],"predecessor-version":[{"id":769,"href":"https:\/\/culturalizabh.com.br\/index.php\/wp-json\/wp\/v2\/posts\/766\/revisions\/769"}],"wp:featuredmedia":[{"embeddable":true,"href":"https:\/\/culturalizabh.com.br\/index.php\/wp-json\/wp\/v2\/media\/767"}],"wp:attachment":[{"href":"https:\/\/culturalizabh.com.br\/index.php\/wp-json\/wp\/v2\/media?parent=766"}],"wp:term":[{"taxonomy":"category","embeddable":true,"href":"https:\/\/culturalizabh.com.br\/index.php\/wp-json\/wp\/v2\/categories?post=766"},{"taxonomy":"post_tag","embeddable":true,"href":"https:\/\/culturalizabh.com.br\/index.php\/wp-json\/wp\/v2\/tags?post=766"}],"curies":[{"name":"wp","href":"https:\/\/api.w.org\/{rel}","templated":true}]}}