{"id":6873,"date":"2017-07-20T14:16:53","date_gmt":"2017-07-20T17:16:53","guid":{"rendered":"http:\/\/culturalizabh.com.br\/?p=6873"},"modified":"2017-07-20T14:16:53","modified_gmt":"2017-07-20T17:16:53","slug":"show-de-roberta-brasileiro-e-patrick-blancos-no-cine-theatro-brasil-vallourec","status":"publish","type":"post","link":"https:\/\/culturalizabh.com.br\/index.php\/2017\/07\/20\/show-de-roberta-brasileiro-e-patrick-blancos-no-cine-theatro-brasil-vallourec\/","title":{"rendered":"Show de Roberta Brasileiro e Patrick Blancos no Cine Theatro Brasil Vallourec"},"content":{"rendered":"<p style=\"text-align: left\"><span style=\"color: #000000\">Com espet\u00e1culo totalmente ac\u00fastico <strong>Roberta Brasileiro<\/strong> e <strong>Patrick Blancos<\/strong> apresentam um show duo que promete emocionar a plateia. Que contar\u00e1 ainda com a participa\u00e7\u00e3o do m\u00fasico <strong>Leo Eymard<\/strong>, vencedor do Concurso de Viola do programa Terra de Minas da Rede Globo.<\/span><\/p>\n<p style=\"text-align: left\">\u00a0<\/p>\n<p style=\"text-align: left\"><span style=\"color: #000000\">Cantora e compositora <strong>Roberta Brasileiro<\/strong>, nome de destaque da cena musical independente, mostra uma diversidade de estilos que mesclam pop, indie e cult, al\u00e9m de ser grande admiradora de nomes brasileiros como Marisa Monte, Djavan, Nando Reis entre tantos outros. J\u00e1 <strong>Patrick Blancos<\/strong> natural do Mato Grosso do Sul, formou \u2013 se em BH, onde se especializou em guitarra no jazz, depois come\u00e7ou a desenvolver canto e composi\u00e7\u00e3o.<\/span><\/p>\n<p style=\"text-align: left\">\u00a0<\/p>\n<p style=\"text-align: left\"><span style=\"color: #000000\"><strong>\u00a0Brasileiro<\/strong> explica que a inten\u00e7\u00e3o \u00e9 investir em sua carreira solo com suas pr\u00f3prias composi\u00e7\u00f5es em parceria com amigos que dividem o mesmo sentimento e vis\u00e3o de mundo da dupla, e apresentar ao p\u00fablico mineiro, novas vers\u00f5es de m\u00fasicas de outros artistas.<\/span><\/p>\n<p style=\"text-align: left\">\u00a0<\/p>\n<p style=\"text-align: left\"><span style=\"color: #000000\">Informa\u00e7\u00f5es sobre o evento:<\/span><\/p>\n<p style=\"text-align: left\"><span style=\"color: #000000\"><strong>Roberta Brasileiro e Patrick Blancos apresentam o show &#8220;Duo&#8221;<\/strong><\/span><\/p>\n<p style=\"text-align: left\"><span style=\"color: #000000\"><strong>Quando<\/strong>: 26 de julho<\/span><\/p>\n<p style=\"text-align: left\"><span style=\"color: #000000\"><strong>Hora:<\/strong> 20 horas<\/span><\/p>\n<p style=\"text-align: left\"><span style=\"color: #000000\"><strong>Onde<\/strong>: Teatro de C\u00e2mara do Cine Theatro Brasil Vallourec &#8211; Av. Amazonas, 315, Centro<\/span><\/p>\n<p style=\"text-align: left\"><span style=\"color: #000000\"><strong>Ingressos: <\/strong>R$40,00 Inteira<\/span><\/p>\n<p style=\"text-align: left\"><span style=\"color: #000000\">1 Kg de alimento ou um agasalho \u2013 Meia Entrada<\/span><\/p>\n","protected":false},"excerpt":{"rendered":"<p>Com espet\u00e1culo totalmente ac\u00fastico Roberta Brasileiro e Patrick Blancos apresentam um show duo que promete emocionar a plateia. Que contar\u00e1 ainda com a participa\u00e7\u00e3o do m\u00fasico Leo Eymard, vencedor do Concurso de Viola do programa Terra de Minas da Rede Globo. \u00a0 Cantora e compositora Roberta Brasileiro, nome de destaque da cena musical independente, mostra [&hellip;]<\/p>\n","protected":false},"author":22,"featured_media":0,"comment_status":"open","ping_status":"closed","sticky":false,"template":"","format":"standard","meta":{"jetpack_post_was_ever_published":false,"_jetpack_newsletter_access":"","_jetpack_dont_email_post_to_subs":false,"_jetpack_newsletter_tier_id":0,"_jetpack_memberships_contains_paywalled_content":false,"_jetpack_memberships_contains_paid_content":false,"footnotes":"","jetpack_publicize_message":"","jetpack_publicize_feature_enabled":true,"jetpack_social_post_already_shared":true,"jetpack_social_options":{"image_generator_settings":{"template":"highway","enabled":false},"version":2}},"categories":[1,14,34,18,6],"tags":[2005,2006],"class_list":["post-6873","post","type-post","status-publish","format-standard","hentry","category-culturaliza","category-dicas","category-diversao","category-musica","category-shows","tag-boa-musica","tag-show-duo"],"jetpack_publicize_connections":[],"jetpack_featured_media_url":"","jetpack_sharing_enabled":true,"jetpack_shortlink":"https:\/\/wp.me\/p864jz-1MR","_links":{"self":[{"href":"https:\/\/culturalizabh.com.br\/index.php\/wp-json\/wp\/v2\/posts\/6873","targetHints":{"allow":["GET"]}}],"collection":[{"href":"https:\/\/culturalizabh.com.br\/index.php\/wp-json\/wp\/v2\/posts"}],"about":[{"href":"https:\/\/culturalizabh.com.br\/index.php\/wp-json\/wp\/v2\/types\/post"}],"author":[{"embeddable":true,"href":"https:\/\/culturalizabh.com.br\/index.php\/wp-json\/wp\/v2\/users\/22"}],"replies":[{"embeddable":true,"href":"https:\/\/culturalizabh.com.br\/index.php\/wp-json\/wp\/v2\/comments?post=6873"}],"version-history":[{"count":1,"href":"https:\/\/culturalizabh.com.br\/index.php\/wp-json\/wp\/v2\/posts\/6873\/revisions"}],"predecessor-version":[{"id":6875,"href":"https:\/\/culturalizabh.com.br\/index.php\/wp-json\/wp\/v2\/posts\/6873\/revisions\/6875"}],"wp:attachment":[{"href":"https:\/\/culturalizabh.com.br\/index.php\/wp-json\/wp\/v2\/media?parent=6873"}],"wp:term":[{"taxonomy":"category","embeddable":true,"href":"https:\/\/culturalizabh.com.br\/index.php\/wp-json\/wp\/v2\/categories?post=6873"},{"taxonomy":"post_tag","embeddable":true,"href":"https:\/\/culturalizabh.com.br\/index.php\/wp-json\/wp\/v2\/tags?post=6873"}],"curies":[{"name":"wp","href":"https:\/\/api.w.org\/{rel}","templated":true}]}}