{"id":5482,"date":"2017-06-07T00:18:26","date_gmt":"2017-06-07T03:18:26","guid":{"rendered":"http:\/\/culturalizabh.com.br\/?p=5482"},"modified":"2017-06-07T00:39:35","modified_gmt":"2017-06-07T03:39:35","slug":"heberte-almeida-apresenta-o-show-negro-amor-no-proximo-dia-9","status":"publish","type":"post","link":"https:\/\/culturalizabh.com.br\/index.php\/2017\/06\/07\/heberte-almeida-apresenta-o-show-negro-amor-no-proximo-dia-9\/","title":{"rendered":"Heberte Almeida apresenta o show Negro Amor, no pr\u00f3ximo dia 9"},"content":{"rendered":"<p style=\"text-align: left\"><span style=\"color: #000000\">Uma mistura de caf\u00e9 e m\u00fasica. No dia 9 de junho, \u00e0s 19h, o cantor e compositor mineiro <strong>Heberte Almeida<\/strong> apresenta seu novo show <strong>Negro Amor<\/strong>, \u00e1s 19h, no<strong>\u00a0Caf\u00e9 do Museu das Minas e do Metal<\/strong>. No repert\u00f3rio, can\u00e7\u00f5es autorais in\u00e9ditas, vers\u00f5es ac\u00fasticas dos trabalhos de suas bandas e releituras de novos nomes e artistas consagrados do samba, samba-rock, soul e rap.<\/span><\/p>\n<p style=\"text-align: left\">\u00a0<\/p>\n<p style=\"text-align: left\"><span style=\"color: #000000\">Em <strong>Negro Amor<\/strong>, o m\u00fasico privilegia sonoridades e tem\u00e1ticas relacionadas \u00e0 m\u00fasica negra brasileira e norte-americana. O show ter\u00e1 as participa\u00e7\u00f5es do rapper Roger Deff, da cantora Vi Coelho, integrante do Coletivo Negras Autoras, de Gleison Junio e Marcos Chagas, do Projeto Manobra e do duo de sambistas Ana Cristina e William Brigolini.<\/span><\/p>\n<p style=\"text-align: left\">\u00a0<\/p>\n<p style=\"text-align: left\"><span style=\"color: #000000\"><strong>Heberte Almeida apresenta o show Negro Amor<\/strong><\/span><\/p>\n<p style=\"text-align: left\"><span style=\"color: #000000\"><strong>Quando: <\/strong>9 de junho<\/span><\/p>\n<p style=\"text-align: left\"><span style=\"color: #000000\"><strong>Horas:<\/strong> 19h<\/span><\/p>\n<p style=\"text-align: left\"><span style=\"color: #000000\"><strong>Onde:<\/strong> Caf\u00e9 do Museu das Minas e do Metal \u2013 Pra\u00e7a da Liberdade S\/N\u00ba<\/span><\/p>\n<p style=\"text-align: left\"><span style=\"color: #000000\"><strong>Entrada: <\/strong>R$ 5,00 (couvert).<\/span><\/p>\n<p style=\"text-align: left\"><span style=\"color: #000000\"><strong>Informa\u00e7\u00f5es: <\/strong>(31) 3516-7227 \/ 3516-7213<\/span><\/p>\n","protected":false},"excerpt":{"rendered":"<p>Uma mistura de caf\u00e9 e m\u00fasica. No dia 9 de junho, \u00e0s 19h, o cantor e compositor mineiro Heberte Almeida apresenta seu novo show Negro Amor, \u00e1s 19h, no\u00a0Caf\u00e9 do Museu das Minas e do Metal. No repert\u00f3rio, can\u00e7\u00f5es autorais in\u00e9ditas, vers\u00f5es ac\u00fasticas dos trabalhos de suas bandas e releituras de novos nomes e artistas [&hellip;]<\/p>\n","protected":false},"author":33,"featured_media":5488,"comment_status":"open","ping_status":"closed","sticky":false,"template":"","format":"standard","meta":{"jetpack_post_was_ever_published":false,"_jetpack_newsletter_access":"","_jetpack_dont_email_post_to_subs":true,"_jetpack_newsletter_tier_id":0,"_jetpack_memberships_contains_paywalled_content":false,"_jetpack_memberships_contains_paid_content":false,"footnotes":"","jetpack_publicize_message":"","jetpack_publicize_feature_enabled":true,"jetpack_social_post_already_shared":true,"jetpack_social_options":{"image_generator_settings":{"template":"highway","enabled":false},"version":2}},"categories":[1,2,18,6],"tags":[1606,1607,1608,154],"class_list":["post-5482","post","type-post","status-publish","format-standard","has-post-thumbnail","hentry","category-culturaliza","category-eventos","category-musica","category-shows","tag-cafe-do-museu-das-minas-e-do-metal","tag-heberte-almeida","tag-negro-amor","tag-praca-da-liberdade"],"jetpack_publicize_connections":[],"jetpack_featured_media_url":"https:\/\/culturalizabh.com.br\/wp-content\/uploads\/2017\/06\/Divulga\u00e7\u00e3o-2-Simone-Moura-2.jpg","jetpack_sharing_enabled":true,"jetpack_shortlink":"https:\/\/wp.me\/p864jz-1qq","_links":{"self":[{"href":"https:\/\/culturalizabh.com.br\/index.php\/wp-json\/wp\/v2\/posts\/5482","targetHints":{"allow":["GET"]}}],"collection":[{"href":"https:\/\/culturalizabh.com.br\/index.php\/wp-json\/wp\/v2\/posts"}],"about":[{"href":"https:\/\/culturalizabh.com.br\/index.php\/wp-json\/wp\/v2\/types\/post"}],"author":[{"embeddable":true,"href":"https:\/\/culturalizabh.com.br\/index.php\/wp-json\/wp\/v2\/users\/33"}],"replies":[{"embeddable":true,"href":"https:\/\/culturalizabh.com.br\/index.php\/wp-json\/wp\/v2\/comments?post=5482"}],"version-history":[{"count":2,"href":"https:\/\/culturalizabh.com.br\/index.php\/wp-json\/wp\/v2\/posts\/5482\/revisions"}],"predecessor-version":[{"id":5485,"href":"https:\/\/culturalizabh.com.br\/index.php\/wp-json\/wp\/v2\/posts\/5482\/revisions\/5485"}],"wp:featuredmedia":[{"embeddable":true,"href":"https:\/\/culturalizabh.com.br\/index.php\/wp-json\/wp\/v2\/media\/5488"}],"wp:attachment":[{"href":"https:\/\/culturalizabh.com.br\/index.php\/wp-json\/wp\/v2\/media?parent=5482"}],"wp:term":[{"taxonomy":"category","embeddable":true,"href":"https:\/\/culturalizabh.com.br\/index.php\/wp-json\/wp\/v2\/categories?post=5482"},{"taxonomy":"post_tag","embeddable":true,"href":"https:\/\/culturalizabh.com.br\/index.php\/wp-json\/wp\/v2\/tags?post=5482"}],"curies":[{"name":"wp","href":"https:\/\/api.w.org\/{rel}","templated":true}]}}