{"id":49153,"date":"2026-09-04T15:50:29","date_gmt":"2026-09-04T18:50:29","guid":{"rendered":"https:\/\/culturalizabh.com.br\/?p=49153"},"modified":"2026-09-04T15:50:29","modified_gmt":"2026-09-04T18:50:29","slug":"lauana-prado-anuncia-retorno-do-projeto-raiz-com-edicao-especial-em-belo-horizonte","status":"publish","type":"post","link":"https:\/\/culturalizabh.com.br\/index.php\/2026\/09\/04\/lauana-prado-anuncia-retorno-do-projeto-raiz-com-edicao-especial-em-belo-horizonte\/","title":{"rendered":"Lauana Prado anuncia retorno do projeto &#8220;Raiz&#8221; com edi\u00e7\u00e3o especial em Belo Horizonte"},"content":{"rendered":"<p style=\"text-align: left;\"><strong>Lauana Prado &#8211; Divulga\u00e7\u00e3o.<\/strong><\/p>\n<p style=\"text-align: left;\">\n<p style=\"text-align: center;\"><strong><i>Ap\u00f3s o nascimento do primeiro filho, Dom, cantora retoma com a festa mais RAIZ do Brasil no dia 5 de dezembro<\/i><\/strong><\/p>\n<div><center>\u00a0<\/center><\/p>\n<p style=\"text-align: left;\">Lauana Prado j\u00e1 tem data marcada para voltar aos palcos com um dos projetos de maior sucesso de sua carreira. Ap\u00f3s o nascimento de seu primeiro filho, Dom, a cantora anunciou o retorno do \u201cRaiz\u201d, label que une m\u00fasica sertaneja, experi\u00eancia imersiva e celebra\u00e7\u00e3o das ra\u00edzes do g\u00eanero. A pr\u00f3xima edi\u00e7\u00e3o ser\u00e1 realizada em Belo Horizonte, capital mineira, no dia 5 de dezembro.<\/p>\n<p style=\"text-align: left;\"><img decoding=\"async\" src=\"https:\/\/ci3.googleusercontent.com\/meips\/ADKq_NbYDkubn2tjlSXg7yDZuS2oRLlxnKzNdzmKrFjjIqFk_VBy9cudehm3FqP3RKKvak8p5cB1UTcHOJLN_gB7v9rhnl-Fxj-iEnlP-vaqlFuZNJEKki9G9ZOqXQQonM2i19fF0q76bzmelYcjYPar9iDdbBJ4rVf3H6SllEgZMw4DDrUWfsVfqgNFsI_49zQ7LUvAjE16hCnImwHqutnh=s0-d-e1-ft#https:\/\/files.pressmanager.net\/clientes\/67dd844a69e08263976a65f343f9b4e0\/imagens\/2026\/09\/04\/0274e040e91d78c0e366170c1753aeb9_medium.jpg\" alt=\"\" width=\"200\" align=\"right\" hspace=\"10\" vspace=\"10\" \/>Conhecida como \u201cA Festa Mais RAIZ do Brasil\u201d, a label \u00e9 idealizada e comandada por Lauana Prado e nasceu a partir do sucesso de seus trabalhos dedicados \u00e0s regrava\u00e7\u00f5es de grandes cl\u00e1ssicos do sertanejo, como o \u201c<em>Raiz ao Vivo em S\u00e3o Paulo\u201d<\/em>, o \u201c<em>Raiz Goi\u00e2nia\u201d\u00a0<\/em>e, mais recentemente, o DVD \u201c<em>Raiz Ao Vivo em Belo Horizonte\u201d<\/em>, gravado em maio de 2025 no Mineir\u00e3o. O projeto reuniu mais de 12 mil pessoas e contou com grandes participa\u00e7\u00f5es, entre elas Murilo Huff, Paula Fernandes, Elba Ramalho, Zez\u00e9 Di Camargo, Diego &amp; Victor Hugo, Roberta Miranda e a dupla Gian &amp; Giovani.Ao longo de sua trajet\u00f3ria, o projeto passou por diferentes capitais e grandes cidades brasileiras, reunindo uma legi\u00e3o de f\u00e3s.<\/p>\n<p style=\"text-align: left;\">As apresenta\u00e7\u00f5es do\u00a0<em>Raiz\u00a0<\/em>s\u00e3o marcadas por longas horas de m\u00fasica, com um repert\u00f3rio que re\u00fane grandes sucessos da carreira de Lauana e uma experi\u00eancia que combina estrutura e cenografia tem\u00e1ticas. O projeto j\u00e1 soma mais de 10 bilh\u00f5es de streams nas plataformas de \u00e1udio e redes sociais, al\u00e9m de contribuir para levar a m\u00fasica sertaneja a novos p\u00fablicos e gera\u00e7\u00f5es.<\/p>\n<p style=\"text-align: left;\">Para os f\u00e3s que j\u00e1 est\u00e3o ansiosos para viver essa experi\u00eancia novamente, a espera est\u00e1 chegando ao fim: os ingressos para o \u201cRaiz\u201d em Belo Horizonte come\u00e7am a ser vendidos no dia 15 de setembro, pela Sympla. Os detalhes sobre a venda e o evento poder\u00e3o ser acompanhados no perfil oficial do projeto, @lauanapradoraiz, no Instagram.<\/p>\n<p style=\"text-align: left;\">O an\u00fancio do retorno do \u201cRaiz\u201d acontece um m\u00eas ap\u00f3s o nascimento de Dom. A nova edi\u00e7\u00e3o do projeto inaugura uma nova fase da artista, que agora concilia a carreira com a maternidade, sem deixar de lado a ess\u00eancia que consagrou a label.<\/p>\n<\/div>\n","protected":false},"excerpt":{"rendered":"<p>Lauana Prado &#8211; Divulga\u00e7\u00e3o. Ap\u00f3s o nascimento do primeiro filho, Dom, cantora retoma com a festa mais RAIZ do Brasil no dia 5 de dezembro \u00a0 Lauana Prado j\u00e1 tem data marcada para voltar aos palcos com um dos projetos de maior sucesso de sua carreira. Ap\u00f3s o nascimento de seu primeiro filho, Dom, a [&hellip;]<\/p>\n","protected":false},"author":28,"featured_media":49154,"comment_status":"closed","ping_status":"closed","sticky":true,"template":"","format":"standard","meta":{"jetpack_post_was_ever_published":false,"_jetpack_newsletter_access":"","_jetpack_dont_email_post_to_subs":false,"_jetpack_newsletter_tier_id":0,"_jetpack_memberships_contains_paywalled_content":false,"_jetpack_memberships_contains_paid_content":false,"footnotes":"","jetpack_publicize_message":"","jetpack_publicize_feature_enabled":true,"jetpack_social_post_already_shared":true,"jetpack_social_options":{"image_generator_settings":{"template":"highway","enabled":false},"version":2}},"categories":[1,19,14,34,18],"tags":[],"class_list":["post-49153","post","type-post","status-publish","format-standard","has-post-thumbnail","hentry","category-culturaliza","category-destaque","category-dicas","category-diversao","category-musica"],"jetpack_publicize_connections":[],"jetpack_featured_media_url":"https:\/\/culturalizabh.com.br\/wp-content\/uploads\/2026\/09\/Screenshot_20260904-153139_Fotos.png","jetpack_sharing_enabled":true,"jetpack_shortlink":"https:\/\/wp.me\/p864jz-cMN","_links":{"self":[{"href":"https:\/\/culturalizabh.com.br\/index.php\/wp-json\/wp\/v2\/posts\/49153","targetHints":{"allow":["GET"]}}],"collection":[{"href":"https:\/\/culturalizabh.com.br\/index.php\/wp-json\/wp\/v2\/posts"}],"about":[{"href":"https:\/\/culturalizabh.com.br\/index.php\/wp-json\/wp\/v2\/types\/post"}],"author":[{"embeddable":true,"href":"https:\/\/culturalizabh.com.br\/index.php\/wp-json\/wp\/v2\/users\/28"}],"replies":[{"embeddable":true,"href":"https:\/\/culturalizabh.com.br\/index.php\/wp-json\/wp\/v2\/comments?post=49153"}],"version-history":[{"count":1,"href":"https:\/\/culturalizabh.com.br\/index.php\/wp-json\/wp\/v2\/posts\/49153\/revisions"}],"predecessor-version":[{"id":49155,"href":"https:\/\/culturalizabh.com.br\/index.php\/wp-json\/wp\/v2\/posts\/49153\/revisions\/49155"}],"wp:featuredmedia":[{"embeddable":true,"href":"https:\/\/culturalizabh.com.br\/index.php\/wp-json\/wp\/v2\/media\/49154"}],"wp:attachment":[{"href":"https:\/\/culturalizabh.com.br\/index.php\/wp-json\/wp\/v2\/media?parent=49153"}],"wp:term":[{"taxonomy":"category","embeddable":true,"href":"https:\/\/culturalizabh.com.br\/index.php\/wp-json\/wp\/v2\/categories?post=49153"},{"taxonomy":"post_tag","embeddable":true,"href":"https:\/\/culturalizabh.com.br\/index.php\/wp-json\/wp\/v2\/tags?post=49153"}],"curies":[{"name":"wp","href":"https:\/\/api.w.org\/{rel}","templated":true}]}}