{"id":49146,"date":"2026-09-03T22:38:14","date_gmt":"2026-09-04T01:38:14","guid":{"rendered":"https:\/\/culturalizabh.com.br\/?p=49146"},"modified":"2026-09-03T22:38:14","modified_gmt":"2026-09-04T01:38:14","slug":"o-mercador-de-veneza-de-shakespeare-com-dan-stulbach-chega-a-bh","status":"publish","type":"post","link":"https:\/\/culturalizabh.com.br\/index.php\/2026\/09\/03\/o-mercador-de-veneza-de-shakespeare-com-dan-stulbach-chega-a-bh\/","title":{"rendered":"O Mercador de Veneza de Shakespeare, com Dan Stulbach, chega a BH!"},"content":{"rendered":"<p style=\"text-align: left;\">O espet\u00e1culo teatral, <strong>O <em>Mercador de Veneza<\/em><\/strong>, do dramaturgo ingl\u00eas <strong>William Shakespeare<\/strong> (1564-1616), j\u00e1 \u00e9 um sucesso em BH. Ap\u00f3s abrir sess\u00f5es extras, o aguardado espet\u00e1culo acontece neste fim de semana, na capital mineira.<\/p>\n<p>&nbsp;<\/p>\n<p style=\"text-align: left;\">A montagem estar\u00e1 no <strong>Grande Teatro Cemig Pal\u00e1cio das Artes<\/strong> nos d<strong>ias 5 e 6 de setembro<\/strong>, s\u00e1bado, \u00e0s 16h (sess\u00e3o extra) e 20h, e domingo, \u00e0s 11h (sess\u00e3o extra) e \u00e0s 18h. A pe\u00e7a tem dire\u00e7\u00e3o de <strong>Daniela Stirbulov <\/strong>e \u00e9 protagonizada por <strong>Dan Stulbach <\/strong>que d\u00e1 vida ao marcante agiota Shylock em atua\u00e7\u00e3o deslumbrante.<\/p>\n<p>&nbsp;<\/p>\n<p>&nbsp;<\/p>\n<figure id=\"attachment_49023\" aria-describedby=\"caption-attachment-49023\" style=\"width: 300px\" class=\"wp-caption aligncenter\"><img loading=\"lazy\" decoding=\"async\" class=\"size-medium wp-image-49023\" src=\"https:\/\/culturalizabh.com.br\/wp-content\/uploads\/2026\/08\/Igor-Dallegrave-6-300x200.jpg\" alt=\"\" width=\"300\" height=\"200\" srcset=\"https:\/\/culturalizabh.com.br\/wp-content\/uploads\/2026\/08\/Igor-Dallegrave-6-300x200.jpg 300w, https:\/\/culturalizabh.com.br\/wp-content\/uploads\/2026\/08\/Igor-Dallegrave-6-1024x683.jpg 1024w, https:\/\/culturalizabh.com.br\/wp-content\/uploads\/2026\/08\/Igor-Dallegrave-6-768x512.jpg 768w, https:\/\/culturalizabh.com.br\/wp-content\/uploads\/2026\/08\/Igor-Dallegrave-6-1536x1024.jpg 1536w, https:\/\/culturalizabh.com.br\/wp-content\/uploads\/2026\/08\/Igor-Dallegrave-6-2048x1365.jpg 2048w\" sizes=\"auto, (max-width: 300px) 100vw, 300px\" \/><figcaption id=\"caption-attachment-49023\" class=\"wp-caption-text\">Foto: Igor Dallegrave<\/figcaption><\/figure>\n<p>&nbsp;<\/p>\n<p>&nbsp;<\/p>\n<p style=\"text-align: left;\">A trama acompanha Ant\u00f4nio, um mercador que contrai uma d\u00edvida com o agiota judeu Shylock para ajudar seu amigo Bass\u00e2nio. Como garantia, Ant\u00f4nio afian\u00e7a uma libra de sua pr\u00f3pria carne. O n\u00e3o pagamento da d\u00edvida desencadeia um julgamento dram\u00e1tico, colocando em pauta temas como justi\u00e7a e preconceito. O espet\u00e1culo transporta a trama da It\u00e1lia do s\u00e9culo XVI para um cen\u00e1rio contempor\u00e2neo, onde quest\u00f5es como antissemitismo, preconceito racial e as guerras motivadas pelo capital ganham mais for\u00e7a. Nesta montagem, Shylock \u00e9 elevado a protagonista, e a hist\u00f3ria \u00e9 narrada a partir de seu ponto de vista.<\/p>\n<p>&nbsp;<\/p>\n<p>&nbsp;<\/p>\n<p style=\"text-align: left;\"><span style=\"color: #ff6600;\"><strong><em>Musical oficial \u201cOs Saltimbancos\u201dDe Carlos Gradim no Grande Teatro do Sesc Palladium<\/em><\/strong><\/span><\/p>\n<p style=\"text-align: left;\">No\u00a0pr\u00f3ximo final de semana, s\u00e1bado e domingo (5 e 6 de agosto)\u00a0acontecem as apresenta\u00e7\u00f5es do espet\u00e1culo\u00a0<strong>\u201cOs Saltimbancos\u201d,<\/strong> musical criado e dirigido por Carlos Gradim,\u00a0no\u00a0<strong>Grande Teatro do Sesc Palladium<\/strong>.<\/p>\n<p>&nbsp;<\/p>\n<p>&nbsp;<\/p>\n<p style=\"text-align: left;\"><span style=\"color: #ff6600;\"><strong><em>2\u00ba Circuito de Turismo Rural re\u00fane cinco viv\u00eancias em Brumadinho<\/em><\/strong><\/span><\/p>\n<p style=\"text-align: left;\"><strong>Brumadinho <\/strong>recebe, nos dias 5 e 6 de setembro, s\u00e1bado e domingo,\u00a0 a <strong>2\u00aa Edi\u00e7\u00e3o do Circuito de Turismo Rural de Brumadinho<\/strong>. A iniciativa integra o cat\u00e1logo C\u00e9u de Montanhas e faz parte do Programa de Fomento ao Turismo Sustent\u00e1vel no munic\u00edpio, desenvolvido pela Vale em parceria com o Instituto Rede Terra.<\/p>\n<p>&nbsp;<\/p>\n<p>&nbsp;<\/p>\n<p style=\"text-align: left;\"><span style=\"color: #ff6600;\"><strong><em>&#8220;Emicida Racional MCMV Tour\u201d, nova turn\u00ea do rapper Emicida chega a BH<\/em><\/strong><\/span><\/p>\n<p style=\"text-align: left;\">O rapper <strong>Emicida <\/strong>chega a Belo Horizonte com a sua nova turn\u00ea <strong>\u201cEmicida Racional MCMV Tour\u201d<\/strong>, no dia 05 de setembro, s\u00e1bado, \u00e0s 21 horas, no Arena Hall (antigo BeFly Hall), que trar\u00e1 a experi\u00eancia do novo \u00e1lbum Emicida Racional VL 2 \u2013 Mesmas Cores &amp; Mesmos Valores para o palco.<\/p>\n<p>&nbsp;<\/p>\n<p>&nbsp;<\/p>\n<p style=\"text-align: left;\"><span style=\"color: #ff6600;\"><strong><em>Marcelo Serrado apresenta espet\u00e1culo &#8220;Terapia&#8221; em Belo Horizonte<\/em><\/strong><\/span><\/p>\n<p style=\"text-align: left;\">Depois de conquistar o p\u00fablico com seu humor afiado e personagens marcantes na televis\u00e3o e no teatro, <strong>Marcelo Serrado<\/strong> desembarca em Belo Horizonte com o espet\u00e1culo <strong>&#8220;Terapia&#8221;,<\/strong> uma com\u00e9dia que transforma crises, neuroses e situa\u00e7\u00f5es do cotidiano em uma experi\u00eancia divertida e surpreendentemente \u00edntima. As apresenta\u00e7\u00f5es acontecem nos dias 5 e 6 de setembro, no <strong>Cine Theatro Brasil<\/strong>.<\/p>\n","protected":false},"excerpt":{"rendered":"<p>O espet\u00e1culo teatral, O Mercador de Veneza, do dramaturgo ingl\u00eas William Shakespeare (1564-1616), j\u00e1 \u00e9 um sucesso em BH. Ap\u00f3s abrir sess\u00f5es extras, o aguardado espet\u00e1culo acontece neste fim de semana, na capital mineira. &nbsp; A montagem estar\u00e1 no Grande Teatro Cemig Pal\u00e1cio das Artes nos dias 5 e 6 de setembro, s\u00e1bado, \u00e0s 16h [&hellip;]<\/p>\n","protected":false},"author":22,"featured_media":49023,"comment_status":"closed","ping_status":"closed","sticky":true,"template":"","format":"standard","meta":{"jetpack_post_was_ever_published":false,"_jetpack_newsletter_access":"","_jetpack_dont_email_post_to_subs":false,"_jetpack_newsletter_tier_id":0,"_jetpack_memberships_contains_paywalled_content":false,"_jetpack_memberships_contains_paid_content":false,"footnotes":"","jetpack_publicize_message":"","jetpack_publicize_feature_enabled":true,"jetpack_social_post_already_shared":true,"jetpack_social_options":{"image_generator_settings":{"template":"highway","enabled":false},"version":2}},"categories":[9902,1,11532,34],"tags":[39,425,2335,248],"class_list":["post-49146","post","type-post","status-publish","format-standard","has-post-thumbnail","hentry","category-belo-horizonte","category-culturaliza","category-dica-cultural","category-diversao","tag-bh","tag-culturalizabh","tag-emicida","tag-sesc-palladium"],"jetpack_publicize_connections":[],"jetpack_featured_media_url":"https:\/\/culturalizabh.com.br\/wp-content\/uploads\/2026\/08\/Igor-Dallegrave-6-scaled.jpg","jetpack_sharing_enabled":true,"jetpack_shortlink":"https:\/\/wp.me\/p864jz-cMG","_links":{"self":[{"href":"https:\/\/culturalizabh.com.br\/index.php\/wp-json\/wp\/v2\/posts\/49146","targetHints":{"allow":["GET"]}}],"collection":[{"href":"https:\/\/culturalizabh.com.br\/index.php\/wp-json\/wp\/v2\/posts"}],"about":[{"href":"https:\/\/culturalizabh.com.br\/index.php\/wp-json\/wp\/v2\/types\/post"}],"author":[{"embeddable":true,"href":"https:\/\/culturalizabh.com.br\/index.php\/wp-json\/wp\/v2\/users\/22"}],"replies":[{"embeddable":true,"href":"https:\/\/culturalizabh.com.br\/index.php\/wp-json\/wp\/v2\/comments?post=49146"}],"version-history":[{"count":1,"href":"https:\/\/culturalizabh.com.br\/index.php\/wp-json\/wp\/v2\/posts\/49146\/revisions"}],"predecessor-version":[{"id":49147,"href":"https:\/\/culturalizabh.com.br\/index.php\/wp-json\/wp\/v2\/posts\/49146\/revisions\/49147"}],"wp:featuredmedia":[{"embeddable":true,"href":"https:\/\/culturalizabh.com.br\/index.php\/wp-json\/wp\/v2\/media\/49023"}],"wp:attachment":[{"href":"https:\/\/culturalizabh.com.br\/index.php\/wp-json\/wp\/v2\/media?parent=49146"}],"wp:term":[{"taxonomy":"category","embeddable":true,"href":"https:\/\/culturalizabh.com.br\/index.php\/wp-json\/wp\/v2\/categories?post=49146"},{"taxonomy":"post_tag","embeddable":true,"href":"https:\/\/culturalizabh.com.br\/index.php\/wp-json\/wp\/v2\/tags?post=49146"}],"curies":[{"name":"wp","href":"https:\/\/api.w.org\/{rel}","templated":true}]}}