{"id":49142,"date":"2026-09-03T11:33:37","date_gmt":"2026-09-03T14:33:37","guid":{"rendered":"https:\/\/culturalizabh.com.br\/?p=49142"},"modified":"2026-09-03T11:33:37","modified_gmt":"2026-09-03T14:33:37","slug":"pedro-leopoldo-rodeio-show-2027-abre-venda-do-passaporte-no-escuro-por-apenas-72-horas","status":"publish","type":"post","link":"https:\/\/culturalizabh.com.br\/index.php\/2026\/09\/03\/pedro-leopoldo-rodeio-show-2027-abre-venda-do-passaporte-no-escuro-por-apenas-72-horas\/","title":{"rendered":"Pedro Leopoldo Rodeio Show 2027 abre venda do Passaporte no Escuro por apenas 72 horas"},"content":{"rendered":"<p style=\"text-align: left;\"><strong>Show do Gusttavo Lima no Pedro Leopoldo Rodeio Show 2026 &#8211; Phillipe Guimar\u00e3es.<\/strong><\/p>\n<p style=\"text-align: center;\"><strong><i>F\u00e3 PLRS raiz poder\u00e1 garantir as quatro noites da 22\u00aa edi\u00e7\u00e3o em uma condi\u00e7\u00e3o exclusiva; a grade de shows ainda ser\u00e1 revelada, mas a emo\u00e7\u00e3o, o p\u00fablico j\u00e1 conhece h\u00e1 mais de duas d\u00e9cadas<\/i><\/strong><\/p>\n<div>\n<div style=\"text-align: left;\"><\/div>\n<div style=\"text-align: left;\"><\/div>\n<div style=\"text-align: left;\">O Pedro Leopoldo Rodeio Show (PLRS) abre no dia 15 de setembro, ter\u00e7a-feira, a partir das 12h, a venda do Passaporte PLRS 2027 \u201cno escuro\u201d, que garante acesso \u00e0s quatro noites da 22\u00aa edi\u00e7\u00e3o do festival \u2014 04, 05, 11 e 12 de junho de 2027, no Parque da M\u00fasica, em Pedro Leopoldo\/MG. Leonardo j\u00e1 est\u00e1 confirmado entre as atra\u00e7\u00f5es do pr\u00f3ximo ano.<\/div>\n<div style=\"text-align: left;\"><\/div>\n<div style=\"text-align: left;\"><img decoding=\"async\" src=\"https:\/\/ci3.googleusercontent.com\/meips\/ADKq_NbsYat1dXURQHMNMFsLs-79P5DvLNCAallnDnmvpMFTLpvVt6pvgzbXFcM5vjr-BdD4mwyD41gETDbVx0ok_u9VkLL5FtJdLi-SmxLnsWbRJ4L2FK4KIpHg17usOyrIkOv69TPMhpAr4gWhoZScgsJWPhGlO_PRK2sOapaVstn1K5BJ-0CYFIgrzwwtlS6GO48brsaacWTbLA5Yn500=s0-d-e1-ft#https:\/\/files.pressmanager.net\/clientes\/67dd844a69e08263976a65f343f9b4e0\/imagens\/2026\/06\/15\/f5d00413ec42cc421d0d6117955804a4_medium.jpg\" alt=\"\" width=\"200\" align=\"right\" hspace=\"10\" vspace=\"10\" \/>A oportunidade ficar\u00e1 dispon\u00edvel por apenas 72 horas, com uma condi\u00e7\u00e3o \u00fanica: parcelamento em at\u00e9 8x sem juros e sem taxa administrativa. A condi\u00e7\u00e3o \u00e9 exclusiva desta campanha e n\u00e3o ser\u00e1 repetida nas pr\u00f3ximas etapas de venda do PLRS 2027. Encerrado o per\u00edodo de 72 horas, a pr\u00f3xima abertura de vendas ao p\u00fablico acontecer\u00e1 somente em janeiro de 2027, quando ser\u00e3o disponibilizados os ingressos individuais, em novas condi\u00e7\u00f5es comerciais.<\/div>\n<div style=\"text-align: left;\"><\/div>\n<div style=\"text-align: left;\"><strong>O lineup est\u00e1 no escuro. A experi\u00eancia, n\u00e3o.<\/strong><\/div>\n<div style=\"text-align: left;\"><\/div>\n<div style=\"text-align: left;\">A proposta do Passaporte no Escuro \u00e9 falar diretamente com o f\u00e3 PLRS raiz: aquele que acompanha o evento, conhece sua hist\u00f3ria e confia na experi\u00eancia constru\u00edda ao longo de mais de duas d\u00e9cadas. O lineup completo ainda ser\u00e1 revelado e, como em todas as edi\u00e7\u00f5es, \u00e9 constru\u00eddo a partir de pesquisa, an\u00e1lise de mercado e uma leitura cuidadosa do comportamento e das expectativas do p\u00fablico, com o objetivo de reunir grandes nomes da m\u00fasica nacional e entregar uma programa\u00e7\u00e3o \u00e0 altura de um dos principais festivais do pa\u00eds.<\/div>\n<div style=\"text-align: left;\"><\/div>\n<div style=\"text-align: left;\">Mas o PLRS n\u00e3o come\u00e7a quando o artista sobe ao palco e tamb\u00e9m n\u00e3o termina quando o show acaba. A experi\u00eancia \u00e9 pensada como uma jornada completa. Do acesso ao Parque da M\u00fasica aos diferentes setores, passando pelo palco principal, Talentos da Terra, Welcome, After, estacionamento e heliponto, cada espa\u00e7o \u00e9 planejado para oferecer estrutura, conforto, seguran\u00e7a e servi\u00e7os ao p\u00fablico. Banheiros, bares, bebidas, buffet e diversidade gastron\u00f4mica tamb\u00e9m integram uma opera\u00e7\u00e3o desenhada para receber milhares de pessoas com diferentes perfis e formas de viver o festival. Nas duas \u00faltimas noites, 11 e 12 de junho, a tradi\u00e7\u00e3o do rodeio completa essa experi\u00eancia. As provas na arena acrescentam ainda mais adrenalina e emo\u00e7\u00e3o \u00e0 programa\u00e7\u00e3o, conectando duas for\u00e7as que fazem parte da identidade do festival: os grandes shows e o rodeio.<\/div>\n<div style=\"text-align: left;\"><\/div>\n<div style=\"text-align: left;\">\u201cQuem \u00e9 PLRS raiz sabe que pode garantir primeiro e descobrir depois. O lineup \u00e9 resultado de muita pesquisa e de uma leitura cuidadosa do que o p\u00fablico quer viver, mas o PLRS vai muito al\u00e9m dos grandes artistas nacionais. Pensamos toda a jornada, da chegada ao Parque da M\u00fasica aos shows, \u00e0 adrenalina da arena, aos diferentes espa\u00e7os, \u00e0 gastronomia, ao conforto e aos servi\u00e7os. H\u00e1 mais de duas d\u00e9cadas, nosso compromisso \u00e9 fazer o p\u00fablico chegar de qualquer lugar do Brasil e se surpreender com uma experi\u00eancia cada vez maior e melhor\u201d, afirma Tiago de Brito, CEO do PLRS e um dos principais produtores de grandes eventos do pa\u00eds.<\/div>\n<div style=\"text-align: left;\"><\/div>\n<div style=\"text-align: left;\"><strong>O Brasil se encontra aqui<\/strong><\/div>\n<div style=\"text-align: left;\"><\/div>\n<div style=\"text-align: left;\">O Pedro Leopoldo Rodeio Show \u00e9 um dos maiores festivais de m\u00fasica e rodeio do Brasil e se consolidou como um destino nacional de entretenimento. Realizado no Parque da M\u00fasica, em Pedro Leopoldo\/MG, o evento re\u00fane grandes nomes da m\u00fasica nacional e recebe, ao longo de suas quatro noites, p\u00fablico vindo de mais de 900 cidades brasileiras.<\/div>\n<div style=\"text-align: left;\"><\/div>\n<div style=\"text-align: left;\">Essa diversidade transformou o PLRS em um ponto de encontro de pessoas de diferentes regi\u00f5es do pa\u00eds e ampliou seu impacto para al\u00e9m dos limites do festival. O evento movimenta turismo, hotelaria, gastronomia, com\u00e9rcio e servi\u00e7os e contribui para a proje\u00e7\u00e3o de Pedro Leopoldo no cen\u00e1rio nacional.\u00a0 Mais do que uma programa\u00e7\u00e3o de shows, o festival se consolidou como uma plataforma de entretenimento, turismo, neg\u00f3cios, experi\u00eancias e relacionamento, conectando p\u00fablico, artistas, marcas e a cidade que o recebe.<\/div>\n<div style=\"text-align: left;\"><\/div>\n<div style=\"text-align: left;\"><strong>Servi\u00e7o<\/strong><\/div>\n<div style=\"text-align: left;\"><\/div>\n<div style=\"text-align: left;\"><strong>Pedro Leopoldo Rodeio Show 2027 \u2013 22\u00aa edi\u00e7\u00e3o<\/strong><\/div>\n<div style=\"text-align: left;\"><\/div>\n<div style=\"text-align: left;\"><strong>Datas:<\/strong>\u00a004, 05, 11 e 12 de junho de 2027<\/div>\n<div style=\"text-align: left;\">Local: Parque da M\u00fasica \u2013\u00a0<a href=\"https:\/\/www.google.com\/maps\/search\/Av.+Via+Norte,+2752?entry=gmail&amp;source=g\">Av. Via Norte, 2752<\/a>, Parque Andyara, Pedro Leopoldo\/MG<\/div>\n<div style=\"text-align: left;\"><\/div>\n<div style=\"text-align: left;\"><strong>PASSAPORTE PLRS 2027 \u2013 NO ESCUR<\/strong>O<\/div>\n<div style=\"text-align: left;\">Abertura das vendas: 15 de setembro, \u00e0s 12h<\/div>\n<div style=\"text-align: left;\"><strong>Prazo:<\/strong>\u00a0apenas 72 horas<\/div>\n<div style=\"text-align: left;\"><strong>Acesso:<\/strong>\u00a0v\u00e1lido para as quatro noites do PLRS 2027<\/div>\n<div style=\"text-align: left;\">Condi\u00e7\u00e3o exclusiva: parcelamento em at\u00e9 8x sem juros e sem taxa administrativa<\/div>\n<div style=\"text-align: left;\">Pr\u00f3xima abertura de vendas: somente em janeiro de 2027, com ingressos individuais e novas condi\u00e7\u00f5es comerciais<\/div>\n<div style=\"text-align: left;\"><\/div>\n<div style=\"text-align: left;\"><strong>ESPA\u00c7OS CORPORATIVOS PLRS 2027 \u2013 J\u00c1 \u00c0 VENDA<\/strong><\/div>\n<div style=\"text-align: left;\"><\/div>\n<div style=\"text-align: left;\">Aqui, networking, relacionamento e neg\u00f3cios caminham juntos.<\/div>\n<div style=\"text-align: left;\"><\/div>\n<div style=\"text-align: left;\">Os espa\u00e7os corporativos do PLRS s\u00e3o pensados para empresas e grupos de amigos que desejam viver o festival com exclusividade, conforto e uma experi\u00eancia diferenciada.<\/div>\n<div style=\"text-align: left;\"><\/div>\n<div style=\"text-align: left;\">Lounge Infinity: experi\u00eancia all inclusive, com ampla variedade de bebidas e op\u00e7\u00f5es gastron\u00f4micas.<\/div>\n<div style=\"text-align: left;\"><\/div>\n<div style=\"text-align: left;\">Camarotes Empresariais: espa\u00e7o exclusivo e reservado para o grupo. Os servi\u00e7os de alimenta\u00e7\u00e3o e bebidas s\u00e3o contratados separadamente, permitindo personalizar a experi\u00eancia de acordo com cada necessidade.<\/div>\n<div style=\"text-align: left;\"><\/div>\n<div style=\"text-align: left;\">Grupos: op\u00e7\u00f5es dispon\u00edveis a partir de 10 pessoas.<\/div>\n<div style=\"text-align: left;\"><\/div>\n<div style=\"text-align: left;\">Provas de rodeio: 11 e 12 de junho de 2027<\/div>\n<div style=\"text-align: left;\">Site oficial:\u00a0<a href=\"http:\/\/www.plrs.com.br\/\" target=\"_blank\" rel=\"noopener noreferrer\" data-saferedirecturl=\"https:\/\/www.google.com\/url?q=http:\/\/www.plrs.com.br&amp;source=gmail&amp;ust=1788472398344000&amp;usg=AOvVaw3SejjUUs62MFoB2hb6roLU\">www.plrs.com.br<\/a><\/div>\n<\/div>\n","protected":false},"excerpt":{"rendered":"<p>Show do Gusttavo Lima no Pedro Leopoldo Rodeio Show 2026 &#8211; Phillipe Guimar\u00e3es. F\u00e3 PLRS raiz poder\u00e1 garantir as quatro noites da 22\u00aa edi\u00e7\u00e3o em uma condi\u00e7\u00e3o exclusiva; a grade de shows ainda ser\u00e1 revelada, mas a emo\u00e7\u00e3o, o p\u00fablico j\u00e1 conhece h\u00e1 mais de duas d\u00e9cadas O Pedro Leopoldo Rodeio Show (PLRS) abre no [&hellip;]<\/p>\n","protected":false},"author":28,"featured_media":49144,"comment_status":"closed","ping_status":"closed","sticky":true,"template":"","format":"standard","meta":{"jetpack_post_was_ever_published":false,"_jetpack_newsletter_access":"","_jetpack_dont_email_post_to_subs":false,"_jetpack_newsletter_tier_id":0,"_jetpack_memberships_contains_paywalled_content":false,"_jetpack_memberships_contains_paid_content":false,"footnotes":"","jetpack_publicize_message":"","jetpack_publicize_feature_enabled":true,"jetpack_social_post_already_shared":true,"jetpack_social_options":{"image_generator_settings":{"template":"highway","enabled":false},"version":2}},"categories":[1,19,14,34,2,18],"tags":[],"class_list":["post-49142","post","type-post","status-publish","format-standard","has-post-thumbnail","hentry","category-culturaliza","category-destaque","category-dicas","category-diversao","category-eventos","category-musica"],"jetpack_publicize_connections":[],"jetpack_featured_media_url":"https:\/\/culturalizabh.com.br\/wp-content\/uploads\/2026\/09\/Screenshot_20260903-102302_Fotos-1.png","jetpack_sharing_enabled":true,"jetpack_shortlink":"https:\/\/wp.me\/p864jz-cMC","_links":{"self":[{"href":"https:\/\/culturalizabh.com.br\/index.php\/wp-json\/wp\/v2\/posts\/49142","targetHints":{"allow":["GET"]}}],"collection":[{"href":"https:\/\/culturalizabh.com.br\/index.php\/wp-json\/wp\/v2\/posts"}],"about":[{"href":"https:\/\/culturalizabh.com.br\/index.php\/wp-json\/wp\/v2\/types\/post"}],"author":[{"embeddable":true,"href":"https:\/\/culturalizabh.com.br\/index.php\/wp-json\/wp\/v2\/users\/28"}],"replies":[{"embeddable":true,"href":"https:\/\/culturalizabh.com.br\/index.php\/wp-json\/wp\/v2\/comments?post=49142"}],"version-history":[{"count":1,"href":"https:\/\/culturalizabh.com.br\/index.php\/wp-json\/wp\/v2\/posts\/49142\/revisions"}],"predecessor-version":[{"id":49145,"href":"https:\/\/culturalizabh.com.br\/index.php\/wp-json\/wp\/v2\/posts\/49142\/revisions\/49145"}],"wp:featuredmedia":[{"embeddable":true,"href":"https:\/\/culturalizabh.com.br\/index.php\/wp-json\/wp\/v2\/media\/49144"}],"wp:attachment":[{"href":"https:\/\/culturalizabh.com.br\/index.php\/wp-json\/wp\/v2\/media?parent=49142"}],"wp:term":[{"taxonomy":"category","embeddable":true,"href":"https:\/\/culturalizabh.com.br\/index.php\/wp-json\/wp\/v2\/categories?post=49142"},{"taxonomy":"post_tag","embeddable":true,"href":"https:\/\/culturalizabh.com.br\/index.php\/wp-json\/wp\/v2\/tags?post=49142"}],"curies":[{"name":"wp","href":"https:\/\/api.w.org\/{rel}","templated":true}]}}