{"id":49137,"date":"2026-09-03T10:09:31","date_gmt":"2026-09-03T13:09:31","guid":{"rendered":"https:\/\/culturalizabh.com.br\/?p=49137"},"modified":"2026-09-03T10:10:19","modified_gmt":"2026-09-03T13:10:19","slug":"tata-mendonca-leva-uma-cega-visionaria-a-conselheiro-lafaiete-e-barbacena","status":"publish","type":"post","link":"https:\/\/culturalizabh.com.br\/index.php\/2026\/09\/03\/tata-mendonca-leva-uma-cega-visionaria-a-conselheiro-lafaiete-e-barbacena\/","title":{"rendered":"Tat\u00e1 Mendon\u00e7a leva &#8220;Uma Cega Vision\u00e1ria&#8221; a Conselheiro Lafaiete e Barbacena"},"content":{"rendered":"<p style=\"text-align: left;\"><strong>Tat\u00e1 Mendon\u00e7a &#8211; Divulga\u00e7\u00e3o.<\/strong><\/p>\n<p style=\"text-align: left;\">\n<p style=\"text-align: center;\"><strong><i>A humorista, que soma mais de 1,3 milh\u00f5es de seguidores no Instagram, apresenta seu show solo de stand-up comedy em Minas Gerais nos dias 17 e 18 de outubro<\/i><\/strong><\/p>\n<div><center>\u00a0<\/center><\/p>\n<p style=\"text-align: left;\">A comediante Tat\u00e1 Mendon\u00e7a, a cega mais vision\u00e1ria da com\u00e9dia, apresenta seu show solo de stand-up comedy &#8220;Uma Cega Vision\u00e1ria&#8221; em duas cidades mineiras em outubro: no s\u00e1bado, 17, \u00e0s 20h, no Teatro Municipal Placidina de Queiroz, em Conselheiro Lafaiete; e no domingo, 18, \u00e0s 19h, no Autom\u00f3vel Clube, em Barbacena. Deficiente visual, a artista transforma o pr\u00f3prio cotidiano em piada e leva o p\u00fablico a rir ao mesmo tempo em que reflete sobre a realidade de uma pessoa cega.<\/p>\n<p style=\"text-align: left;\">Com bom humor afiado, o espet\u00e1culo, realizado pela Eyd Eventos, aborda relacionamentos, o dia a dia de quem n\u00e3o enxerga e o capacitismo em suas mais diversas formas \u2013 sempre com leveza e sem perder a cr\u00edtica. A promessa da artista \u00e9 certeira: &#8220;Quando voc\u00ea perceber, vai estar rindo e n\u00e3o vai estar nem vendo!&#8221;<\/p>\n<p style=\"text-align: left;\">A humorista vive momento de ascens\u00e3o mete\u00f3rica nas redes sociais. S\u00f3 no Instagram, onde comanda o perfil @ceganacomedia, Tat\u00e1 acumula mais de 1,3 milh\u00f5es de seguidores, com audi\u00eancia em crescimento acelerado e recordes sucessivos de visualiza\u00e7\u00f5es em v\u00eddeos e shows. Em &#8220;Uma Cega Vision\u00e1ria&#8221;, ela re\u00fane o melhor desse repert\u00f3rio em um espet\u00e1culo de 60 minutos que diverte e conscientiza.<\/p>\n<p style=\"text-align: left;\">Os ingressos j\u00e1 est\u00e3o \u00e0 venda pela plataforma Sympla:<\/p>\n<p style=\"text-align: left;\">Conselheiro Lafaiete:\u00a0<a href=\"https:\/\/www.sympla.com.br\/evento\/tata-mendonca-em-uma-cega-visionaria-conselheiro-lafaiete\/3561684\" target=\"_blank\" rel=\"noopener noreferrer\" data-saferedirecturl=\"https:\/\/www.google.com\/url?q=https:\/\/www.sympla.com.br\/evento\/tata-mendonca-em-uma-cega-visionaria-conselheiro-lafaiete\/3561684&amp;source=gmail&amp;ust=1788480424799000&amp;usg=AOvVaw23uwDfC4zwCHnhhSnLDxlR\">https:\/\/www.sympla.com.br\/<wbr \/>evento\/tata-mendonca-em-uma-<wbr \/>cega-visionaria-conselheiro-<wbr \/>lafaiete\/3561684<\/a><\/p>\n<p style=\"text-align: left;\">Barbacena:\u00a0<a href=\"https:\/\/www.sympla.com.br\/evento\/tata-mendonca-em-uma-cega-visionaria\/3536079\" target=\"_blank\" rel=\"noopener noreferrer\" data-saferedirecturl=\"https:\/\/www.google.com\/url?q=https:\/\/www.sympla.com.br\/evento\/tata-mendonca-em-uma-cega-visionaria\/3536079&amp;source=gmail&amp;ust=1788480424799000&amp;usg=AOvVaw0Bd9gWCWynYm5gkizRsQIE\">https:\/\/www.sympla.com.br\/<wbr \/>evento\/tata-mendonca-em-uma-<wbr \/>cega-visionaria\/3536079<\/a><\/p>\n<p style=\"text-align: left;\"><strong>Servi\u00e7o<\/strong><\/p>\n<p style=\"text-align: left;\"><strong>Show: Tat\u00e1 Mendon\u00e7a em &#8220;Uma Cega Vision\u00e1ria&#8221; \u2013 stand-up comedy<\/strong><\/p>\n<p style=\"text-align: left;\">\n<p style=\"text-align: left;\"><strong>Conselheiro Lafaiete (MG)<\/strong><\/p>\n<p style=\"text-align: left;\"><strong>Data:<\/strong>\u00a017 de outubro (s\u00e1bado)<\/p>\n<p style=\"text-align: left;\"><strong>Hor\u00e1rio:<\/strong>\u00a020h<\/p>\n<p style=\"text-align: left;\"><strong>Local:<\/strong>\u00a0Teatro Municipal Placidina de Queiroz \u2013\u00a0<a href=\"https:\/\/www.google.com\/maps\/search\/Rua+Assis+Andrade,+540++Centro,+Conselheiro+Lafaiete+(MG?entry=gmail&amp;source=g\">Rua Assis Andrade, 540\u00a0<\/a>\u2013\u00a0<a href=\"https:\/\/www.google.com\/maps\/search\/Rua+Assis+Andrade,+540++Centro,+Conselheiro+Lafaiete+(MG?entry=gmail&amp;source=g\">Centro, Conselheiro Lafaiete (MG<\/a>)<\/p>\n<p style=\"text-align: left;\"><strong>Ingressos:<\/strong>\u00a0<a href=\"https:\/\/www.sympla.com.br\/evento\/tata-mendonca-em-uma-cega-visionaria-conselheiro-lafaiete\/3561684\" target=\"_blank\" rel=\"noopener noreferrer\" data-saferedirecturl=\"https:\/\/www.google.com\/url?q=https:\/\/www.sympla.com.br\/evento\/tata-mendonca-em-uma-cega-visionaria-conselheiro-lafaiete\/3561684&amp;source=gmail&amp;ust=1788480424799000&amp;usg=AOvVaw23uwDfC4zwCHnhhSnLDxlR\">https:\/\/www.sympla.com.br\/<wbr \/>evento\/tata-mendonca-em-uma-<wbr \/>cega-visionaria-conselheiro-<wbr \/>lafaiete\/3561684<\/a><\/p>\n<p style=\"text-align: left;\"><strong>\u00a0<\/strong><\/p>\n<p style=\"text-align: left;\"><strong>Barbacena (MG)<\/strong><\/p>\n<p style=\"text-align: left;\"><strong>Data:\u00a0<\/strong>18 de outubro (domingo)<\/p>\n<p style=\"text-align: left;\"><strong>Hor\u00e1rio:<\/strong>\u00a019h<\/p>\n<p style=\"text-align: left;\"><strong>Local:\u00a0<\/strong>Autom\u00f3vel Clube \u2013\u00a0<a href=\"https:\/\/www.google.com\/maps\/search\/Avenida+Rodrigo+Silva,+257?entry=gmail&amp;source=g\">Avenida Rodrigo Silva, 257<\/a>\u00a0\u2013 Campo, Barbacena (MG)<\/p>\n<p style=\"text-align: left;\"><strong>Ingressos:<\/strong>\u00a0<a href=\"https:\/\/www.sympla.com.br\/evento\/tata-mendonca-em-uma-cega-visionaria\/3536079\" target=\"_blank\" rel=\"noopener noreferrer\" data-saferedirecturl=\"https:\/\/www.google.com\/url?q=https:\/\/www.sympla.com.br\/evento\/tata-mendonca-em-uma-cega-visionaria\/3536079&amp;source=gmail&amp;ust=1788480424799000&amp;usg=AOvVaw0Bd9gWCWynYm5gkizRsQIE\">https:\/\/www.sympla.com.br\/<wbr \/>evento\/tata-mendonca-em-uma-<wbr \/>cega-visionaria\/3536079<\/a><\/p>\n<p style=\"text-align: left;\"><strong>Dura\u00e7\u00e3o:<\/strong>\u00a060 minutos<\/p>\n<p style=\"text-align: left;\"><strong>Classifica\u00e7\u00e3o:<\/strong>\u00a016 anos<\/p>\n<p style=\"text-align: left;\"><strong>Realiza\u00e7\u00e3o:<\/strong>\u00a0Eyd Eventos<\/p>\n<\/div>\n","protected":false},"excerpt":{"rendered":"<p>Tat\u00e1 Mendon\u00e7a &#8211; Divulga\u00e7\u00e3o. A humorista, que soma mais de 1,3 milh\u00f5es de seguidores no Instagram, apresenta seu show solo de stand-up comedy em Minas Gerais nos dias 17 e 18 de outubro \u00a0 A comediante Tat\u00e1 Mendon\u00e7a, a cega mais vision\u00e1ria da com\u00e9dia, apresenta seu show solo de stand-up comedy &#8220;Uma Cega Vision\u00e1ria&#8221; em [&hellip;]<\/p>\n","protected":false},"author":28,"featured_media":49138,"comment_status":"closed","ping_status":"closed","sticky":false,"template":"","format":"standard","meta":{"jetpack_post_was_ever_published":false,"_jetpack_newsletter_access":"","_jetpack_dont_email_post_to_subs":false,"_jetpack_newsletter_tier_id":0,"_jetpack_memberships_contains_paywalled_content":false,"_jetpack_memberships_contains_paid_content":false,"footnotes":"","jetpack_publicize_message":"","jetpack_publicize_feature_enabled":true,"jetpack_social_post_already_shared":true,"jetpack_social_options":{"image_generator_settings":{"template":"highway","enabled":false},"version":2}},"categories":[13485,1,19,14,34,2,3],"tags":[],"class_list":["post-49137","post","type-post","status-publish","format-standard","has-post-thumbnail","hentry","category-barbacena","category-culturaliza","category-destaque","category-dicas","category-diversao","category-eventos","category-teatro"],"jetpack_publicize_connections":[],"jetpack_featured_media_url":"https:\/\/culturalizabh.com.br\/wp-content\/uploads\/2026\/09\/d7f08da9-e930-4595-9db2-1c649ce51f74.jpg","jetpack_sharing_enabled":true,"jetpack_shortlink":"https:\/\/wp.me\/p864jz-cMx","_links":{"self":[{"href":"https:\/\/culturalizabh.com.br\/index.php\/wp-json\/wp\/v2\/posts\/49137","targetHints":{"allow":["GET"]}}],"collection":[{"href":"https:\/\/culturalizabh.com.br\/index.php\/wp-json\/wp\/v2\/posts"}],"about":[{"href":"https:\/\/culturalizabh.com.br\/index.php\/wp-json\/wp\/v2\/types\/post"}],"author":[{"embeddable":true,"href":"https:\/\/culturalizabh.com.br\/index.php\/wp-json\/wp\/v2\/users\/28"}],"replies":[{"embeddable":true,"href":"https:\/\/culturalizabh.com.br\/index.php\/wp-json\/wp\/v2\/comments?post=49137"}],"version-history":[{"count":2,"href":"https:\/\/culturalizabh.com.br\/index.php\/wp-json\/wp\/v2\/posts\/49137\/revisions"}],"predecessor-version":[{"id":49141,"href":"https:\/\/culturalizabh.com.br\/index.php\/wp-json\/wp\/v2\/posts\/49137\/revisions\/49141"}],"wp:featuredmedia":[{"embeddable":true,"href":"https:\/\/culturalizabh.com.br\/index.php\/wp-json\/wp\/v2\/media\/49138"}],"wp:attachment":[{"href":"https:\/\/culturalizabh.com.br\/index.php\/wp-json\/wp\/v2\/media?parent=49137"}],"wp:term":[{"taxonomy":"category","embeddable":true,"href":"https:\/\/culturalizabh.com.br\/index.php\/wp-json\/wp\/v2\/categories?post=49137"},{"taxonomy":"post_tag","embeddable":true,"href":"https:\/\/culturalizabh.com.br\/index.php\/wp-json\/wp\/v2\/tags?post=49137"}],"curies":[{"name":"wp","href":"https:\/\/api.w.org\/{rel}","templated":true}]}}