{"id":49133,"date":"2026-09-03T11:00:58","date_gmt":"2026-09-03T14:00:58","guid":{"rendered":"https:\/\/culturalizabh.com.br\/?p=49133"},"modified":"2026-09-03T08:24:32","modified_gmt":"2026-09-03T11:24:32","slug":"fafa-de-belem-o-musical-que-celebra-as-5-decadas-de-trajetoria-da-cantora-chega-a-capital","status":"publish","type":"post","link":"https:\/\/culturalizabh.com.br\/index.php\/2026\/09\/03\/fafa-de-belem-o-musical-que-celebra-as-5-decadas-de-trajetoria-da-cantora-chega-a-capital\/","title":{"rendered":"&#8220;Faf\u00e1 de Bel\u00e9m, o Musical\u201d que celebra as 5 d\u00e9cadas de trajet\u00f3ria da cantora, chega a capital"},"content":{"rendered":"<p style=\"text-align: left;\"><span style=\"font-weight: 400;\">Um dos maiores nomes da m\u00fasica popular brasileira ganha os palcos em um espet\u00e1culo que une teatro musical, pol\u00edtica, ecologia e mem\u00f3ria afetiva. <\/span><b>\u201cFaf\u00e1 de Bel\u00e9m, o Musical\u201d<\/b><span style=\"font-weight: 400;\"> celebra cinco d\u00e9cadas de trajet\u00f3ria da cantora, exaltando sua for\u00e7a art\u00edstica e de cidad\u00e3 brasileira. Com texto e roteiro musical de <\/span><b>Gustavo Gasparani<\/b><span style=\"font-weight: 400;\"> e <\/span><b>Eduardo Rieche<\/b><span style=\"font-weight: 400;\">, e dire\u00e7\u00e3o art\u00edstica de\u00a0<\/span><b>Gustavo Gasparani, <\/b>tr\u00eas<span style=\"font-weight: 400;\"> int\u00e9rpretes d\u00e3o vida \u00e0 artista em diferentes fases: Faf\u00e1-menina por <\/span><b>Laura Saab <\/b><span style=\"font-weight: 400;\">(neta da cantora)<\/span><b> e Clarah Passos<\/b><span style=\"font-weight: 400;\">; Faf\u00e1-cantora por <\/span><b>Helga Nemetik;<\/b><span style=\"font-weight: 400;\"> e Faf\u00e1 de Bel\u00e9m nos dias de hoje interpretada por <\/span><b>Lucinha Lins<\/b><span style=\"font-weight: 400;\">. Em turn\u00ea pelo Brasil, o espet\u00e1culo faz apresenta\u00e7\u00f5es <\/span>em Belo Horizonte, nos 18 e 19 e de setembro<span style=\"font-weight: 400;\">, sexta e s\u00e1bado, \u00e0s 20h, no <strong>Grande Teatro do Sesc Palladium<\/strong>.<\/span><\/p>\n<p>&nbsp;<\/p>\n<p>&nbsp;<\/p>\n<figure id=\"attachment_49134\" aria-describedby=\"caption-attachment-49134\" style=\"width: 300px\" class=\"wp-caption aligncenter\"><img loading=\"lazy\" decoding=\"async\" class=\"size-medium wp-image-49134\" src=\"https:\/\/culturalizabh.com.br\/wp-content\/uploads\/2026\/09\/Fato-Fafa-BH-2026-Foto-Divulgacao-Nill-Canine-8-em-26-05-26-300x200.jpg\" alt=\"\" width=\"300\" height=\"200\" srcset=\"https:\/\/culturalizabh.com.br\/wp-content\/uploads\/2026\/09\/Fato-Fafa-BH-2026-Foto-Divulgacao-Nill-Canine-8-em-26-05-26-300x200.jpg 300w, https:\/\/culturalizabh.com.br\/wp-content\/uploads\/2026\/09\/Fato-Fafa-BH-2026-Foto-Divulgacao-Nill-Canine-8-em-26-05-26-1024x683.jpg 1024w, https:\/\/culturalizabh.com.br\/wp-content\/uploads\/2026\/09\/Fato-Fafa-BH-2026-Foto-Divulgacao-Nill-Canine-8-em-26-05-26-768x512.jpg 768w, https:\/\/culturalizabh.com.br\/wp-content\/uploads\/2026\/09\/Fato-Fafa-BH-2026-Foto-Divulgacao-Nill-Canine-8-em-26-05-26-1536x1024.jpg 1536w, https:\/\/culturalizabh.com.br\/wp-content\/uploads\/2026\/09\/Fato-Fafa-BH-2026-Foto-Divulgacao-Nill-Canine-8-em-26-05-26-2048x1366.jpg 2048w\" sizes=\"auto, (max-width: 300px) 100vw, 300px\" \/><figcaption id=\"caption-attachment-49134\" class=\"wp-caption-text\">Fato &#8211; Faf\u00e1 BH 2026 &#8211; Foto Divulga\u00e7\u00e3o (Nill Canin\u00e9)<\/figcaption><\/figure>\n<p>&nbsp;<\/p>\n<p>&nbsp;<\/p>\n<p style=\"text-align: left;\"><span style=\"font-weight: 400;\">Com idealiza\u00e7\u00e3o e produ\u00e7\u00e3o art\u00edstica de J\u00f4 Santana, <\/span><b>\u201cFaf\u00e1 de Bel\u00e9m, o Musical\u201d<\/b> <span style=\"font-weight: 400;\">utiliza a linguagem do teatro musical para narrar a trajet\u00f3ria de uma das mais importantes cantoras da m\u00fasica brasileira. O in\u00edcio dessa jornada acontece pela floresta amaz\u00f4nica, ber\u00e7o e cen\u00e1rio de origem da artista. Atrav\u00e9s das lendas e mitos dos povos da floresta \u2013 ind\u00edgenas, ribeirinhos, marajoaras, entre outros,<\/span><span style=\"font-weight: 400;\"> o musical conta e canta a saga de Faf\u00e1 &#8211; a menina que veio do Norte.<\/span><\/p>\n<p>&nbsp;<\/p>\n<p style=\"text-align: left;\"><span style=\"font-weight: 400;\">A narrativa \u00e9 constru\u00edda em tr\u00eas planos: o presente &#8211; durante a grava\u00e7\u00e3o de um document\u00e1rio em homenagem aos 50 anos de carreira da cantora no hist\u00f3rico Teatro da Paz, em Bel\u00e9m; as mem\u00f3rias da inf\u00e2ncia &#8211; em uma Bel\u00e9m l\u00edrica, marcada por mitos e lendas amaz\u00f4nicas; e a constru\u00e7\u00e3o da carreira da artista &#8211; da capital paraense para o mundo.\u00a0<\/span><\/p>\n<p>&nbsp;<\/p>\n<p style=\"text-align: left;\"><strong>Servi\u00e7o:<\/strong><\/p>\n<p style=\"font-weight: 400; text-align: left;\"><strong>\u201c<\/strong><strong>Faf\u00e1 de Bel\u00e9m , O Musical<\/strong><strong>\u201d<\/strong><\/p>\n<p style=\"font-weight: 400; text-align: left;\"><strong>Quando:<\/strong> 18 e 29 de setembro, sexta e s\u00e1bado<\/p>\n<p style=\"font-weight: 400; text-align: left;\"><strong>Hora:<\/strong> \u00e0s 20h<\/p>\n<p style=\"font-weight: 400; text-align: left;\"><strong>Onde:<\/strong> Grande Teatro do Sesc Palladium<\/p>\n<p style=\"font-weight: 400; text-align: left;\">(<a href=\"https:\/\/www.google.com\/maps\/search\/Rua+Rio+de%0D%0AJaneiro,+1046,+Centro+%E2%80%93+BH%2FMG?entry=gmail&amp;source=g\" data-saferedirecturl=\"https:\/\/www.google.com\/url?q=https:\/\/www.google.com\/maps\/search\/Rua%2BRio%2Bde%250D%250AJaneiro,%2B1046,%2BCentro%2B%25E2%2580%2593%2BBH%252FMG?entry%3Dgmail%26source%3Dg&amp;source=gmail&amp;ust=1788519000529000&amp;usg=AOvVaw2OtI-pYyQ8UZChYOO65dIF\">Rua Rio de Janeiro, 1046, Centro \u2013 BH\/MG<\/a>)<\/p>\n<p style=\"font-weight: 400; text-align: left;\"><strong>Ingressos:<\/strong><\/p>\n<p style=\"font-weight: 400; text-align: left;\">Plateia I: R$ 190,00 (inteira); R$\u00a095,00 (meia entrada e cliente Sesc)<\/p>\n<p style=\"font-weight: 400; text-align: left;\">Plateia II: R$ 150,00 (inteira); R$\u00a075,00 (meia entrada e cliente Sesc)<\/p>\n<p style=\"font-weight: 400; text-align: left;\">Plateia III: R$50,00 (inteira); R$ 25,00 (meia entrada e cliente Sesc)<\/p>\n<p style=\"font-weight: 400; text-align: left;\">Vendas:\u00a0na Sympla\u00a0e na bilheteria do teatro<\/p>\n<p style=\"font-weight: 400; text-align: left;\"><a href=\"https:\/\/bileto.sympla.com.br\/event\/122590\" data-saferedirecturl=\"https:\/\/www.google.com\/url?q=https:\/\/bileto.sympla.com.br\/event\/122590&amp;source=gmail&amp;ust=1788519000529000&amp;usg=AOvVaw3M0rqtdrYlt-hnS76mhqBb\">https:\/\/bileto.sympla.com.br\/event\/122590<\/a><\/p>\n<p style=\"font-weight: 400; text-align: left;\">Classifica\u00e7\u00e3o:\u00a012\u00a0anos<\/p>\n<p style=\"font-weight: 400; text-align: left;\">Dura\u00e7\u00e3o:\u00a02h40\u00a0minutos\u00a0com Intervalo de 15 minutos<\/p>\n","protected":false},"excerpt":{"rendered":"<p>Um dos maiores nomes da m\u00fasica popular brasileira ganha os palcos em um espet\u00e1culo que une teatro musical, pol\u00edtica, ecologia e mem\u00f3ria afetiva. \u201cFaf\u00e1 de Bel\u00e9m, o Musical\u201d celebra cinco d\u00e9cadas de trajet\u00f3ria da cantora, exaltando sua for\u00e7a art\u00edstica e de cidad\u00e3 brasileira. Com texto e roteiro musical de Gustavo Gasparani e Eduardo Rieche, e [&hellip;]<\/p>\n","protected":false},"author":22,"featured_media":49135,"comment_status":"closed","ping_status":"closed","sticky":true,"template":"","format":"standard","meta":{"jetpack_post_was_ever_published":false,"_jetpack_newsletter_access":"","_jetpack_dont_email_post_to_subs":false,"_jetpack_newsletter_tier_id":0,"_jetpack_memberships_contains_paywalled_content":false,"_jetpack_memberships_contains_paid_content":false,"footnotes":"","jetpack_publicize_message":"","jetpack_publicize_feature_enabled":true,"jetpack_social_post_already_shared":true,"jetpack_social_options":{"image_generator_settings":{"template":"highway","enabled":false},"version":2}},"categories":[9902,1,11532,34,3],"tags":[39,425,7118,248],"class_list":["post-49133","post","type-post","status-publish","format-standard","has-post-thumbnail","hentry","category-belo-horizonte","category-culturaliza","category-dica-cultural","category-diversao","category-teatro","tag-bh","tag-culturalizabh","tag-fafa-de-belem","tag-sesc-palladium"],"jetpack_publicize_connections":[],"jetpack_featured_media_url":"https:\/\/culturalizabh.com.br\/wp-content\/uploads\/2026\/09\/Fato-Fafa-BH-2026-Foto-Divulgacao-Nill-Canine-2-em-26-05-26-scaled.jpg","jetpack_sharing_enabled":true,"jetpack_shortlink":"https:\/\/wp.me\/p864jz-cMt","_links":{"self":[{"href":"https:\/\/culturalizabh.com.br\/index.php\/wp-json\/wp\/v2\/posts\/49133","targetHints":{"allow":["GET"]}}],"collection":[{"href":"https:\/\/culturalizabh.com.br\/index.php\/wp-json\/wp\/v2\/posts"}],"about":[{"href":"https:\/\/culturalizabh.com.br\/index.php\/wp-json\/wp\/v2\/types\/post"}],"author":[{"embeddable":true,"href":"https:\/\/culturalizabh.com.br\/index.php\/wp-json\/wp\/v2\/users\/22"}],"replies":[{"embeddable":true,"href":"https:\/\/culturalizabh.com.br\/index.php\/wp-json\/wp\/v2\/comments?post=49133"}],"version-history":[{"count":1,"href":"https:\/\/culturalizabh.com.br\/index.php\/wp-json\/wp\/v2\/posts\/49133\/revisions"}],"predecessor-version":[{"id":49136,"href":"https:\/\/culturalizabh.com.br\/index.php\/wp-json\/wp\/v2\/posts\/49133\/revisions\/49136"}],"wp:featuredmedia":[{"embeddable":true,"href":"https:\/\/culturalizabh.com.br\/index.php\/wp-json\/wp\/v2\/media\/49135"}],"wp:attachment":[{"href":"https:\/\/culturalizabh.com.br\/index.php\/wp-json\/wp\/v2\/media?parent=49133"}],"wp:term":[{"taxonomy":"category","embeddable":true,"href":"https:\/\/culturalizabh.com.br\/index.php\/wp-json\/wp\/v2\/categories?post=49133"},{"taxonomy":"post_tag","embeddable":true,"href":"https:\/\/culturalizabh.com.br\/index.php\/wp-json\/wp\/v2\/tags?post=49133"}],"curies":[{"name":"wp","href":"https:\/\/api.w.org\/{rel}","templated":true}]}}