{"id":49109,"date":"2026-09-01T22:08:27","date_gmt":"2026-09-02T01:08:27","guid":{"rendered":"https:\/\/culturalizabh.com.br\/?p=49109"},"modified":"2026-09-01T22:13:48","modified_gmt":"2026-09-02T01:13:48","slug":"macacos-cine-fest-estreia-com-cinco-dias-de-cinema-musica-e-encontros-no-distrito-de-macacos","status":"publish","type":"post","link":"https:\/\/culturalizabh.com.br\/index.php\/2026\/09\/01\/macacos-cine-fest-estreia-com-cinco-dias-de-cinema-musica-e-encontros-no-distrito-de-macacos\/","title":{"rendered":"Macacos Cine Fest estreia com cinco dias de cinema, m\u00fasica e encontros no distrito de Macacos"},"content":{"rendered":"<p style=\"text-align: left;\">O distrito de <strong>Macacos<\/strong>, em Nova Lima, recebe, de 3 a 7 de setembro, a <strong>1\u00aa Edi\u00e7\u00e3o do Macacos Cine Fest \u2013 Festival de Cinema de S\u00e3o Sebasti\u00e3o das \u00c1guas Claras<\/strong>. Com programa\u00e7\u00e3o gratuita, o festival nasce com o prop\u00f3sito de fazer do cinema um lugar de encontro, aproximando filmes, m\u00fasica, mem\u00f3ria, forma\u00e7\u00e3o e territ\u00f3rio. Durante cinco dias, moradores e visitantes ter\u00e3o acesso a 44 filmes selecionados entre 740 inscritos de todos os estados brasileiros, al\u00e9m filmes convidados, shows, atividades para crian\u00e7as, oficinas, circo, proje\u00e7\u00e3o mapeada e encontros com artistas e realizadores.<\/p>\n<p>&nbsp;<\/p>\n<p style=\"text-align: left;\">Entre os destaques est\u00e1 o lan\u00e7amento e primeira exibi\u00e7\u00e3o p\u00fablica de <strong><em>Essas Mina \u00c9 Zica<\/em><\/strong>, document\u00e1rio de longa-metragem de <strong>Natacha Vassou<\/strong> e <strong>Lucas Espeto<\/strong>, que acompanha, ao longo de cinco anos, as trajet\u00f3rias de seis mulheres da cena do rap de Belo Horizonte. A programa\u00e7\u00e3o tamb\u00e9m presta uma homenagem ao <strong>Uakti<\/strong>, grupo mineiro que transformou a pesquisa sonora e a cria\u00e7\u00e3o de instrumentos em uma linguagem art\u00edstica singular e estabeleceu uma forte rela\u00e7\u00e3o com o cinema brasileiro. A presen\u00e7a do m\u00fasico e ex-integrante Paulo Santos atravessa a homenagem, que inclui filmes, conversas e apresenta\u00e7\u00e3o musical.<\/p>\n<p>&nbsp;<\/p>\n<p>&nbsp;<\/p>\n<figure id=\"attachment_49111\" aria-describedby=\"caption-attachment-49111\" style=\"width: 300px\" class=\"wp-caption aligncenter\"><img loading=\"lazy\" decoding=\"async\" class=\"size-medium wp-image-49111\" src=\"https:\/\/culturalizabh.com.br\/wp-content\/uploads\/2026\/09\/Orquesta-Mineira-de-Brega_-PH_-Dilson-Ferreira-300x234.jpg\" alt=\"\" width=\"300\" height=\"234\" srcset=\"https:\/\/culturalizabh.com.br\/wp-content\/uploads\/2026\/09\/Orquesta-Mineira-de-Brega_-PH_-Dilson-Ferreira-300x234.jpg 300w, https:\/\/culturalizabh.com.br\/wp-content\/uploads\/2026\/09\/Orquesta-Mineira-de-Brega_-PH_-Dilson-Ferreira-1024x799.jpg 1024w, https:\/\/culturalizabh.com.br\/wp-content\/uploads\/2026\/09\/Orquesta-Mineira-de-Brega_-PH_-Dilson-Ferreira-768x599.jpg 768w, https:\/\/culturalizabh.com.br\/wp-content\/uploads\/2026\/09\/Orquesta-Mineira-de-Brega_-PH_-Dilson-Ferreira-1536x1198.jpg 1536w, https:\/\/culturalizabh.com.br\/wp-content\/uploads\/2026\/09\/Orquesta-Mineira-de-Brega_-PH_-Dilson-Ferreira.jpg 1896w\" sizes=\"auto, (max-width: 300px) 100vw, 300px\" \/><figcaption id=\"caption-attachment-49111\" class=\"wp-caption-text\">Orquesta Mineira de Brega PH &#8211; Foto: Dilson Ferreira<\/figcaption><\/figure>\n<p>&nbsp;<\/p>\n<p>&nbsp;<\/p>\n<p style=\"text-align: left;\">Com o tema <strong>\u201cResson\u00e2ncias e Ru\u00eddos\u201d<\/strong>, o <strong>Macacos Cine Fest<\/strong> prop\u00f5e olhar para as rela\u00e7\u00f5es entre imagem e som e para aquilo que permanece, reverbera ou rompe com o habitual. O conceito se estende por toda a programa\u00e7\u00e3o, reunindo diferentes formas de cria\u00e7\u00e3o e escuta e colocando em di\u00e1logo cinema, m\u00fasica, mem\u00f3ria, experimenta\u00e7\u00e3o e as hist\u00f3rias de quem vive e circula por Macacos.<\/p>\n<p>&nbsp;<\/p>\n<p style=\"text-align: left;\">O Macacos Cine Fest \u00e9 realizado por meio da Lei Federal de Incentivo \u00e0 Cultura \u2013 Lei Rouanet, com patroc\u00ednio master da Vale.<\/p>\n<p>&nbsp;<\/p>\n<p>&nbsp;<\/p>\n<p style=\"text-align: left;\"><strong>Programa\u00e7\u00e3o<\/strong><\/p>\n<h3 style=\"text-align: left;\"><span style=\"color: #ff6600;\"><strong>3 de setembro | Quinta-feira<\/strong><\/span><\/h3>\n<p style=\"text-align: left;\"><strong>Gramado da Capela de S\u00e3o Sebasti\u00e3o<\/strong><br \/>\n19h \u2013 Solenidade de abertura<br \/>\n19h30 \u2013 Filme produzido na oficina \u201cDa Escola para a Tela\u201d e apresenta\u00e7\u00e3o do Coral da E.M. Rubem Costa Lima<br \/>\n20h \u2013 <em>Ensaio de Orquestra<\/em>, de Federico Fellini<\/p>\n<p>&nbsp;<\/p>\n<p>&nbsp;<\/p>\n<h3 style=\"text-align: left;\"><span style=\"color: #ff6600;\"><strong>4 de setembro | Sexta-feira<\/strong><\/span><\/h3>\n<p style=\"text-align: left;\"><strong>Sala de Cinema \u2013 Associa\u00e7\u00e3o Comunit\u00e1ria<\/strong><br \/>\n9h \u2013 Cine Macacada | Sess\u00e3o Escola 1<br \/>\n15h \u2013 Cine Macacada | Sess\u00e3o Escola 2<br \/>\n17h \u2013 <em>O Cinema em Abismo<\/em> | Foco Gabraz \u2013 Sess\u00e3o 1<br \/>\n18h \u2013 Bate-papo com Gabraz<br \/>\n19h \u2013 <em>Amanh\u00e3, Quando Nasci<\/em> | Mostra Competitiva<br \/>\n20h30 \u2013 <em>Fiz\u00e9ramos Tanto<\/em> | Mostra Competitiva<\/p>\n<p>&nbsp;<\/p>\n<p style=\"text-align: left;\"><strong>Gramado da Capela<\/strong><br \/>\n22h \u2013 Proje\u00e7\u00e3o mapeada com VJ BAH e DJ Little Sil<\/p>\n<p>&nbsp;<\/p>\n<p>&nbsp;<\/p>\n<h3 style=\"text-align: left;\"><span style=\"color: #ff6600;\"><strong>5 de setembro | S\u00e1bado<\/strong><\/span><\/h3>\n<p style=\"text-align: left;\"><strong>Gramado da Capela<\/strong><br \/>\n10h \u2013 <em>A Crian\u00e7a e o Cinema<\/em> | Oficina com Jaqueline Luana<\/p>\n<p style=\"text-align: left;\"><strong>Sala de Cinema \u2013 Associa\u00e7\u00e3o Comunit\u00e1ria<\/strong><br \/>\n11h \u2013 Cine Macacada | Sess\u00e3o 1<br \/>\n15h \u2013 <em>O Cinema em Abismo<\/em> | Foco Gabraz \u2013 Sess\u00e3o 2<br \/>\n16h30 \u2013 <em>Lava-me, Lava<\/em> | Mostra Competitiva<br \/>\n18h \u2013 <em>Morte e Vida Madalena<\/em>, de Guto Parente<\/p>\n<p>&nbsp;<\/p>\n<p>&nbsp;<\/p>\n<p style=\"text-align: left;\"><strong>Gramado da Capela<\/strong><br \/>\n20h \u2013 <em>Apocalipse Segundo Baby<\/em>, de Rafael Saar<br \/>\n22h \u2013 Show da Orquestra Mineira de Brega<\/p>\n<p>&nbsp;<\/p>\n<p>&nbsp;<\/p>\n<h3 style=\"text-align: left;\"><span style=\"color: #ff6600;\"><strong>6 de setembro | Domingo<\/strong><\/span><\/h3>\n<p style=\"text-align: left;\"><strong>Gramado da Capela<\/strong><br \/>\n10h \u2013 <em>Desafios Urbanos: Da Cidade \u00e0 Ro\u00e7a, a Arte Transforma!<\/em>, com Felipe Foca<\/p>\n<p>&nbsp;<\/p>\n<p>&nbsp;<\/p>\n<p style=\"text-align: left;\"><strong>Sala de Cinema \u2013 Associa\u00e7\u00e3o Comunit\u00e1ria<\/strong><br \/>\n11h \u2013 Cine Macacada | Sess\u00e3o 2<br \/>\n16h \u2013 <em>Sou Feia, Mas T\u00f4 na Moda<\/em>, de Denise Garcia<br \/>\n17h30 \u2013 <em>Os Homens e a Noite<\/em> | Mostra Competitiva<\/p>\n<p>&nbsp;<\/p>\n<p>&nbsp;<\/p>\n<p style=\"text-align: left;\"><strong>Gramado da Capela<\/strong><br \/>\n19h \u2013 <em>Essas Mina \u00c9 Zica<\/em>, de Natacha Vassou e Lucas Espeto | Lan\u00e7amento e primeira exibi\u00e7\u00e3o p\u00fablica<br \/>\n21h30 \u2013 Bate-papo com Tamara Franklin, Iza Sabino, Kainn\u00e1 Taw\u00e1 e DJ Pat Manoese<br \/>\n22h \u2013 Show <em>Essas Mina \u00c9 Zica<\/em><\/p>\n<p>&nbsp;<\/p>\n<p>&nbsp;<\/p>\n<h3 style=\"text-align: left;\"><span style=\"color: #ff6600;\"><strong>7 de setembro | Segunda-feira \u2013 Feriado<\/strong><\/span><\/h3>\n<p style=\"text-align: left;\"><strong>Gramado da Capela<\/strong><br \/>\n10h \u2013 <em>Desafios Urbanos: Da Cidade \u00e0 Ro\u00e7a, a Arte Transforma!<\/em>, com Felipe Foca<\/p>\n<p>&nbsp;<\/p>\n<p>&nbsp;<\/p>\n<p style=\"text-align: left;\"><strong>Sala de Cinema \u2013 Associa\u00e7\u00e3o Comunit\u00e1ria<\/strong><br \/>\n11h \u2013 Cine Macacada | Sess\u00e3o 3<br \/>\n14h \u2013 <em>Mais Brilhante que o Sol<\/em> | Sess\u00e3o Especial<br \/>\n15h \u2013 Sess\u00e3o Especial em Homenagem ao Uakti<\/p>\n<p>&nbsp;<\/p>\n<p>&nbsp;<\/p>\n<p style=\"text-align: left;\"><strong>Gramado da Capela<\/strong><br \/>\n16h \u2013 Bate-papo com Paulo Santos e convidados<br \/>\n17h \u2013 Cerim\u00f4nia de premia\u00e7\u00e3o<br \/>\n17h30 \u2013 Show de encerramento com Paulo Santos (Uakti)<\/p>\n<p>&nbsp;<\/p>\n<p>&nbsp;<\/p>\n<p style=\"text-align: left;\"><strong>Servi\u00e7o<\/strong><\/p>\n<p style=\"text-align: left;\"><strong>Macacos Cine Fest \u2013 1\u00aa edi\u00e7\u00e3o<\/strong><br \/>\n<strong>Quando:<\/strong> 3 a 7 de setembro de 2026<br \/>\n<strong>Onde:<\/strong> Distrito de Macacos \u2013 Nova Lima (MG)<br \/>\n<strong>Quanto:<\/strong> gratuita, com acesso livre sujeito \u00e0 capacidade dos espa\u00e7os<\/p>\n<p style=\"text-align: left;\"><strong>Associa\u00e7\u00e3o Comunit\u00e1ria de Macacos:<\/strong> Rua Dona Maria da Gl\u00f3ria, 711, S\u00e3o Sebasti\u00e3o das \u00c1guas Claras (Macacos), Nova Lima \u2013 MG<\/p>\n<p style=\"text-align: left;\"><strong>Gramado da Capela de S\u00e3o Sebasti\u00e3o:<\/strong> Rua S\u00e3o Sebasti\u00e3o, S\u00e3o Sebasti\u00e3o das \u00c1guas Claras (Macacos), Nova Lima \u2013 MG<\/p>\n<p style=\"text-align: left;\"><strong>Cine Gastr\u00f4 | Circuito Gastron\u00f4mico:<\/strong> 7 de agosto a 7 de setembro de 2026<\/p>\n","protected":false},"excerpt":{"rendered":"<p>O distrito de Macacos, em Nova Lima, recebe, de 3 a 7 de setembro, a 1\u00aa Edi\u00e7\u00e3o do Macacos Cine Fest \u2013 Festival de Cinema de S\u00e3o Sebasti\u00e3o das \u00c1guas Claras. Com programa\u00e7\u00e3o gratuita, o festival nasce com o prop\u00f3sito de fazer do cinema um lugar de encontro, aproximando filmes, m\u00fasica, mem\u00f3ria, forma\u00e7\u00e3o e territ\u00f3rio. [&hellip;]<\/p>\n","protected":false},"author":22,"featured_media":49113,"comment_status":"closed","ping_status":"closed","sticky":false,"template":"","format":"standard","meta":{"jetpack_post_was_ever_published":false,"_jetpack_newsletter_access":"","_jetpack_dont_email_post_to_subs":false,"_jetpack_newsletter_tier_id":0,"_jetpack_memberships_contains_paywalled_content":false,"_jetpack_memberships_contains_paid_content":false,"footnotes":"","jetpack_publicize_message":"","jetpack_publicize_feature_enabled":true,"jetpack_social_post_already_shared":true,"jetpack_social_options":{"image_generator_settings":{"template":"highway","enabled":false},"version":2}},"categories":[9902,1,11532,34,3537],"tags":[3197,50,425,14626,1825],"class_list":["post-49109","post","type-post","status-publish","format-standard","has-post-thumbnail","hentry","category-belo-horizonte","category-culturaliza","category-dica-cultural","category-diversao","category-gratuito-ou-a-baixo-custo","tag-cine","tag-cultura","tag-culturalizabh","tag-macacos-cine-fest","tag-nova-lima"],"jetpack_publicize_connections":[],"jetpack_featured_media_url":"https:\/\/culturalizabh.com.br\/wp-content\/uploads\/2026\/09\/PauloSantos_retrato_solo_1920px_SamuelMendes.jpg","jetpack_sharing_enabled":true,"jetpack_shortlink":"https:\/\/wp.me\/p864jz-cM5","_links":{"self":[{"href":"https:\/\/culturalizabh.com.br\/index.php\/wp-json\/wp\/v2\/posts\/49109","targetHints":{"allow":["GET"]}}],"collection":[{"href":"https:\/\/culturalizabh.com.br\/index.php\/wp-json\/wp\/v2\/posts"}],"about":[{"href":"https:\/\/culturalizabh.com.br\/index.php\/wp-json\/wp\/v2\/types\/post"}],"author":[{"embeddable":true,"href":"https:\/\/culturalizabh.com.br\/index.php\/wp-json\/wp\/v2\/users\/22"}],"replies":[{"embeddable":true,"href":"https:\/\/culturalizabh.com.br\/index.php\/wp-json\/wp\/v2\/comments?post=49109"}],"version-history":[{"count":1,"href":"https:\/\/culturalizabh.com.br\/index.php\/wp-json\/wp\/v2\/posts\/49109\/revisions"}],"predecessor-version":[{"id":49112,"href":"https:\/\/culturalizabh.com.br\/index.php\/wp-json\/wp\/v2\/posts\/49109\/revisions\/49112"}],"wp:featuredmedia":[{"embeddable":true,"href":"https:\/\/culturalizabh.com.br\/index.php\/wp-json\/wp\/v2\/media\/49113"}],"wp:attachment":[{"href":"https:\/\/culturalizabh.com.br\/index.php\/wp-json\/wp\/v2\/media?parent=49109"}],"wp:term":[{"taxonomy":"category","embeddable":true,"href":"https:\/\/culturalizabh.com.br\/index.php\/wp-json\/wp\/v2\/categories?post=49109"},{"taxonomy":"post_tag","embeddable":true,"href":"https:\/\/culturalizabh.com.br\/index.php\/wp-json\/wp\/v2\/tags?post=49109"}],"curies":[{"name":"wp","href":"https:\/\/api.w.org\/{rel}","templated":true}]}}