{"id":49100,"date":"2026-09-01T18:05:38","date_gmt":"2026-09-01T21:05:38","guid":{"rendered":"https:\/\/culturalizabh.com.br\/?p=49100"},"modified":"2026-09-01T18:05:38","modified_gmt":"2026-09-01T21:05:38","slug":"orquestra-sinfonica-de-minas-gerais-celebra-50-anos-com-concerto-especial","status":"publish","type":"post","link":"https:\/\/culturalizabh.com.br\/index.php\/2026\/09\/01\/orquestra-sinfonica-de-minas-gerais-celebra-50-anos-com-concerto-especial\/","title":{"rendered":"Orquestra Sinf\u00f4nica de Minas Gerais celebra 50 anos com concerto especial"},"content":{"rendered":"<p style=\"text-align: left;\"><span style=\"color: #000000;\">O<strong> Pal\u00e1cio das Artes<\/strong> est\u00e1 tendo um ano de muitas celebra\u00e7\u00f5es! Neste ano, ele celebra<strong> 55 anos<\/strong> e a <strong>Orquestra Sinf\u00f4nica de Minas Gerais<\/strong> celebra os seus 50 anos. Para marcar essa data, <strong>nesta quarta-feira (02\/09)<\/strong>, <strong>\u00e0s 20h<\/strong>, o <strong>Grande Teatro do Pal\u00e1cio das Artes<\/strong> recebe um concerto especial sob reg\u00eancia do maestro<strong> Roberto Duarte,<\/strong> que j\u00e1 esteve \u00e0 frente da OSMG em outras ocasi\u00f5es como maestro convidado. O concerto re\u00fane diferentes compositores cujas obras, em conjunto, tecem a trajet\u00f3ria e caracterizam a identidade do corpo art\u00edstico.<\/p>\n<p><\/span><\/p>\n<p style=\"text-align: left;\"><span style=\"color: #000000;\">No dia 2 de setembro de 1976, foi promulgada a Lei Estadual n\u00ba 6.862, que estabelecia a cria\u00e7\u00e3o da Orquestra Sinf\u00f4nica de Minas Gerais (OSMG), resultando em um conjunto de excel\u00eancia, capaz de ampliar a presen\u00e7a da m\u00fasica sinf\u00f4nica e integrar importantes produ\u00e7\u00f5es art\u00edsticas em Minas Gerais. Ao longo de cinco d\u00e9cadas, a OSMG consolidou sua atua\u00e7\u00e3o em concertos, \u00f3peras e bal\u00e9s, tanto em teatros e outros espa\u00e7os culturais como ao ar livre, participando de importantes produ\u00e7\u00f5es art\u00edsticas em Minas Gerais e dividindo o palco com artistas e grupos nacionais e internacionais.<\/span><\/p>\n<p>&nbsp;<\/p>\n<figure id=\"attachment_49105\" aria-describedby=\"caption-attachment-49105\" style=\"width: 300px\" class=\"wp-caption aligncenter\"><img loading=\"lazy\" decoding=\"async\" class=\"wp-image-49105 size-medium\" src=\"https:\/\/culturalizabh.com.br\/wp-content\/uploads\/2026\/09\/Maestro-Roberto-Duarte-e-Orquestra-Sinfonica-de-Minas-Gerais-Credito-Paulo-Lacerda-3-1-300x200.jpg\" alt=\"\" width=\"300\" height=\"200\" srcset=\"https:\/\/culturalizabh.com.br\/wp-content\/uploads\/2026\/09\/Maestro-Roberto-Duarte-e-Orquestra-Sinfonica-de-Minas-Gerais-Credito-Paulo-Lacerda-3-1-300x200.jpg 300w, https:\/\/culturalizabh.com.br\/wp-content\/uploads\/2026\/09\/Maestro-Roberto-Duarte-e-Orquestra-Sinfonica-de-Minas-Gerais-Credito-Paulo-Lacerda-3-1-1024x683.jpg 1024w, https:\/\/culturalizabh.com.br\/wp-content\/uploads\/2026\/09\/Maestro-Roberto-Duarte-e-Orquestra-Sinfonica-de-Minas-Gerais-Credito-Paulo-Lacerda-3-1-768x512.jpg 768w, https:\/\/culturalizabh.com.br\/wp-content\/uploads\/2026\/09\/Maestro-Roberto-Duarte-e-Orquestra-Sinfonica-de-Minas-Gerais-Credito-Paulo-Lacerda-3-1-1536x1024.jpg 1536w, https:\/\/culturalizabh.com.br\/wp-content\/uploads\/2026\/09\/Maestro-Roberto-Duarte-e-Orquestra-Sinfonica-de-Minas-Gerais-Credito-Paulo-Lacerda-3-1-2048x1365.jpg 2048w\" sizes=\"auto, (max-width: 300px) 100vw, 300px\" \/><figcaption id=\"caption-attachment-49105\" class=\"wp-caption-text\">Maestro Roberto Duarte | Foto: Paulo Lacerda<\/figcaption><\/figure>\n<p style=\"text-align: left;\">\n<p style=\"text-align: left;\"><span style=\"color: #000000;\">Em 2013, a orquestra foi reconhecida como Patrim\u00f4nio Hist\u00f3rico e Cultural de Minas Gerais. Mais recentemente, em 2024, recebeu o 21\u00ba Pr\u00eamio R\u00e1dio MEC na categoria Melhor Int\u00e9rprete de M\u00fasica Cl\u00e1ssica, pela execu\u00e7\u00e3o de \u201cTeotihuacan\u201d (2023), do compositor mineiro Andersen Viana.<\/span><\/p>\n<p style=\"text-align: left;\">\n<p style=\"text-align: left;\"><span style=\"color: #000000;\"><strong>Programa<\/strong><\/span><\/p>\n<p style=\"text-align: left;\"><span style=\"color: #000000;\">Wolfgang Amadeus Mozart<\/span><\/p>\n<p style=\"text-align: left;\"><span style=\"color: #000000;\">\u201cLa Clemenza di Tito\u201d<\/span><\/p>\n<p style=\"text-align: left;\"><span style=\"color: #000000;\">&#8211; Abertura<\/span><\/p>\n<p style=\"text-align: left;\"><span style=\"color: #000000;\">Heitor Villa-Lobos<\/span><\/p>\n<p style=\"text-align: left;\"><span style=\"color: #000000;\">\u201cSinfonietta n\u00ba 1 (\u00e0 mem\u00f3ria de Mozart)\u201d<\/span><\/p>\n<p style=\"text-align: left;\"><span style=\"color: #000000;\">I &#8211; Allegro giusto<\/span><\/p>\n<p style=\"text-align: left;\"><span style=\"color: #000000;\">II &#8211; Andante non troppo<\/span><\/p>\n<p style=\"text-align: left;\"><span style=\"color: #000000;\">III &#8211; Andantino<\/span><\/p>\n<p style=\"text-align: left;\">\n<p style=\"text-align: left;\"><span style=\"color: #000000;\">Jo\u00e3o de Deus Castro Lobo<\/span><\/p>\n<p style=\"text-align: left;\"><span style=\"color: #000000;\">\u201cAbertura em R\u00e9 Maior\u201d<\/span><\/p>\n<p style=\"text-align: left;\"><span style=\"color: #000000;\">Ernani Aguiar<\/span><\/p>\n<p style=\"text-align: left;\"><span style=\"color: #000000;\">\u201cSinfonietta Seconda \u2018Carnevale\u2019 (\u00e0 Dalva Duarte)\u201d<\/span><\/p>\n<p style=\"text-align: left;\"><span style=\"color: #000000;\">I &#8211; Samba<\/span><\/p>\n<p style=\"text-align: left;\"><span style=\"color: #000000;\">II &#8211; Frevo<\/span><\/p>\n<p style=\"text-align: left;\"><span style=\"color: #000000;\">III &#8211; Marcha Rancho<\/span><\/p>\n<p style=\"text-align: left;\"><span style=\"color: #000000;\">IV &#8211; Escola de Samba<\/span><\/p>\n<p style=\"text-align: left;\">\n<p style=\"text-align: left;\"><span style=\"color: #000000;\"><strong>Concertos da Liberdade apresenta: OSMG 50 anos<\/strong><\/span><\/p>\n<p style=\"text-align: left;\"><span style=\"color: #000000;\"><strong>Quando:<\/strong> 02 de setembro, \u00e0s 20h\u00a0<\/span><br \/>\n<span style=\"color: #000000;\"><strong>Onde:<\/strong> Grande Teatro Cemig Pal\u00e1cio das Artes (Av. Afonso Pena, 1537, Centro \u2013 Belo Horizonte)<br \/>\n<strong>Valor dos ingressos:<\/strong> R$ 15,00 a meia-entrada e R$ 30,00 a inteira<br \/>\n<a href=\"https:\/\/bileto.sympla.com.br\/event\/124680?_gl=1*1szjxvw*_gcl_au*NTAzMzMzMzM4LjE3ODgyOTYyODg.*_ga*OTEzMDc5MDM4LjE3ODgyOTYyODk.*_ga_KXH10SQTZF*czE3ODgyOTYyOTIkbzEkZzEkdDE3ODgyOTYyOTIkajYwJGwwJGgxOTkxNzM5ODEz\"><strong>Compre os ingressos aqui\u00a0<\/strong><\/a><\/span><\/p>\n","protected":false},"excerpt":{"rendered":"<p>O Pal\u00e1cio das Artes est\u00e1 tendo um ano de muitas celebra\u00e7\u00f5es! Neste ano, ele celebra 55 anos e a Orquestra Sinf\u00f4nica de Minas Gerais celebra os seus 50 anos. Para marcar essa data, nesta quarta-feira (02\/09), \u00e0s 20h, o Grande Teatro do Pal\u00e1cio das Artes recebe um concerto especial sob reg\u00eancia do maestro Roberto Duarte, [&hellip;]<\/p>\n","protected":false},"author":1,"featured_media":49104,"comment_status":"closed","ping_status":"closed","sticky":false,"template":"","format":"standard","meta":{"jetpack_post_was_ever_published":false,"_jetpack_newsletter_access":"","_jetpack_dont_email_post_to_subs":false,"_jetpack_newsletter_tier_id":0,"_jetpack_memberships_contains_paywalled_content":false,"_jetpack_memberships_contains_paid_content":false,"footnotes":"","jetpack_publicize_message":"","jetpack_publicize_feature_enabled":true,"jetpack_social_post_already_shared":true,"jetpack_social_options":{"image_generator_settings":{"template":"highway","enabled":false},"version":2}},"categories":[1],"tags":[1332,51],"class_list":["post-49100","post","type-post","status-publish","format-standard","has-post-thumbnail","hentry","category-culturaliza","tag-orquestra-sinfonica-de-minas-gerais","tag-palacio-das-artes"],"jetpack_publicize_connections":[],"jetpack_featured_media_url":"https:\/\/culturalizabh.com.br\/wp-content\/uploads\/2026\/09\/Orquestra-Sinfonica-de-Minas-Gerais-Credito-Paulo-Lacerda-4-1.jpg","jetpack_sharing_enabled":true,"jetpack_shortlink":"https:\/\/wp.me\/p864jz-cLW","_links":{"self":[{"href":"https:\/\/culturalizabh.com.br\/index.php\/wp-json\/wp\/v2\/posts\/49100","targetHints":{"allow":["GET"]}}],"collection":[{"href":"https:\/\/culturalizabh.com.br\/index.php\/wp-json\/wp\/v2\/posts"}],"about":[{"href":"https:\/\/culturalizabh.com.br\/index.php\/wp-json\/wp\/v2\/types\/post"}],"author":[{"embeddable":true,"href":"https:\/\/culturalizabh.com.br\/index.php\/wp-json\/wp\/v2\/users\/1"}],"replies":[{"embeddable":true,"href":"https:\/\/culturalizabh.com.br\/index.php\/wp-json\/wp\/v2\/comments?post=49100"}],"version-history":[{"count":1,"href":"https:\/\/culturalizabh.com.br\/index.php\/wp-json\/wp\/v2\/posts\/49100\/revisions"}],"predecessor-version":[{"id":49106,"href":"https:\/\/culturalizabh.com.br\/index.php\/wp-json\/wp\/v2\/posts\/49100\/revisions\/49106"}],"wp:featuredmedia":[{"embeddable":true,"href":"https:\/\/culturalizabh.com.br\/index.php\/wp-json\/wp\/v2\/media\/49104"}],"wp:attachment":[{"href":"https:\/\/culturalizabh.com.br\/index.php\/wp-json\/wp\/v2\/media?parent=49100"}],"wp:term":[{"taxonomy":"category","embeddable":true,"href":"https:\/\/culturalizabh.com.br\/index.php\/wp-json\/wp\/v2\/categories?post=49100"},{"taxonomy":"post_tag","embeddable":true,"href":"https:\/\/culturalizabh.com.br\/index.php\/wp-json\/wp\/v2\/tags?post=49100"}],"curies":[{"name":"wp","href":"https:\/\/api.w.org\/{rel}","templated":true}]}}