{"id":49097,"date":"2026-09-01T14:44:50","date_gmt":"2026-09-01T17:44:50","guid":{"rendered":"https:\/\/culturalizabh.com.br\/?p=49097"},"modified":"2026-09-01T14:44:50","modified_gmt":"2026-09-01T17:44:50","slug":"ostara-festival-celebra-a-primavera-a-musica-e-a-cultura-fantastica-na-capital-mineira","status":"publish","type":"post","link":"https:\/\/culturalizabh.com.br\/index.php\/2026\/09\/01\/ostara-festival-celebra-a-primavera-a-musica-e-a-cultura-fantastica-na-capital-mineira\/","title":{"rendered":"Ostara Festival celebra a primavera, a m\u00fasica e a cultura fant\u00e1stica na capital mineira"},"content":{"rendered":"<p><i><span style=\"font-weight: 400\">Evento acontece nos dias 12 e 13 de setembro e re\u00fane atra\u00e7\u00f5es nacionais e internacionais, gastronomia, mercado tem\u00e1tico, atividades culturais e experi\u00eancias para diferentes p\u00fablicos.<\/span><\/i><\/p>\n<p><span style=\"font-weight: 400\">A chegada da primavera ganha uma celebra\u00e7\u00e3o especial em Belo Horizonte. Nos dias <\/span><b>12 e 13 de setembro<\/b><span style=\"font-weight: 400\">, o <\/span><b>Ostara Festival 2026<\/b><span style=\"font-weight: 400\"> realiza no <\/span><b>Espa\u00e7o Solarium<\/b><span style=\"font-weight: 400\">, na Pampulha, reunindo m\u00fasica, arte, cultura, gastronomia e tradi\u00e7\u00f5es inspiradas no universo medieval, celta e fant\u00e1stico. Mais do que marcar a mudan\u00e7a de esta\u00e7\u00e3o, o festival chega reafirmando uma proposta que conquistou um p\u00fablico interessado em experi\u00eancias culturais diferentes e na conviv\u00eancia entre comunidades que compartilham esse imagin\u00e1rio .Os ingressos podem ser adquiridos\u00a0 pela<\/span><a href=\"https:\/\/www.sympla.com.br\/evento\/ostara-festival-2026\/3463312?referrer=www.google.com&amp;referrer=www.google.com\"> <span style=\"font-weight: 400\">Sympla.<\/span><\/a><\/p>\n<p><span style=\"font-weight: 400\">O evento \u00e9 inspirado no <\/span><b>Ostara<\/b><span style=\"font-weight: 400\">, celebra\u00e7\u00e3o associada ao equin\u00f3cio de primavera no Hemisf\u00e9rio Norte, per\u00edodo tradicionalmente relacionado ao renascimento, \u00e0 renova\u00e7\u00e3o e ao despertar da natureza. A tem\u00e1tica serve como ponto de partida para uma programa\u00e7\u00e3o que combina refer\u00eancias hist\u00f3ricas e fant\u00e1sticas com manifesta\u00e7\u00f5es art\u00edsticas contempor\u00e2neas.<\/span><\/p>\n<p><span style=\"font-weight: 400\">Um dos destaques desta edi\u00e7\u00e3o \u00e9 a presen\u00e7a internacional da musicista e pesquisadora <\/span><b>Rotem Gilbert (EUA)<\/b><span style=\"font-weight: 400\">, que participa da apresenta\u00e7\u00e3o do <\/span><b>M\u00fasica Figurata<\/b><span style=\"font-weight: 400\">. A programa\u00e7\u00e3o musical tamb\u00e9m re\u00fane <\/span><b>Tuatha de Dannan<\/b><span style=\"font-weight: 400\">, refer\u00eancia brasileira na cena folk e medieval, <\/span><b>Irish Session Band<\/b><span style=\"font-weight: 400\">, <\/span><b>Banda Taverna<\/b><span style=\"font-weight: 400\"> e <\/span><b>Magozen<\/b><span style=\"font-weight: 400\">, al\u00e9m de apresenta\u00e7\u00f5es de dan\u00e7a e performances ao longo dos dois dias.<\/span><\/p>\n<h3><b>Um encontro de diferentes express\u00f5es culturais<\/b><\/h3>\n<p><span style=\"font-weight: 400\">A m\u00fasica \u00e9 apenas uma das portas de entrada para o universo do festival. O Ostara re\u00fane em sua programa\u00e7\u00e3o manifesta\u00e7\u00f5es que v\u00e3o da dan\u00e7a e do teatro \u00e0s oficinas, jogos e experi\u00eancias interativas, criando um espa\u00e7o de conviv\u00eancia para diferentes gera\u00e7\u00f5es.<\/span><\/p>\n<p><span style=\"font-weight: 400\">O p\u00fablico poder\u00e1 circular pelo <\/span><b>Mercado M\u00e1gico<\/b><span style=\"font-weight: 400\">, conhecer produtos de artes\u00e3os e artistas, participar de atividades inspiradas em pr\u00e1ticas medievais e acompanhar o tradicional <\/span><b>Concurso de Trajes<\/b><span style=\"font-weight: 400\">, que transforma o espa\u00e7o em uma grande celebra\u00e7\u00e3o da criatividade e da identidade dos participantes.<\/span><\/p>\n<p><span style=\"font-weight: 400\">Entre as experi\u00eancias est\u00e3o ainda <\/span><b>arremesso de machado, tiro com arco e flecha, Bardolimp\u00edadas e oficinas<\/b><span style=\"font-weight: 400\">, al\u00e9m de outras atividades que convidam o visitante a participar ativamente da programa\u00e7\u00e3o.<\/span><\/p>\n<p><span style=\"font-weight: 400\">O Ostara Festival tamb\u00e9m celebra a forma\u00e7\u00e3o de uma comunidade em torno da cultura medieval, fant\u00e1stica e folk. Ao longo de suas edi\u00e7\u00f5es, o evento se consolidou como espa\u00e7o de encontro para m\u00fasicos, artistas, artes\u00e3os, pesquisadores, f\u00e3s de literatura fant\u00e1stica, RPG, hist\u00f3ria e diferentes manifesta\u00e7\u00f5es culturais.<\/span><\/p>\n<p><span style=\"font-weight: 400\">A proposta \u00e9 justamente criar um ambiente em que esses universos possam se encontrar. Quem j\u00e1 conhece esse cen\u00e1rio encontra no festival um espa\u00e7o para vivenci\u00e1-lo coletivamente; para quem chega pela primeira vez, a programa\u00e7\u00e3o funciona como uma porta de entrada para conhecer novas express\u00f5es art\u00edsticas e culturais.<\/span><\/p>\n<p><span style=\"font-weight: 400\">A experi\u00eancia se estende tamb\u00e9m \u00e0s fam\u00edlias. O <\/span><b>Reino Ostarinha<\/b><span style=\"font-weight: 400\"> recebe o p\u00fablico infantil com atividades pr\u00f3prias, permitindo que crian\u00e7as tamb\u00e9m participem da celebra\u00e7\u00e3o. O festival tem ainda proposta <\/span><b>pet friendly<\/b><span style=\"font-weight: 400\">, ampliando a experi\u00eancia para diferentes perfis de visitantes.<\/span><\/p>\n<h3><b>Gastronomia tamb\u00e9m entra na celebra\u00e7\u00e3o<\/b><\/h3>\n<p><span style=\"font-weight: 400\">A gastronomia completa a experi\u00eancia, com op\u00e7\u00f5es pensadas para acompanhar a atmosfera do festival e diferentes momentos da programa\u00e7\u00e3o. O p\u00fablico encontrar\u00e1 comidas, bebidas e produtos que dialogam com a proposta tem\u00e1tica do evento, al\u00e9m de op\u00e7\u00f5es para quem deseja fazer uma pausa entre as atra\u00e7\u00f5es.<\/span><\/p>\n<p><span style=\"font-weight: 400\">O <\/span><b>Ostara Festival 2026<\/b><span style=\"font-weight: 400\"> ser\u00e1 realizado nos dias <\/span><b>12 e 13 de setembro<\/b><span style=\"font-weight: 400\">, no <\/span><b>Espa\u00e7o Solarium<\/b><span style=\"font-weight: 400\">, em Belo Horizonte. No s\u00e1bado, a programa\u00e7\u00e3o acontece das <\/span><b>14h \u00e0s 22h<\/b><span style=\"font-weight: 400\">; no domingo, das <\/span><b>13h \u00e0s 21h<\/b><span style=\"font-weight: 400\">.<\/span><\/p>\n<p><span style=\"font-weight: 400\">Os ingressos est\u00e3o dispon\u00edveis pela <\/span><b>Sympla<\/b><span style=\"font-weight: 400\">, com diferentes modalidades, incluindo meia-entrada, ingresso social e op\u00e7\u00f5es para os dois dias de festival.<\/span><\/p>\n<p><span style=\"font-weight: 400\">Pensado para toda a fam\u00edlia, o Ostara Festival contar\u00e1 com o Reino Ostarinha, recebe o p\u00fablico infantil com atividades pr\u00f3prias, permitindo que crian\u00e7as tamb\u00e9m participem da celebra\u00e7\u00e3o. O festival tem ainda proposta <\/span><b>pet friendly<\/b><span style=\"font-weight: 400\">, ampliando a experi\u00eancia para diferentes perfis de visitantes.\u00a0<\/span><\/p>\n<p><span style=\"font-weight: 400\">Servi\u00e7o:<\/span><\/p>\n<h1><span style=\"font-weight: 400\">Ostara Festival celebra a primavera, a m\u00fasica e a cultura fant\u00e1stica na capital mineira<\/span><\/h1>\n<p><b>Data:<\/b><span style=\"font-weight: 400\"> 12 e 13 de setembro de 2026 (s\u00e1bado e domingo)<\/span><\/p>\n<p><b>Hor\u00e1rio:<\/b><span style=\"font-weight: 400\"> S\u00e1bado 12\/09: &#8212;&#8212;&#8212;&#8212;- 14h00 \u00e0s 22h00.<\/span><\/p>\n<p><span style=\"font-weight: 400\">Domingo 13\/09: &#8212;&#8212;&#8212;- 13h00 \u00e0s 21h00.<\/span><\/p>\n<p><span style=\"font-weight: 400\">Convites: Pre\u00e7o: a partir de R$70,00\u00a0 (condi\u00e7\u00f5es especiais para aniversariantes, pessoas caracterizadas, PCDs e pessoas trans e n\u00e3o bin\u00e1rias)<\/span><\/p>\n<p><b>Local: <\/b><span style=\"font-weight: 400\">Espa\u00e7o Solarium<\/span><\/p>\n<p><b>Endere\u00e7o: <\/b><span style=\"font-weight: 400\">Avenida Professor Cl\u00f3vis Salgado, n\u00ba1.710, bairro Bandeirantes (Pampulha) BH-MG.<\/span><\/p>\n<p><b>Vendas:<\/b><a href=\"https:\/\/www.sympla.com.br\/evento\/ostara-festival-2026\/3463312?referrer=www.google.com&amp;referrer=www.google.com\"> <b>SYMPLA<\/b><\/a><\/p>\n<p><b>Realiza\u00e7\u00e3o<\/b><span style=\"font-weight: 400\">: Creare Produ\u00e7\u00f5es &amp; Eventos (@producoes.creare)<\/span><\/p>\n","protected":false},"excerpt":{"rendered":"<p>Evento acontece nos dias 12 e 13 de setembro e re\u00fane atra\u00e7\u00f5es nacionais e internacionais, gastronomia, mercado tem\u00e1tico, atividades culturais e experi\u00eancias para diferentes p\u00fablicos. A chegada da primavera ganha uma celebra\u00e7\u00e3o especial em Belo Horizonte. Nos dias 12 e 13 de setembro, o Ostara Festival 2026 realiza no Espa\u00e7o Solarium, na Pampulha, reunindo m\u00fasica, [&hellip;]<\/p>\n","protected":false},"author":48,"featured_media":49098,"comment_status":"closed","ping_status":"closed","sticky":false,"template":"","format":"standard","meta":{"jetpack_post_was_ever_published":false,"_jetpack_newsletter_access":"","_jetpack_dont_email_post_to_subs":false,"_jetpack_newsletter_tier_id":0,"_jetpack_memberships_contains_paywalled_content":false,"_jetpack_memberships_contains_paid_content":false,"footnotes":"","jetpack_publicize_message":"","jetpack_publicize_feature_enabled":true,"jetpack_social_post_already_shared":true,"jetpack_social_options":{"image_generator_settings":{"template":"highway","enabled":false},"version":2}},"categories":[1,19,14,34,2],"tags":[],"class_list":["post-49097","post","type-post","status-publish","format-standard","has-post-thumbnail","hentry","category-culturaliza","category-destaque","category-dicas","category-diversao","category-eventos"],"jetpack_publicize_connections":[],"jetpack_featured_media_url":"https:\/\/culturalizabh.com.br\/wp-content\/uploads\/2026\/09\/BPR5326.jpg","jetpack_sharing_enabled":true,"jetpack_shortlink":"https:\/\/wp.me\/p864jz-cLT","_links":{"self":[{"href":"https:\/\/culturalizabh.com.br\/index.php\/wp-json\/wp\/v2\/posts\/49097","targetHints":{"allow":["GET"]}}],"collection":[{"href":"https:\/\/culturalizabh.com.br\/index.php\/wp-json\/wp\/v2\/posts"}],"about":[{"href":"https:\/\/culturalizabh.com.br\/index.php\/wp-json\/wp\/v2\/types\/post"}],"author":[{"embeddable":true,"href":"https:\/\/culturalizabh.com.br\/index.php\/wp-json\/wp\/v2\/users\/48"}],"replies":[{"embeddable":true,"href":"https:\/\/culturalizabh.com.br\/index.php\/wp-json\/wp\/v2\/comments?post=49097"}],"version-history":[{"count":1,"href":"https:\/\/culturalizabh.com.br\/index.php\/wp-json\/wp\/v2\/posts\/49097\/revisions"}],"predecessor-version":[{"id":49099,"href":"https:\/\/culturalizabh.com.br\/index.php\/wp-json\/wp\/v2\/posts\/49097\/revisions\/49099"}],"wp:featuredmedia":[{"embeddable":true,"href":"https:\/\/culturalizabh.com.br\/index.php\/wp-json\/wp\/v2\/media\/49098"}],"wp:attachment":[{"href":"https:\/\/culturalizabh.com.br\/index.php\/wp-json\/wp\/v2\/media?parent=49097"}],"wp:term":[{"taxonomy":"category","embeddable":true,"href":"https:\/\/culturalizabh.com.br\/index.php\/wp-json\/wp\/v2\/categories?post=49097"},{"taxonomy":"post_tag","embeddable":true,"href":"https:\/\/culturalizabh.com.br\/index.php\/wp-json\/wp\/v2\/tags?post=49097"}],"curies":[{"name":"wp","href":"https:\/\/api.w.org\/{rel}","templated":true}]}}