{"id":49086,"date":"2026-09-01T10:12:40","date_gmt":"2026-09-01T13:12:40","guid":{"rendered":"https:\/\/culturalizabh.com.br\/?p=49086"},"modified":"2026-09-01T12:58:24","modified_gmt":"2026-09-01T15:58:24","slug":"lfa-241-anuncia-card-completo-com-forte-presenca-de-atletas-de-belo-horizonte","status":"publish","type":"post","link":"https:\/\/culturalizabh.com.br\/index.php\/2026\/09\/01\/lfa-241-anuncia-card-completo-com-forte-presenca-de-atletas-de-belo-horizonte\/","title":{"rendered":"LFA 241 anuncia card completo com forte presen\u00e7a de atletas de Belo Horizonte"},"content":{"rendered":"<p style=\"text-align: left;\"><strong>Divulga\u00e7\u00e3o LFA Brasil.<\/strong><\/p>\n<p style=\"text-align: left;\">\n<p style=\"text-align: center;\"><strong><i>Estreia da organiza\u00e7\u00e3o em Minas Gerais ser\u00e1 no Mineirinho, com disputa de cintur\u00e3o mundial entre Rafael Pereira e Vinicius Pires<\/i><\/strong><\/p>\n<div>\n<div style=\"text-align: left;\"><\/div>\n<div style=\"text-align: left;\"><\/div>\n<div style=\"text-align: left;\">O LFA anunciou o card completo de sua estreia em Minas Gerais, marcada para 11 de setembro, no Mineirinho, em Belo Horizonte. A edi\u00e7\u00e3o, apresentada pelo Monster Energy, ter\u00e1 15 lutas, dez atletas mineiros e ser\u00e1 liderada pelo confronto entre Rafael Pereira e Vinicius Pires pelo cintur\u00e3o mundial vago dos pesos-galos.<\/div>\n<div style=\"text-align: left;\"><\/div>\n<div style=\"text-align: left;\"><img decoding=\"async\" src=\"https:\/\/ci3.googleusercontent.com\/meips\/ADKq_NYAY8UkF1otAnwyHZDdIpJVkcK5SesHqg_7R1cV6JVNFQ81aA4qCko3mnxiVLTUBT8pOfp1afG6KSaJSRk-oVc6JaL8WhCgeyOOCgCWdJ9Ylqqb28k5DgLYXUqei0OfB7sm7xCB8PygqjBPND3i6dDbdVR8cwB69HYt2_LGEkoieFHpImEfeLXhe_VVMi2NBtJH0ysIoFCCKGAqGWV9=s0-d-e1-ft#https:\/\/files.pressmanager.net\/clientes\/67dd844a69e08263976a65f343f9b4e0\/imagens\/2026\/08\/18\/912d9b6310ce45fe8faa9abbacc5ab6a_medium.jpg\" alt=\"\" width=\"300\" align=\"right\" hspace=\"10\" vspace=\"10\" \/>A presen\u00e7a local se espalha por diferentes posi\u00e7\u00f5es do evento. Seis atletas que vivem em Belo Horizonte foram escalados. Carlos Soares enfrenta o paraguaio Gustavo Pintos na segunda luta mais importante da noite, pela divis\u00e3o dos penas, e Gustavo Rocha encara Felipe Rosa pelos m\u00e9dios.<\/div>\n<div style=\"text-align: left;\"><\/div>\n<div style=\"text-align: left;\">Nas preliminares, Emerson Richard mede for\u00e7as com Salom\u00e3o Albuquerque pelos meio-m\u00e9dios, enquanto Adam Santos e Jo\u00e3o Vitor Pereira fazem um duelo entre atletas da capital pelos galos. Laryssa Leila completa o grupo diante de Fernanda At\u00f4mica, pela divis\u00e3o dos palhas.<\/div>\n<div style=\"text-align: left;\"><\/div>\n<div style=\"text-align: left;\">Outros quatro mineiros escalados atualmente vivem fora de Belo Horizonte. Rafael Pereira treina em Curitiba, Neemias Santana em Montes Claros, Lucas Hodak em Uberl\u00e2ndia e Thalyta Silva em S\u00e3o Paulo. Neemias enfrenta Marcos Silva pelos m\u00e9dios, Thalyta encara M\u00f4nica Fontes pelos galos e Hodak luta contra Lucas Silva pelos meio-m\u00e9dios.<\/div>\n<div style=\"text-align: left;\"><\/div>\n<div style=\"text-align: left;\">A escolha de tantos nomes ligados ao estado amplia a exposi\u00e7\u00e3o do MMA mineiro em uma organiza\u00e7\u00e3o que atua como liga de desenvolvimento e serve de caminho para atletas chegarem ao UFC. Para Rafael Feij\u00e3o, vice-presidente do LFA na Am\u00e9rica do Sul, a recep\u00e7\u00e3o encontrada em Belo Horizonte e o n\u00edvel dos lutadores locais aumentam a expectativa para a edi\u00e7\u00e3o.<\/div>\n<div style=\"text-align: left;\"><\/div>\n<div style=\"text-align: left;\">\u201cDesde que anunciamos a chegada do LFA, Belo Horizonte nos recebeu com a hospitalidade que \u00e9 uma marca de Minas Gerais. O estado tem um MMA de alto n\u00edvel, com muitos atletas preparados e uma hist\u00f3ria importante nos esportes de combate. Poder realizar esse evento no Mineirinho, um gin\u00e1sio t\u00e3o tradicional, aumenta ainda mais a nossa expectativa. Estamos trabalhando para fazer uma das maiores edi\u00e7\u00f5es do LFA j\u00e1 realizadas no Brasil e proporcionar uma grande noite para o p\u00fablico mineiro\u201d, afirmou Feij\u00e3o.<\/div>\n<div style=\"text-align: left;\"><\/div>\n<div style=\"text-align: left;\">Na luta principal, Rafael Pereira chega com uma sequ\u00eancia de cinco vit\u00f3rias no LFA e sem perder desde 2018. Natural de Sete Lagoas, o peso-galo soma 15 triunfos e quatro derrotas na carreira. Vinicius Pires tem 12 vit\u00f3rias, duas derrotas e um no contest e far\u00e1 sua segunda tentativa de conquistar o t\u00edtulo da organiza\u00e7\u00e3o.<\/div>\n<div style=\"text-align: left;\"><\/div>\n<div style=\"text-align: left;\">Pires disputou o cintur\u00e3o em novembro do ano passado, quando foi superado por decis\u00e3o un\u00e2nime pelo cazaque Artem Belakh. O t\u00edtulo voltou a ficar dispon\u00edvel depois que Belakh abriu m\u00e3o do posto para participar da temporada de 2026 do The Ultimate Fighter.<\/div>\n<div style=\"text-align: left;\"><\/div>\n<div style=\"text-align: left;\">O restante do card principal ter\u00e1 Marina Monteiro contra Raiane Vinuto, pela divis\u00e3o dos palhas, e Julio Assun\u00e7\u00e3o diante de Eduardo Dutra, pelos penas. As preliminares tamb\u00e9m incluem Igor Taylon contra Giovanni Garcia, Marcos Santos Silva diante de Victor Santos, Fabio Perp\u00e9tua contra Breno Yuri e Jackson Soares diante de Nicolas Santos.<\/div>\n<div style=\"text-align: left;\"><\/div>\n<div style=\"text-align: left;\">Os port\u00f5es ser\u00e3o abertos \u00e0s 16h30 e as preliminares come\u00e7am \u00e0s 17h. O card principal est\u00e1 previsto para as 21h, com transmiss\u00e3o da ESPN 4, enquanto parte das primeiras lutas ser\u00e1 exibida pelo LFA Fight Network, no YouTube. A arquibancada ter\u00e1 entrada gratuita mediante a entrega de 1 kg de alimento n\u00e3o perec\u00edvel por pessoa na bilheteria. Garanta sua entrada em\u00a0<a href=\"https:\/\/www.sympla.com.br\/evento\/lfa-241\/3542052\" target=\"_blank\" rel=\"noopener noreferrer\" data-saferedirecturl=\"https:\/\/www.google.com\/url?q=https:\/\/www.sympla.com.br\/evento\/lfa-241\/3542052&amp;source=gmail&amp;ust=1788297666033000&amp;usg=AOvVaw3SZXfVE-a1ULgYGkR4zUFr\">https:\/\/www.sympla.com.br\/<wbr \/>evento\/lfa-241\/3542052<\/a>. O acesso estar\u00e1 sujeito \u00e0 lota\u00e7\u00e3o do Mineirinho.<\/div>\n<div style=\"text-align: left;\"><\/div>\n<div style=\"text-align: left;\"><strong>Card completo:<\/strong><\/div>\n<div style=\"text-align: left;\"><\/div>\n<div style=\"text-align: left;\"><strong>LFA 241<\/strong><\/div>\n<div style=\"text-align: left;\"><strong>Gin\u00e1sio do Mineirinho, Belo Horizonte (MG)<\/strong><\/div>\n<div style=\"text-align: left;\"><strong>11 de setembro de 2026<\/strong><\/div>\n<div style=\"text-align: left;\"><\/div>\n<div style=\"text-align: left;\"><strong>Card principal<\/strong><\/div>\n<div style=\"text-align: left;\">61 kg: Rafael Pereira x Vinicius Pires &#8211; Cintur\u00e3o Mundial<\/div>\n<div style=\"text-align: left;\">66 kg: Gustavo Pintos x Carlos Soares<\/div>\n<div style=\"text-align: left;\">84 kg: Marcos Silva x Neemias Santana<\/div>\n<div style=\"text-align: left;\">84 kg: Felipe Rosa x Gustavo Rocha<\/div>\n<div style=\"text-align: left;\">52 kg: Marina Monteiro x Raiane Vinuto<\/div>\n<div style=\"text-align: left;\">66 kg: Julio Assun\u00e7\u00e3o x Eduardo Dutra<\/div>\n<div style=\"text-align: left;\"><\/div>\n<div style=\"text-align: left;\"><strong>Card preliminar<\/strong><\/div>\n<div style=\"text-align: left;\">61 kg: Igor Taylon x Giovanni Garcia<\/div>\n<div style=\"text-align: left;\">61 kg: M\u00f4nica Fontes x Thalyta Silva<\/div>\n<div style=\"text-align: left;\">70 kg: Marcos Santos Silva x Victor Santos<\/div>\n<div style=\"text-align: left;\">77 kg: Salom\u00e3o Albuquerque x Emerson Richard<\/div>\n<div style=\"text-align: left;\">61 kg: Fabio Perpetua x Breno Yuri<\/div>\n<div style=\"text-align: left;\">77 kg: Lucas Hodak x Lucas Silva<\/div>\n<div style=\"text-align: left;\">61 kg: Adam Santos x Jo\u00e3o Vitor Pereira<\/div>\n<div style=\"text-align: left;\">93 kg: Jackson Soares x Nicolas Santos<\/div>\n<div style=\"text-align: left;\">52 kg: Fernanda At\u00f4mica x Laryssa Leila<\/div>\n<div style=\"text-align: left;\"><\/div>\n<div style=\"text-align: left;\"><\/div>\n<div style=\"text-align: left;\"><strong>O p\u00fablico pode acompanhar as novidades sobre o LFA no YouTube, nas redes sociais oficiais e no site oficial:<\/strong><\/div>\n<div style=\"text-align: left;\">Instagram:\u00a0\u00a0<a href=\"https:\/\/www.instagram.com\/lfa_brasil\/\" target=\"_blank\" rel=\"noopener noreferrer\" data-saferedirecturl=\"https:\/\/www.google.com\/url?q=https:\/\/www.instagram.com\/lfa_brasil\/&amp;source=gmail&amp;ust=1788297666033000&amp;usg=AOvVaw1E-ETNvp798nByCf5m3evI\">https:\/\/www.instagram.com\/lfa_<wbr \/>brasil\/<\/a><\/div>\n<div style=\"text-align: left;\">Facebook:\u00a0<a href=\"https:\/\/www.facebook.com\/LFABrasil\" target=\"_blank\" rel=\"noopener noreferrer\" data-saferedirecturl=\"https:\/\/www.google.com\/url?q=https:\/\/www.facebook.com\/LFABrasil&amp;source=gmail&amp;ust=1788297666033000&amp;usg=AOvVaw2kJHnYp9YCvzwnD8gpFEdm\">https:\/\/www.facebook.com\/<wbr \/>LFABrasil<\/a><\/div>\n<div style=\"text-align: left;\">TikTok:\u00a0<a href=\"https:\/\/www.tiktok.com\/tag\/lfabrasil\" target=\"_blank\" rel=\"noopener noreferrer\" data-saferedirecturl=\"https:\/\/www.google.com\/url?q=https:\/\/www.tiktok.com\/tag\/lfabrasil&amp;source=gmail&amp;ust=1788297666033000&amp;usg=AOvVaw1Xxuu8JE4oISEcDt0LPsJe\">https:\/\/www.tiktok.com\/tag\/<wbr \/>lfabrasil<\/a><\/div>\n<div style=\"text-align: left;\">Youtube:\u00a0<a href=\"https:\/\/www.youtube.com\/@lfafights\" target=\"_blank\" rel=\"noopener noreferrer\" data-saferedirecturl=\"https:\/\/www.google.com\/url?q=https:\/\/www.youtube.com\/@lfafights&amp;source=gmail&amp;ust=1788297666033000&amp;usg=AOvVaw3fGZ_fAwSgJSq1g6ejGPv6\">https:\/\/www.youtube.com\/@<wbr \/>lfafights<\/a><\/div>\n<div style=\"text-align: left;\">X:\u00a0<a href=\"https:\/\/x.com\/LFAfighting\" target=\"_blank\" rel=\"noopener noreferrer\" data-saferedirecturl=\"https:\/\/www.google.com\/url?q=https:\/\/x.com\/LFAfighting&amp;source=gmail&amp;ust=1788297666033000&amp;usg=AOvVaw029U-mXqRfM6FKgkE5pCkz\">https:\/\/x.com\/LFAfighting<\/a><\/div>\n<div>\n<p style=\"text-align: left;\">Site: LFABrasil.com.<\/p>\n<p style=\"text-align: left;\"><strong>Servi\u00e7o<\/strong><\/p>\n<ul>\n<li style=\"text-align: left;\">Evento:\u00a0LFA\u00a0241 em BH<\/li>\n<li style=\"text-align: left;\">Data: 11 de setembro (sexta-feira)<\/li>\n<li style=\"text-align: left;\">Local: Gin\u00e1sio Mineirinho, Belo Horizonte (MG)<\/li>\n<li style=\"text-align: left;\">Hor\u00e1rio: port\u00f5es \u00e0s 16h30; primeira luta \u00e0s 17h; card principal \u00e0s 21h<\/li>\n<li style=\"text-align: left;\">Ingressos: ingresso solid\u00e1rio (gratuito mediante doa\u00e7\u00e3o de 1 kg de alimento n\u00e3o perec\u00edvel), retirada antecipada pelo Sympla; acesso sujeito \u00e0 lota\u00e7\u00e3o do Mineirinho<\/li>\n<\/ul>\n<\/div>\n<\/div>\n","protected":false},"excerpt":{"rendered":"<p>Divulga\u00e7\u00e3o LFA Brasil. Estreia da organiza\u00e7\u00e3o em Minas Gerais ser\u00e1 no Mineirinho, com disputa de cintur\u00e3o mundial entre Rafael Pereira e Vinicius Pires O LFA anunciou o card completo de sua estreia em Minas Gerais, marcada para 11 de setembro, no Mineirinho, em Belo Horizonte. A edi\u00e7\u00e3o, apresentada pelo Monster Energy, ter\u00e1 15 lutas, dez [&hellip;]<\/p>\n","protected":false},"author":28,"featured_media":49088,"comment_status":"closed","ping_status":"closed","sticky":true,"template":"","format":"standard","meta":{"jetpack_post_was_ever_published":false,"_jetpack_newsletter_access":"","_jetpack_dont_email_post_to_subs":false,"_jetpack_newsletter_tier_id":0,"_jetpack_memberships_contains_paywalled_content":false,"_jetpack_memberships_contains_paid_content":false,"footnotes":"","jetpack_publicize_message":"","jetpack_publicize_feature_enabled":true,"jetpack_social_post_already_shared":true,"jetpack_social_options":{"image_generator_settings":{"template":"highway","enabled":false},"version":2}},"categories":[14,34,18],"tags":[],"class_list":["post-49086","post","type-post","status-publish","format-standard","has-post-thumbnail","hentry","category-dicas","category-diversao","category-musica"],"jetpack_publicize_connections":[],"jetpack_featured_media_url":"https:\/\/culturalizabh.com.br\/wp-content\/uploads\/2026\/09\/Screenshot_20260901-095237_Fotos.png","jetpack_sharing_enabled":true,"jetpack_shortlink":"https:\/\/wp.me\/p864jz-cLI","_links":{"self":[{"href":"https:\/\/culturalizabh.com.br\/index.php\/wp-json\/wp\/v2\/posts\/49086","targetHints":{"allow":["GET"]}}],"collection":[{"href":"https:\/\/culturalizabh.com.br\/index.php\/wp-json\/wp\/v2\/posts"}],"about":[{"href":"https:\/\/culturalizabh.com.br\/index.php\/wp-json\/wp\/v2\/types\/post"}],"author":[{"embeddable":true,"href":"https:\/\/culturalizabh.com.br\/index.php\/wp-json\/wp\/v2\/users\/28"}],"replies":[{"embeddable":true,"href":"https:\/\/culturalizabh.com.br\/index.php\/wp-json\/wp\/v2\/comments?post=49086"}],"version-history":[{"count":2,"href":"https:\/\/culturalizabh.com.br\/index.php\/wp-json\/wp\/v2\/posts\/49086\/revisions"}],"predecessor-version":[{"id":49090,"href":"https:\/\/culturalizabh.com.br\/index.php\/wp-json\/wp\/v2\/posts\/49086\/revisions\/49090"}],"wp:featuredmedia":[{"embeddable":true,"href":"https:\/\/culturalizabh.com.br\/index.php\/wp-json\/wp\/v2\/media\/49088"}],"wp:attachment":[{"href":"https:\/\/culturalizabh.com.br\/index.php\/wp-json\/wp\/v2\/media?parent=49086"}],"wp:term":[{"taxonomy":"category","embeddable":true,"href":"https:\/\/culturalizabh.com.br\/index.php\/wp-json\/wp\/v2\/categories?post=49086"},{"taxonomy":"post_tag","embeddable":true,"href":"https:\/\/culturalizabh.com.br\/index.php\/wp-json\/wp\/v2\/tags?post=49086"}],"curies":[{"name":"wp","href":"https:\/\/api.w.org\/{rel}","templated":true}]}}