{"id":49082,"date":"2026-08-31T21:11:05","date_gmt":"2026-09-01T00:11:05","guid":{"rendered":"https:\/\/culturalizabh.com.br\/?p=49082"},"modified":"2026-08-31T21:11:28","modified_gmt":"2026-09-01T00:11:28","slug":"ce-ta-doido-festival-bate-recorte-e-arrecada-25-toneladas-de-alimentos-em-belo-horizonte","status":"publish","type":"post","link":"https:\/\/culturalizabh.com.br\/index.php\/2026\/08\/31\/ce-ta-doido-festival-bate-recorte-e-arrecada-25-toneladas-de-alimentos-em-belo-horizonte\/","title":{"rendered":"C\u00ca T\u00c1 DOIDO FESTIVAL bate recorte e arrecada 25 toneladas de alimentos em Belo Horizonte"},"content":{"rendered":"<p style=\"text-align: left;\"><strong>Cr\u00e9ditos: Christian ARK.<\/strong><\/p>\n<p style=\"text-align: left;\">\n<p style=\"text-align: center;\"><strong><i>Al\u00e9m de reunir mais de 35 mil pessoas no Mineir\u00e3o, evento com \u00cdcaro &amp; Gilmar, Panda e Humberto &amp; Ronaldo alcan\u00e7ou a maior arrecada\u00e7\u00e3o de alimentos n\u00e3o perec\u00edveis de sua hist\u00f3ria em uma \u00fanica edi\u00e7\u00e3o<\/i><\/strong><\/p>\n<div>\n<div style=\"text-align: left;\"><\/div>\n<div style=\"text-align: left;\">O \u201cC\u00ca T\u00c1 DOIDO FESTIVAL\u201d transformou a passagem por Belo Horizonte (MG) em um marco que vai muito al\u00e9m da m\u00fasica. Realizado no \u00faltimo s\u00e1bado (29), no Mineir\u00e3o, o evento bateu recorde de arrecada\u00e7\u00e3o ao alcan\u00e7ar 25 toneladas de alimentos n\u00e3o perec\u00edveis coletados em uma \u00fanica edi\u00e7\u00e3o.<\/div>\n<div style=\"text-align: left;\"><\/div>\n<div style=\"text-align: left;\"><img decoding=\"async\" src=\"https:\/\/ci3.googleusercontent.com\/meips\/ADKq_NZGOND92kfEbDgrltCkrrt9tkQRwc-gZf4PhpiJrgNaqU5W0eanYmHuj5u0uUtDRgOIs2VI18ljSkq0Svz-6YP5R1IMQ4c4z9rDK1vr-ArJLi0oT4Zx5WesELgHYEEqd0FJEiVw0BRiBzjnZueHPHGFB6pG9jvmEwADfO8MLFdYe8r2vswiXbb0zm73QxA74g2zYNmzDgXAnR6bhXZl=s0-d-e1-ft#https:\/\/files.pressmanager.net\/clientes\/67dd844a69e08263976a65f343f9b4e0\/imagens\/2026\/08\/31\/a1e3021f0269fecffcda45655d4cb98d_medium.jpg\" alt=\"\" width=\"200\" align=\"right\" hspace=\"10\" vspace=\"10\" \/>O resultado refor\u00e7a o trabalho desenvolvido pelo Instituto Maria Jos\u00e9 (IMJ), bra\u00e7o social da MJ MUSIC e MJ Entretenimento. Os alimentos arrecadados ser\u00e3o destinados a a\u00e7\u00f5es sociais na capital mineira e tamb\u00e9m em outras cidades da regi\u00e3o como Ressaquinha, Barbacena, Alto Rio Doce e Rit\u00e1polis.<\/div>\n<div style=\"text-align: left;\"><\/div>\n<div style=\"text-align: left;\">A meta inicial era 20 toneladas de alimentos arrecadados. Nas redes sociais, o empres\u00e1rio Rafael Cabral desafiou o p\u00fablico a aumentar os n\u00fameros de arrecada\u00e7\u00f5es. Caso isso acontecesse, seis toneladas tamb\u00e9m seriam enviadas ao Nordeste. \u201cBatemos a nossa meta e vamos multiplicar essa corrente do bem tamb\u00e9m para o Cear\u00e1 (CE)\u201d, comemorou Rafael.<\/div>\n<div style=\"text-align: left;\"><\/div>\n<div style=\"text-align: left;\">\u201c\u00c9 um n\u00famero que nos emociona muito. Ver 25 toneladas de alimentos arrecadadas mostra que o \u2018C\u00ca T\u00c1 DOIDO\u2019 cresceu n\u00e3o apenas como festival, mas tamb\u00e9m como uma ferramenta capaz de mobilizar milhares de pessoas em torno da solidariedade. Cada pessoa que contribuiu faz parte desse resultado\u201d, destaca a equipe do Instituto Maria Jos\u00e9.<\/div>\n<div style=\"text-align: left;\"><\/div>\n<div style=\"text-align: left;\">A assinatura do \u201cC\u00ca T\u00c1 DOIDO FESTIVAL\u201d \u00e9 da MJ Entretenimento, comandada pelos irm\u00e3os Michel, Fernando e Rafael Cabral. O IMJ foi criado em 2021 e leva o nome da m\u00e3e dos empres\u00e1rios. Ela faleceu em 2023.<\/div>\n<div style=\"text-align: left;\"><\/div>\n<div style=\"text-align: left;\">O line-up do Festival contou ainda com o DJ Comandante e o locutor Pedro Lima. O \u201cpagonejo\u201d do CDB, com PEU e Lucas, completou o time de atra\u00e7\u00f5es. A produ\u00e7\u00e3o local ficou por conta da Nenety Produ\u00e7\u00f5es.<\/div>\n<div style=\"text-align: left;\"><\/div>\n<div style=\"text-align: left;\">Al\u00e9m da mobiliza\u00e7\u00e3o social, o \u201cC\u00ca T\u00c1 DOIDO FESTIVAL\u201d mant\u00e9m o compromisso com a sustentabilidade por meio do conceito de evento res\u00edduo zero, refor\u00e7ando a proposta de aliar entretenimento, responsabilidade ambiental e transforma\u00e7\u00e3o social.<\/div>\n<div style=\"text-align: left;\"><\/div>\n<div style=\"text-align: left;\">ARTISTAS E FESTIVAL NO INSTAGRAM<\/div>\n<div style=\"text-align: left;\"><\/div>\n<div style=\"text-align: left;\">@cetadoido_festival<\/div>\n<div style=\"text-align: left;\">@icaroegilmar<\/div>\n<div style=\"text-align: left;\">@pandacantor<\/div>\n<div style=\"text-align: left;\">@humbertoeronaldo<\/div>\n<div style=\"text-align: left;\">@cdbcategoriadebase<\/div>\n<div style=\"text-align: left;\">@instituto.mariajose<\/div>\n<\/div>\n","protected":false},"excerpt":{"rendered":"<p>Cr\u00e9ditos: Christian ARK. Al\u00e9m de reunir mais de 35 mil pessoas no Mineir\u00e3o, evento com \u00cdcaro &amp; Gilmar, Panda e Humberto &amp; Ronaldo alcan\u00e7ou a maior arrecada\u00e7\u00e3o de alimentos n\u00e3o perec\u00edveis de sua hist\u00f3ria em uma \u00fanica edi\u00e7\u00e3o O \u201cC\u00ca T\u00c1 DOIDO FESTIVAL\u201d transformou a passagem por Belo Horizonte (MG) em um marco que vai [&hellip;]<\/p>\n","protected":false},"author":28,"featured_media":0,"comment_status":"closed","ping_status":"closed","sticky":true,"template":"","format":"standard","meta":{"jetpack_post_was_ever_published":false,"_jetpack_newsletter_access":"","_jetpack_dont_email_post_to_subs":false,"_jetpack_newsletter_tier_id":0,"_jetpack_memberships_contains_paywalled_content":false,"_jetpack_memberships_contains_paid_content":false,"footnotes":"","jetpack_publicize_message":"","jetpack_publicize_feature_enabled":true,"jetpack_social_post_already_shared":true,"jetpack_social_options":{"image_generator_settings":{"template":"highway","enabled":false},"version":2}},"categories":[1,34],"tags":[],"class_list":["post-49082","post","type-post","status-publish","format-standard","hentry","category-culturaliza","category-diversao"],"jetpack_publicize_connections":[],"jetpack_featured_media_url":"","jetpack_sharing_enabled":true,"jetpack_shortlink":"https:\/\/wp.me\/p864jz-cLE","_links":{"self":[{"href":"https:\/\/culturalizabh.com.br\/index.php\/wp-json\/wp\/v2\/posts\/49082","targetHints":{"allow":["GET"]}}],"collection":[{"href":"https:\/\/culturalizabh.com.br\/index.php\/wp-json\/wp\/v2\/posts"}],"about":[{"href":"https:\/\/culturalizabh.com.br\/index.php\/wp-json\/wp\/v2\/types\/post"}],"author":[{"embeddable":true,"href":"https:\/\/culturalizabh.com.br\/index.php\/wp-json\/wp\/v2\/users\/28"}],"replies":[{"embeddable":true,"href":"https:\/\/culturalizabh.com.br\/index.php\/wp-json\/wp\/v2\/comments?post=49082"}],"version-history":[{"count":2,"href":"https:\/\/culturalizabh.com.br\/index.php\/wp-json\/wp\/v2\/posts\/49082\/revisions"}],"predecessor-version":[{"id":49085,"href":"https:\/\/culturalizabh.com.br\/index.php\/wp-json\/wp\/v2\/posts\/49082\/revisions\/49085"}],"wp:attachment":[{"href":"https:\/\/culturalizabh.com.br\/index.php\/wp-json\/wp\/v2\/media?parent=49082"}],"wp:term":[{"taxonomy":"category","embeddable":true,"href":"https:\/\/culturalizabh.com.br\/index.php\/wp-json\/wp\/v2\/categories?post=49082"},{"taxonomy":"post_tag","embeddable":true,"href":"https:\/\/culturalizabh.com.br\/index.php\/wp-json\/wp\/v2\/tags?post=49082"}],"curies":[{"name":"wp","href":"https:\/\/api.w.org\/{rel}","templated":true}]}}