{"id":49079,"date":"2026-08-31T18:12:50","date_gmt":"2026-08-31T21:12:50","guid":{"rendered":"https:\/\/culturalizabh.com.br\/?p=49079"},"modified":"2026-08-31T18:12:50","modified_gmt":"2026-08-31T21:12:50","slug":"exposete-2026-comeca-nesta-quinta-feira-com-expectativa-de-edicao-historica","status":"publish","type":"post","link":"https:\/\/culturalizabh.com.br\/index.php\/2026\/08\/31\/exposete-2026-comeca-nesta-quinta-feira-com-expectativa-de-edicao-historica\/","title":{"rendered":"Exposete 2026 come\u00e7a nesta quinta-feira com expectativa de edi\u00e7\u00e3o hist\u00f3rica"},"content":{"rendered":"<p><strong>Artistas Exposete 2026 &#8211; Divulga\u00e7\u00e3o.<\/strong><\/p>\n<p>&nbsp;<\/p>\n<p style=\"text-align: center;\"><strong><i>Programa\u00e7\u00e3o, que vai at\u00e9 domingo, re\u00fane Henrique &amp; Juliano, Zez\u00e9 Di Camargo, Natanzinho Lima, Hugo &amp; Guilherme, Mari Fernandez, Di Paullo e Paulino, VH &amp; Alexandre, Panda, Rey Vaqueiro, Bia Frazzo, Trio Remelexo e +Uma Moda, al\u00e9m dos artistas do palco Talentos da Terra<\/i><\/strong><\/p>\n<div><center>\u00a0<\/center>A 54\u00aa Exposete Rodeio Festival come\u00e7a nesta quinta-feira, 3 de setembro, no Parque de Exposi\u00e7\u00f5es JK, em Sete Lagoas (MG), com casa cheia. O evento, que segue at\u00e9 domingo, 6 de setembro, est\u00e1 com mais de 90% dos ingressos vendidos, consolidando a edi\u00e7\u00e3o como uma das mais esperadas de sua hist\u00f3ria. A programa\u00e7\u00e3o re\u00fane Henrique &amp; Juliano, Zez\u00e9 Di Camargo, Natanzinho Lima, Hugo &amp; Guilherme, Mari Fernandez, Di Paullo e Paulino, VH &amp; Alexandre, Panda, Rey Vaqueiro, Bia Frazzo, Trio Remelexo e +Uma Moda, al\u00e9m dos artistas do palco Talentos da Terra e das tradicionais montarias na arena.<\/p>\n<p><img decoding=\"async\" src=\"https:\/\/ci3.googleusercontent.com\/meips\/ADKq_NZpqIOrpXGfVeOOMEc4uHGio0dC06uoLrz4cNYgap-9bIxtHJYYcbaoZ_LmEqN8IjZoH4vSNiVwYS6J6x1aJzXROrCcie0RHia9OBX8ire0MkPT4SPQbE5eAkpxykxHIFuMhy_TxTWHroJb5NnzPnU-lZS_WSEumfjamC3k21ylvscW1SLY4PFXaUhjYZFDgoCKwB_5FtGp_8tbIH9P=s0-d-e1-ft#https:\/\/files.pressmanager.net\/clientes\/67dd844a69e08263976a65f343f9b4e0\/imagens\/2026\/06\/30\/334c11bac6d473775d9f270e6bb34ed6_medium.jpg\" alt=\"\" width=\"200\" align=\"right\" hspace=\"10\" vspace=\"10\" \/>O sucesso de p\u00fablico registrado antes mesmo da abertura dos port\u00f5es coloca a Exposete 2026 na rota de um evento hist\u00f3rico. Com ingressos quase esgotados, a festa confirma sua for\u00e7a no calend\u00e1rio de Minas Gerais e a confian\u00e7a do p\u00fablico na entrega da organiza\u00e7\u00e3o. &#8220;O sucesso de vendas confirma a for\u00e7a da Exposete e a confian\u00e7a do p\u00fablico em nossa entrega. Estamos preparando uma estrutura completa para receber visitantes de todo o estado com o m\u00e1ximo de conforto e seguran\u00e7a&#8221;, destaca Nestor Neto, produtor do evento.<\/p>\n<p>A programa\u00e7\u00e3o come\u00e7a nesta quinta-feira, 3 de setembro, com entrada franca, garantindo acesso democr\u00e1tico \u00e0 cultura e ao entretenimento para a popula\u00e7\u00e3o de Sete Lagoas e regi\u00e3o. A noite de abertura tem shows de Di Paullo e Paulino e do Trio Remelexo, a partir das 19h. Na sexta-feira, 4 de setembro, o Parque de Exposi\u00e7\u00f5es JK recebe uma das noites mais aguardadas da edi\u00e7\u00e3o, com o sertanejo de Henrique &amp; Juliano no palco principal, al\u00e9m de Mari Fernandez e +Uma Moda.<\/p>\n<p>No s\u00e1bado, 5 de setembro, a festa segue em alta com Zez\u00e9 Di Camargo, uma das maiores refer\u00eancias da m\u00fasica sertaneja brasileira, ao lado de Hugo &amp; Guilherme e Rey Vaqueiro, em uma noite para todos os estilos e gera\u00e7\u00f5es. O encerramento acontece no domingo, 6 de setembro, v\u00e9spera de feriado, com Natanzinho Lima, VH &amp; Alexandre, Panda e Bia Frazzo, a partir das 17h, fechando a Exposete 2026 com a expectativa de recorde de p\u00fablico.<\/p>\n<p><img decoding=\"async\" src=\"https:\/\/ci3.googleusercontent.com\/meips\/ADKq_NaHBohseRvvrOARx0r8Fd0E5LG3Npl13mI8UqDb52CKOyc8K27EojHCeSUDYSOuxzBRKvmvhLK9T4YespSRMl-Fbzeyl5xCBZ4zgk0GuJ1Li8Xx4hBo-11sWZjERiJ11GXY5fpESrvVtYvlolaKn-njmNfZMUsOeLcK37UDGiXMiT-wqEwBhvEY7-udmW57KZg3_pmUiXhO9ikwRI8U=s0-d-e1-ft#https:\/\/files.pressmanager.net\/clientes\/67dd844a69e08263976a65f343f9b4e0\/imagens\/2026\/06\/30\/1897b3c9e948c04ffb91d74737ab0965_medium.jpg\" alt=\"\" width=\"200\" align=\"right\" hspace=\"10\" vspace=\"10\" \/>Al\u00e9m dos grandes shows nacionais, a Exposete preserva sua ess\u00eancia agropecu\u00e1ria, com rodeio profissional e uma gastronomia diversificada que transforma o evento em uma festa completa para toda a fam\u00edlia. Os \u00faltimos ingressos est\u00e3o dispon\u00edveis pela plataforma Guiche Web (<a href=\"http:\/\/www.guicheweb.com.br\/\" target=\"_blank\" rel=\"noopener noreferrer\" data-saferedirecturl=\"https:\/\/www.google.com\/url?q=http:\/\/www.guicheweb.com.br\/&amp;source=gmail&amp;ust=1788293488681000&amp;usg=AOvVaw39w-Pe5kzbqkXNsEqSw2Rx\">www.guicheweb.com.br<\/a>).<\/p>\n<p><strong>Sobre a\u00a0Exposete<\/strong><\/p>\n<p>A Exposi\u00e7\u00e3o Agropecu\u00e1ria de\u00a0Sete\u00a0Lagoas, conhecida como\u00a0Exposete, \u00e9 um dos eventos mais tradicionais de Minas Gerais, com mais de cinco d\u00e9cadas de hist\u00f3ria. Realizada no Parque de Exposi\u00e7\u00f5es JK, a festa movimenta a economia local, promove o agroneg\u00f3cio e oferece entretenimento de qualidade para toda a fam\u00edlia, consolidando\u00a0Sete\u00a0Lagoas como um dos polos de grandes eventos do estado. O evento \u00e9 uma realiza\u00e7\u00e3o da GB Promo\u00e7\u00f5es, EXP Produ\u00e7\u00f5es e Denilson Lanza, com o apoio da\u00a0Sete\u00a0Lagoas Vive, Prefeitura Municipal de\u00a0Sete\u00a0Lagoas, Sindicato dos Produtores Rurais de\u00a0Sete\u00a0Lagoas, Produtos Coyote, Hotel San Diego, Xeque Mate, Bosi Empreendimentos, Cooperlider, Consert Tech, Itaipava e Doces Ouro De Minas.<\/p>\n<p><strong>Servi\u00e7o\u00a0<\/strong><\/p>\n<p><strong>54\u00aa\u00a0Exposete\u00a0Rodeio Festival<\/strong><\/p>\n<p><strong>3 a 6 de setembro de 2026 \u2013 quinta a domingo<\/strong><\/p>\n<p><strong>Hor\u00e1rio de abertura dos port\u00f5es:<\/strong>\u00a0quinta a s\u00e1bado, \u00e0s 19h | domingo, \u00e0s 17h<\/p>\n<p><strong>Local:<\/strong>\u00a0Parque de Exposi\u00e7\u00f5es JK \u2013\u00a0<a href=\"https:\/\/www.google.com\/maps\/search\/Rua+Dalas,+60?entry=gmail&amp;source=g\" target=\"_blank\" rel=\"noopener noreferrer\" data-saferedirecturl=\"https:\/\/www.google.com\/url?q=https:\/\/www.google.com\/maps\/search\/Rua%2BDalas,%2B60?entry%3Dgmail%26source%3Dg&amp;source=gmail&amp;ust=1788293488681000&amp;usg=AOvVaw2CnhsfKjTC_JT4yepY-udn\">Rua Dalas, 60<\/a>\u00a0\u2013 Bairro S\u00e3o Crist\u00f3v\u00e3o \u2013\u00a0Sete\u00a0Lagoas\/MG<\/p>\n<p><strong>Venda de ingressos:<\/strong>\u00a0<a href=\"http:\/\/www.guicheweb.com.br\/\" target=\"_blank\" rel=\"noopener noreferrer\" data-saferedirecturl=\"https:\/\/www.google.com\/url?q=http:\/\/www.guicheweb.com.br\/&amp;source=gmail&amp;ust=1788293488681000&amp;usg=AOvVaw39w-Pe5kzbqkXNsEqSw2Rx\">www.guicheweb.com.<\/a><a href=\"http:\/\/www.guicheweb.com.br\/\" target=\"_blank\" rel=\"noopener noreferrer\" data-saferedirecturl=\"https:\/\/www.google.com\/url?q=http:\/\/www.guicheweb.com.br\/&amp;source=gmail&amp;ust=1788293488681000&amp;usg=AOvVaw39w-Pe5kzbqkXNsEqSw2Rx\"><wbr \/>br<\/a><\/p>\n<p><strong>\u00a0<\/strong><\/p>\n<p><strong>Programa\u00e7\u00e3o de shows:<\/strong><\/p>\n<p>03\/09 (quinta-feira) \u2013 entrada franca: Di Paullo e Paulino | Trio Remelexo<\/p>\n<p>04\/09 (sexta-feira): Henrique &amp; Juliano | Mari Fernandez | + Uma Moda<\/p>\n<p>05\/09 (s\u00e1bado): Zez\u00e9 Di Camargo | Hugo &amp; Guilherme | Rey Vaqueiro<\/p>\n<p>06\/09 (domingo) \u2013 v\u00e9spera de feriado: Natanzinho Lima | VH &amp; Alexandre | Panda | Bia Frazzo<\/p>\n<p><strong>\u00a0<\/strong><\/p>\n<p><strong>Realiza\u00e7\u00e3o:\u00a0<\/strong>GB Promo\u00e7\u00f5es, EXP Produ\u00e7\u00f5es e Denilson Lanza<\/p>\n<p><strong>Apoio:\u00a0<\/strong>Sete\u00a0Lagoas Vive, Prefeitura Municipal de\u00a0Sete\u00a0Lagoas, Sindicato dos Produtores Rurais de\u00a0Sete\u00a0Lagoas, Produtos Coyote, Hotel San Diego, Xeque Mate, Bosi Empreendimentos, Cooperlider, Consert Tech, Itaipava e Doces Ouro De Minas.<\/p>\n<\/div>\n","protected":false},"excerpt":{"rendered":"<p>Artistas Exposete 2026 &#8211; Divulga\u00e7\u00e3o. &nbsp; Programa\u00e7\u00e3o, que vai at\u00e9 domingo, re\u00fane Henrique &amp; Juliano, Zez\u00e9 Di Camargo, Natanzinho Lima, Hugo &amp; Guilherme, Mari Fernandez, Di Paullo e Paulino, VH &amp; Alexandre, Panda, Rey Vaqueiro, Bia Frazzo, Trio Remelexo e +Uma Moda, al\u00e9m dos artistas do palco Talentos da Terra \u00a0A 54\u00aa Exposete Rodeio Festival [&hellip;]<\/p>\n","protected":false},"author":28,"featured_media":49080,"comment_status":"closed","ping_status":"closed","sticky":true,"template":"","format":"standard","meta":{"jetpack_post_was_ever_published":false,"_jetpack_newsletter_access":"","_jetpack_dont_email_post_to_subs":false,"_jetpack_newsletter_tier_id":0,"_jetpack_memberships_contains_paywalled_content":false,"_jetpack_memberships_contains_paid_content":false,"footnotes":"","jetpack_publicize_message":"","jetpack_publicize_feature_enabled":true,"jetpack_social_post_already_shared":true,"jetpack_social_options":{"image_generator_settings":{"template":"highway","enabled":false},"version":2}},"categories":[1,19,14,34,2,18,6],"tags":[],"class_list":["post-49079","post","type-post","status-publish","format-standard","has-post-thumbnail","hentry","category-culturaliza","category-destaque","category-dicas","category-diversao","category-eventos","category-musica","category-shows"],"jetpack_publicize_connections":[],"jetpack_featured_media_url":"https:\/\/culturalizabh.com.br\/wp-content\/uploads\/2026\/08\/foto-expo7-2026-1-1.jpg","jetpack_sharing_enabled":true,"jetpack_shortlink":"https:\/\/wp.me\/p864jz-cLB","_links":{"self":[{"href":"https:\/\/culturalizabh.com.br\/index.php\/wp-json\/wp\/v2\/posts\/49079","targetHints":{"allow":["GET"]}}],"collection":[{"href":"https:\/\/culturalizabh.com.br\/index.php\/wp-json\/wp\/v2\/posts"}],"about":[{"href":"https:\/\/culturalizabh.com.br\/index.php\/wp-json\/wp\/v2\/types\/post"}],"author":[{"embeddable":true,"href":"https:\/\/culturalizabh.com.br\/index.php\/wp-json\/wp\/v2\/users\/28"}],"replies":[{"embeddable":true,"href":"https:\/\/culturalizabh.com.br\/index.php\/wp-json\/wp\/v2\/comments?post=49079"}],"version-history":[{"count":1,"href":"https:\/\/culturalizabh.com.br\/index.php\/wp-json\/wp\/v2\/posts\/49079\/revisions"}],"predecessor-version":[{"id":49081,"href":"https:\/\/culturalizabh.com.br\/index.php\/wp-json\/wp\/v2\/posts\/49079\/revisions\/49081"}],"wp:featuredmedia":[{"embeddable":true,"href":"https:\/\/culturalizabh.com.br\/index.php\/wp-json\/wp\/v2\/media\/49080"}],"wp:attachment":[{"href":"https:\/\/culturalizabh.com.br\/index.php\/wp-json\/wp\/v2\/media?parent=49079"}],"wp:term":[{"taxonomy":"category","embeddable":true,"href":"https:\/\/culturalizabh.com.br\/index.php\/wp-json\/wp\/v2\/categories?post=49079"},{"taxonomy":"post_tag","embeddable":true,"href":"https:\/\/culturalizabh.com.br\/index.php\/wp-json\/wp\/v2\/tags?post=49079"}],"curies":[{"name":"wp","href":"https:\/\/api.w.org\/{rel}","templated":true}]}}