{"id":49074,"date":"2026-08-31T15:23:06","date_gmt":"2026-08-31T18:23:06","guid":{"rendered":"https:\/\/culturalizabh.com.br\/?p=49074"},"modified":"2026-08-31T15:23:37","modified_gmt":"2026-08-31T18:23:37","slug":"pagobinho-acontece-neste-sabado-em-bh-com-participacoes-especiais-de-kamisa-10-e-ta-na-mente","status":"publish","type":"post","link":"https:\/\/culturalizabh.com.br\/index.php\/2026\/08\/31\/pagobinho-acontece-neste-sabado-em-bh-com-participacoes-especiais-de-kamisa-10-e-ta-na-mente\/","title":{"rendered":"Pagobinho acontece neste s\u00e1bado em BH com participa\u00e7\u00f5es especiais de Kamisa 10 e T\u00e1 na Mente"},"content":{"rendered":"<p style=\"text-align: left;\"><strong>Fabinho &#8211; Divulga\u00e7\u00e3o.<\/strong><\/p>\n<p style=\"text-align: left;\">\n<p style=\"text-align: center;\"><strong><i>Evento comandado por Fabinho, um dos maiores nomes da nova gera\u00e7\u00e3o do pagode atual, vai ocupar a Arena Independ\u00eancia com um palco 360\u00ba<\/i><\/strong><\/p>\n<div><center>\u00a0<\/center><\/p>\n<p style=\"text-align: left;\">A primeira edi\u00e7\u00e3o do Pagobinho em Belo Horizonte acontece neste s\u00e1bado, dia 05 de setembro, na Arena Independ\u00eancia, com abertura dos port\u00f5es \u00e0s 15h. Comandado pelo cantor Fabinho, um dos maiores expoentes da nova gera\u00e7\u00e3o do pagode nacional, o evento chega \u00e0 capital mineira com a proposta de unir a grandiosidade dos est\u00e1dios ao calor das tradicionais rodas de samba. E o agito ganhou um refor\u00e7o de peso: o anfitri\u00e3o da festa anunciou que vai receber as participa\u00e7\u00f5es especiais de Kamisa 10 e T\u00e1 na Mente.<\/p>\n<p style=\"text-align: left;\"><img decoding=\"async\" src=\"https:\/\/ci3.googleusercontent.com\/meips\/ADKq_NanIOqJ7fS9iteL-1ThhD3dEIpPTZD7yJE5ou7IrzN1KSd_2cnQumJL7rHwnzGGinoHeFvOGnC-lCrvk5vmpuYXa31HzSmwC88UJL92GctW2eac0Mef8gn5eEYH5ULY8d5GiPky-pe0L-PCBEUWF1XNUQ1LbP8SxR_BTqg30Um90U1hEF-QH4FthBQ_mvYfR80TNZaJ0titVSt2DbBb=s0-d-e1-ft#https:\/\/files.pressmanager.net\/clientes\/67dd844a69e08263976a65f343f9b4e0\/imagens\/2026\/08\/31\/8d6024e589bc6a25e54f56a1ffd9a8dc_medium.jpg\" alt=\"\" width=\"200\" align=\"right\" hspace=\"10\" vspace=\"10\" \/>O projeto chega a BH com um palco 360\u00ba chancelado por n\u00fameros expressivos. Em edi\u00e7\u00e3o realizada em S\u00e3o Gon\u00e7alo, no Rio de Janeiro, o evento reuniu mais de 13 mil pessoas. Fabinho, que ultrapassa a marca de 1 milh\u00e3o de ouvintes mensais no Spotify, preparou para o p\u00fablico mineiro um repert\u00f3rio que mescla sucessos autorais, cl\u00e1ssicos do g\u00eanero e releituras que ganharam as redes sociais nos \u00faltimos meses. Ao lado do Kamisa 10 e do T\u00e1 na Mente, a festa promete encontros e vers\u00f5es que refor\u00e7am o clima de roda entre amigos que define o projeto.<\/p>\n<p style=\"text-align: left;\">Aos 30 anos, o cantor se firma como um dos principais expoentes do pagode da nova gera\u00e7\u00e3o. S\u00e3o mais de 500 mil seguidores no Instagram, mais de 120 mil inscritos no YouTube e mais de 1 milh\u00e3o de ouvintes mensais no Spotify \u2014 uma trajet\u00f3ria constru\u00edda em conex\u00e3o direta com o ambiente digital, com produ\u00e7\u00e3o constante de conte\u00fado e proximidade com os f\u00e3s.<\/p>\n<p style=\"text-align: left;\">Os \u00faltimos ingressos est\u00e3o dispon\u00edveis pela plataforma\u00a0<a href=\"http:\/\/www.centraldoseventos.com.br\/\" target=\"_blank\" rel=\"noopener noreferrer\" data-saferedirecturl=\"https:\/\/www.google.com\/url?q=http:\/\/www.centraldoseventos.com.br\/&amp;source=gmail&amp;ust=1788276744669000&amp;usg=AOvVaw3R6_MpytjAybhSxvLp75VU\">www.centraldoseventos.com.br<\/a>.<\/p>\n<p style=\"text-align: left;\"><strong>Servi\u00e7o<\/strong><\/p>\n<ul>\n<li style=\"text-align: left;\"><strong>Evento:<\/strong>\u00a01\u00aa edi\u00e7\u00e3o do\u00a0Pagobinho\u00a0em Belo Horizonte<\/li>\n<li style=\"text-align: left;\"><strong>Atra\u00e7\u00f5es:<\/strong>\u00a0Fabinho, Kamisa 10 e T\u00e1 na Mente<\/li>\n<li style=\"text-align: left;\"><strong>Data:<\/strong>\u00a005 de setembro (s\u00e1bado)<\/li>\n<li style=\"text-align: left;\"><strong>Hor\u00e1rio:<\/strong>\u00a0Abertura dos port\u00f5es \u00e0s 15h<\/li>\n<li style=\"text-align: left;\"><strong>Local:<\/strong>\u00a0Arena Independ\u00eancia (<a href=\"https:\/\/www.google.com\/maps\/search\/Rua+Pitangui,+3230+-+Horto,+BH%2FMG?entry=gmail&amp;source=g\" target=\"_blank\" rel=\"noopener noreferrer\" data-saferedirecturl=\"https:\/\/www.google.com\/url?q=https:\/\/www.google.com\/maps\/search\/Rua%2BPitangui,%2B3230%2B-%2BHorto,%2BBH%252FMG?entry%3Dgmail%26source%3Dg&amp;source=gmail&amp;ust=1788276744669000&amp;usg=AOvVaw14KutAK1HF_IhCU01WoVXu\">Rua Pitangui, 3230 &#8211; Horto, BH\/MG<\/a>)<\/li>\n<li style=\"text-align: left;\"><strong>Ingressos:<\/strong>\u00a0<a href=\"http:\/\/www.centraldoseventos.com.br\/\" target=\"_blank\" rel=\"noopener noreferrer\" data-saferedirecturl=\"https:\/\/www.google.com\/url?q=http:\/\/www.centraldoseventos.com.br\/&amp;source=gmail&amp;ust=1788276744669000&amp;usg=AOvVaw3R6_MpytjAybhSxvLp75VU\">www.<\/a><a href=\"http:\/\/www.centraldoseventos.com.br\/\" target=\"_blank\" rel=\"noopener noreferrer\" data-saferedirecturl=\"https:\/\/www.google.com\/url?q=http:\/\/www.centraldoseventos.com.br\/&amp;source=gmail&amp;ust=1788276744669000&amp;usg=AOvVaw3R6_MpytjAybhSxvLp75VU\"><wbr \/>centraldoseventos.com.br<\/a><\/li>\n<\/ul>\n<\/div>\n","protected":false},"excerpt":{"rendered":"<p>Fabinho &#8211; Divulga\u00e7\u00e3o. Evento comandado por Fabinho, um dos maiores nomes da nova gera\u00e7\u00e3o do pagode atual, vai ocupar a Arena Independ\u00eancia com um palco 360\u00ba \u00a0 A primeira edi\u00e7\u00e3o do Pagobinho em Belo Horizonte acontece neste s\u00e1bado, dia 05 de setembro, na Arena Independ\u00eancia, com abertura dos port\u00f5es \u00e0s 15h. Comandado pelo cantor Fabinho, [&hellip;]<\/p>\n","protected":false},"author":28,"featured_media":49075,"comment_status":"closed","ping_status":"closed","sticky":true,"template":"","format":"standard","meta":{"jetpack_post_was_ever_published":false,"_jetpack_newsletter_access":"","_jetpack_dont_email_post_to_subs":false,"_jetpack_newsletter_tier_id":0,"_jetpack_memberships_contains_paywalled_content":false,"_jetpack_memberships_contains_paid_content":false,"footnotes":"","jetpack_publicize_message":"","jetpack_publicize_feature_enabled":true,"jetpack_social_post_already_shared":true,"jetpack_social_options":{"image_generator_settings":{"template":"highway","enabled":false},"version":2}},"categories":[1,19,14,34,18],"tags":[],"class_list":["post-49074","post","type-post","status-publish","format-standard","has-post-thumbnail","hentry","category-culturaliza","category-destaque","category-dicas","category-diversao","category-musica"],"jetpack_publicize_connections":[],"jetpack_featured_media_url":"https:\/\/culturalizabh.com.br\/wp-content\/uploads\/2026\/08\/Screenshot_20260831-144511_Fotos.png","jetpack_sharing_enabled":true,"jetpack_shortlink":"https:\/\/wp.me\/p864jz-cLw","_links":{"self":[{"href":"https:\/\/culturalizabh.com.br\/index.php\/wp-json\/wp\/v2\/posts\/49074","targetHints":{"allow":["GET"]}}],"collection":[{"href":"https:\/\/culturalizabh.com.br\/index.php\/wp-json\/wp\/v2\/posts"}],"about":[{"href":"https:\/\/culturalizabh.com.br\/index.php\/wp-json\/wp\/v2\/types\/post"}],"author":[{"embeddable":true,"href":"https:\/\/culturalizabh.com.br\/index.php\/wp-json\/wp\/v2\/users\/28"}],"replies":[{"embeddable":true,"href":"https:\/\/culturalizabh.com.br\/index.php\/wp-json\/wp\/v2\/comments?post=49074"}],"version-history":[{"count":3,"href":"https:\/\/culturalizabh.com.br\/index.php\/wp-json\/wp\/v2\/posts\/49074\/revisions"}],"predecessor-version":[{"id":49078,"href":"https:\/\/culturalizabh.com.br\/index.php\/wp-json\/wp\/v2\/posts\/49074\/revisions\/49078"}],"wp:featuredmedia":[{"embeddable":true,"href":"https:\/\/culturalizabh.com.br\/index.php\/wp-json\/wp\/v2\/media\/49075"}],"wp:attachment":[{"href":"https:\/\/culturalizabh.com.br\/index.php\/wp-json\/wp\/v2\/media?parent=49074"}],"wp:term":[{"taxonomy":"category","embeddable":true,"href":"https:\/\/culturalizabh.com.br\/index.php\/wp-json\/wp\/v2\/categories?post=49074"},{"taxonomy":"post_tag","embeddable":true,"href":"https:\/\/culturalizabh.com.br\/index.php\/wp-json\/wp\/v2\/tags?post=49074"}],"curies":[{"name":"wp","href":"https:\/\/api.w.org\/{rel}","templated":true}]}}