{"id":49071,"date":"2026-08-31T13:26:57","date_gmt":"2026-08-31T16:26:57","guid":{"rendered":"https:\/\/culturalizabh.com.br\/?p=49071"},"modified":"2026-08-31T13:26:57","modified_gmt":"2026-08-31T16:26:57","slug":"ce-ta-doido-festival-faz-historia-em-belo-horizonte-e-coloca-o-mineirao-inteiro-para-cantar","status":"publish","type":"post","link":"https:\/\/culturalizabh.com.br\/index.php\/2026\/08\/31\/ce-ta-doido-festival-faz-historia-em-belo-horizonte-e-coloca-o-mineirao-inteiro-para-cantar\/","title":{"rendered":"C\u00ca T\u00c1 DOIDO FESTIVAL faz hist\u00f3ria em Belo Horizonte e coloca o Mineir\u00e3o inteiro para cantar"},"content":{"rendered":"<p><strong>C\u00ea t\u00e1 Doido no Mineir\u00e3o &#8211; Divulga\u00e7\u00e3o.<\/strong><\/p>\n<p>&nbsp;<\/p>\n<p style=\"text-align: center;\"><strong><i>Label sertaneja de maior sucesso da atualidade, com \u00cdcaro &amp; Gilmar, Panda e Humberto &amp; Ronaldo, levou uma multid\u00e3o ao Gigante da Pampulha no \u00faltimo s\u00e1bado (29)<\/i><\/strong><\/p>\n<div>\n<div><\/div>\n<div><\/div>\n<div>O \u201cC\u00ca T\u00c1 DOIDO FESTIVAL\u201d parou Belo Horizonte (MG) no \u00faltimo s\u00e1bado (29). \u00cdcaro &amp; Gilmar, Panda e Humberto &amp; Ronaldo garantiram mais uma edi\u00e7\u00e3o hist\u00f3rica. O evento aconteceu no Est\u00e1dio Governador Magalh\u00e3es Pinto, mais conhecido como Mineir\u00e3o, onde os cinco artistas esbanjaram simpatia durante intera\u00e7\u00e3o com o p\u00fablico com mais de 35 mil pessoas, ficando ainda mais perto dos f\u00e3s, em um palco 360\u00b0 em formato de posto de combust\u00edveis. A estrutura impressionou o p\u00fablico, assim como os tradicionais fogos de artif\u00edcio, da abertura ao final da apresenta\u00e7\u00e3o, proporcionando um verdadeiro espet\u00e1culo visual.<\/div>\n<div><\/div>\n<div><img decoding=\"async\" src=\"https:\/\/ci3.googleusercontent.com\/meips\/ADKq_NaTg1Ag57Oq6ipDNnI5YVaNys91wev2hRt0suprUV65Hd_5z2L3Ewea-gTZ8RPcxOHqGAPzz5ULI1rNLQvE45jkgKj0MSLp1VrojH_9XyMEcut1pbFg4u0bWsExUd-l8ZdYQ4ywrDKGngRoTB3H06gEiFvrhEeioQQxB_qB3Mhg6WbOXCcQKKxV20oL64Zl8R0YxsNlsuTvHpAQM1j6=s0-d-e1-ft#https:\/\/files.pressmanager.net\/clientes\/67dd844a69e08263976a65f343f9b4e0\/imagens\/2026\/08\/31\/e785ba0b7b07f836e6a25cc3622a3014_medium.jpg\" alt=\"\" width=\"200\" align=\"right\" hspace=\"10\" vspace=\"10\" \/>O repert\u00f3rio trouxe m\u00fasicas dos quatro DVDs j\u00e1 gravados dentro de postos de combust\u00edveis (S\u00e3o Jos\u00e9 do Rio Preto (SP), Santa F\u00e9 do Sul (SP), Fortaleza (CE) e Campo Grande (MS)), al\u00e9m de hits que marcaram as carreiras e gera\u00e7\u00f5es da m\u00fasica sertaneja, incluindo a mistura com outros ritmos. O p\u00fablico correspondeu cantando do come\u00e7o ao fim.<\/div>\n<div><\/div>\n<div>A assinatura do \u201cC\u00ca T\u00c1 DOIDO FESTIVAL\u201d \u00e9 da MJ Entretenimento que tem a frente os irm\u00e3os Michel, Fernando e Rafael Cabral. Os tr\u00eas recepcionaram os artistas no in\u00edcio do show na passarela principal e referenciaram a mem\u00f3ria de Maria Jos\u00e9, m\u00e3e dos empres\u00e1rios que faleceu em 2023. Ela era uma entusiasta do projeto que hoje se tornou a label de maior sucesso do sertanejo na atualidade.<\/div>\n<div><\/div>\n<div>O line-up do Festival teve ainda o DJ Comandante, al\u00e9m do locutor Pedro Lima. O \u201cpagonejo\u201d do CDB com PEU e Lucas completou o time de atra\u00e7\u00f5es. A produ\u00e7\u00e3o local ficou por conta da Nenety Eventos.<\/div>\n<div><\/div>\n<div>\u201cEst\u00e1vamos ali para dar o nosso melhor sempre. Foi fant\u00e1stico\u201d, destacou Panda. \u201cUm dia inesquec\u00edvel. Sab\u00edamos que seria especial, mas foi al\u00e9m\u201d, refor\u00e7aram Humberto &amp; Ronaldo. \u201cEnquanto mineiros, era o nosso sonho cantar no Mineir\u00e3o. E isso se tornou realidade\u201d, complementaram \u00cdcaro &amp; Gilmar.<\/div>\n<div><\/div>\n<div>O p\u00fablico tamb\u00e9m fez bonito durante o \u201cC\u00ca T\u00c1 DOIDO FESTIVAL\u201d. \u201cFoi expressivo o n\u00famero de alimentos n\u00e3o-perec\u00edveis arrecadados na edi\u00e7\u00e3o de Belo Horizonte\u201d, antecipou a equipe do\u00a0 Instituto Maria Jos\u00e9 (IMJ), bra\u00e7o social da MJ MUSIC e MJ Entretenimento. O n\u00famero total da arrecada\u00e7\u00e3o destinada a diferentes munic\u00edpios da regi\u00e3o ser\u00e1 divulgado em breve. O \u201cC\u00ca T\u00c1 DOIDO FESTIVAL\u201d tamb\u00e9m \u00e9 um evento res\u00edduo zero, o que refor\u00e7a o compromisso do projeto com a sustentabilidade.<\/div>\n<div><\/div>\n<div><\/div>\n<div>ARTISTAS E FESTIVAL NO INSTAGRAM<\/div>\n<div>@cetadoido_festival<\/div>\n<div>@icaroegilmar<\/div>\n<div>@pandacantor<\/div>\n<div>@humbertoeronaldo<\/div>\n<div>@cdbcategoriadebase<\/div>\n<div style=\"text-align: center;\">@instituto.mariajose<\/div>\n<\/div>\n","protected":false},"excerpt":{"rendered":"<p>C\u00ea t\u00e1 Doido no Mineir\u00e3o &#8211; Divulga\u00e7\u00e3o. &nbsp; Label sertaneja de maior sucesso da atualidade, com \u00cdcaro &amp; Gilmar, Panda e Humberto &amp; Ronaldo, levou uma multid\u00e3o ao Gigante da Pampulha no \u00faltimo s\u00e1bado (29) O \u201cC\u00ca T\u00c1 DOIDO FESTIVAL\u201d parou Belo Horizonte (MG) no \u00faltimo s\u00e1bado (29). \u00cdcaro &amp; Gilmar, Panda e Humberto &amp; [&hellip;]<\/p>\n","protected":false},"author":28,"featured_media":0,"comment_status":"closed","ping_status":"closed","sticky":true,"template":"","format":"standard","meta":{"jetpack_post_was_ever_published":false,"_jetpack_newsletter_access":"","_jetpack_dont_email_post_to_subs":false,"_jetpack_newsletter_tier_id":0,"_jetpack_memberships_contains_paywalled_content":false,"_jetpack_memberships_contains_paid_content":false,"footnotes":"","jetpack_publicize_message":"","jetpack_publicize_feature_enabled":true,"jetpack_social_post_already_shared":true,"jetpack_social_options":{"image_generator_settings":{"template":"highway","enabled":false},"version":2}},"categories":[1,34],"tags":[],"class_list":["post-49071","post","type-post","status-publish","format-standard","hentry","category-culturaliza","category-diversao"],"jetpack_publicize_connections":[],"jetpack_featured_media_url":"","jetpack_sharing_enabled":true,"jetpack_shortlink":"https:\/\/wp.me\/p864jz-cLt","_links":{"self":[{"href":"https:\/\/culturalizabh.com.br\/index.php\/wp-json\/wp\/v2\/posts\/49071","targetHints":{"allow":["GET"]}}],"collection":[{"href":"https:\/\/culturalizabh.com.br\/index.php\/wp-json\/wp\/v2\/posts"}],"about":[{"href":"https:\/\/culturalizabh.com.br\/index.php\/wp-json\/wp\/v2\/types\/post"}],"author":[{"embeddable":true,"href":"https:\/\/culturalizabh.com.br\/index.php\/wp-json\/wp\/v2\/users\/28"}],"replies":[{"embeddable":true,"href":"https:\/\/culturalizabh.com.br\/index.php\/wp-json\/wp\/v2\/comments?post=49071"}],"version-history":[{"count":1,"href":"https:\/\/culturalizabh.com.br\/index.php\/wp-json\/wp\/v2\/posts\/49071\/revisions"}],"predecessor-version":[{"id":49073,"href":"https:\/\/culturalizabh.com.br\/index.php\/wp-json\/wp\/v2\/posts\/49071\/revisions\/49073"}],"wp:attachment":[{"href":"https:\/\/culturalizabh.com.br\/index.php\/wp-json\/wp\/v2\/media?parent=49071"}],"wp:term":[{"taxonomy":"category","embeddable":true,"href":"https:\/\/culturalizabh.com.br\/index.php\/wp-json\/wp\/v2\/categories?post=49071"},{"taxonomy":"post_tag","embeddable":true,"href":"https:\/\/culturalizabh.com.br\/index.php\/wp-json\/wp\/v2\/tags?post=49071"}],"curies":[{"name":"wp","href":"https:\/\/api.w.org\/{rel}","templated":true}]}}