{"id":49068,"date":"2026-08-31T11:00:52","date_gmt":"2026-08-31T14:00:52","guid":{"rendered":"https:\/\/culturalizabh.com.br\/?p=49068"},"modified":"2026-08-31T08:30:07","modified_gmt":"2026-08-31T11:30:07","slug":"marcelo-serrado-apresenta-espetaculo-terapia-em-belo-horizonte","status":"publish","type":"post","link":"https:\/\/culturalizabh.com.br\/index.php\/2026\/08\/31\/marcelo-serrado-apresenta-espetaculo-terapia-em-belo-horizonte\/","title":{"rendered":"Marcelo Serrado apresenta espet\u00e1culo &#8220;Terapia&#8221; em Belo Horizonte"},"content":{"rendered":"<p style=\"text-align: left;\">Depois de conquistar o p\u00fablico com seu humor afiado e personagens marcantes na televis\u00e3o e no teatro, <strong>Marcelo Serrado<\/strong> desembarca em Belo Horizonte com o espet\u00e1culo <strong>&#8220;Terapia&#8221;<\/strong>, uma com\u00e9dia que transforma crises, neuroses e situa\u00e7\u00f5es do cotidiano em uma experi\u00eancia divertida e surpreendentemente \u00edntima. As apresenta\u00e7\u00f5es acontecem nos dias 5 e 6 de setembro, no Cine Theatro Brasil.<\/p>\n<p>&nbsp;<\/p>\n<p style=\"text-align: left;\">Com texto de <strong>Marcelo Serrado<\/strong> e <strong>Guilherme Rocha<\/strong> e dire\u00e7\u00e3o de <strong>Fernando Ceyl\u00e3o,<\/strong> o espet\u00e1culo convida o p\u00fablico para uma sess\u00e3o de an\u00e1lise nada convencional. Em cena, Serrado interpreta um homem que exp\u00f5e suas ang\u00fastias, medos, epis\u00f3dios de p\u00e2nico, crises conjugais, viagens inusitadas e dilemas existenciais, conduzindo a narrativa com humor \u00e1cido, ironia e muito improviso.<\/p>\n<p>&nbsp;<\/p>\n<p style=\"text-align: left;\">Ao longo de 70 minutos, o ator estabelece uma rela\u00e7\u00e3o direta com a plateia, alternando confiss\u00f5es, piadas afiadas e intera\u00e7\u00f5es espont\u00e2neas que tornam cada apresenta\u00e7\u00e3o \u00fanica. Em meio \u00e0s hist\u00f3rias tragic\u00f4micas, o p\u00fablico ainda \u00e9 surpreendido por momentos inusitados, como uma sess\u00e3o de hipnose ao vivo, refor\u00e7ando o car\u00e1ter imprevis\u00edvel da montagem.<\/p>\n<p>&nbsp;<\/p>\n<p style=\"text-align: left;\">Sem recorrer ao melodrama,<strong> &#8220;Terapia&#8221;<\/strong> transforma momentos delicados da vida em humor, convidando o p\u00fablico a rir das pr\u00f3prias inseguran\u00e7as e contradi\u00e7\u00f5es. Com uma atua\u00e7\u00e3o intensa e marcada pelo improviso, Marcelo Serrado conduz uma reflex\u00e3o leve sobre ansiedade, rela\u00e7\u00f5es humanas e os desafios do cotidiano, mostrando que rir de si mesmo talvez seja, de fato, o melhor tipo de terapia.<\/p>\n<p>&nbsp;<\/p>\n<p style=\"text-align: left;\"><strong>Servi\u00e7o<\/strong><\/p>\n<p style=\"text-align: left;\"><strong>Espet\u00e1culo<\/strong>: <strong>Terapia<\/strong><\/p>\n<p style=\"text-align: left;\"><strong>quando<\/strong>: 5 e 6 de setembro<\/p>\n<p style=\"text-align: left;\"><strong>Hora<\/strong>: s\u00e1bado, \u00e0s 21h, e domingo, \u00e0s 19h<\/p>\n<p style=\"text-align: left;\"><strong>Onde<\/strong>: Cine Theatro Brasil<\/p>\n<p style=\"text-align: left;\"><a href=\"https:\/\/www.google.com\/maps\/search\/Av.+Amazonas,+315?entry=gmail&amp;source=g\" data-saferedirecturl=\"https:\/\/www.google.com\/url?q=https:\/\/www.google.com\/maps\/search\/Av.%2BAmazonas,%2B315?entry%3Dgmail%26source%3Dg&amp;source=gmail&amp;ust=1788261689591000&amp;usg=AOvVaw3215kYk-uZ5lGIDOhy-ptS\">Av. Amazonas, 315<\/a>\u00a0&#8211; Centro \/ Pra\u00e7a Sete &#8211; Belo Horizonte &#8211; MG<\/p>\n<p style=\"text-align: left;\"><strong>Classifica\u00e7\u00e3o indicativa<\/strong>: 14 anos<\/p>\n<p style=\"text-align: left;\"><strong>Quanto<\/strong>: a partir de R$70,00 (meia-entrada) e R$140,00 (inteira)<\/p>\n<p style=\"text-align: left;\">Dispon\u00edveis no site\u00a0<a href=\"https:\/\/www.eventim.com.br\/artist\/cine-theatro-brasil\/marcelo-serrado-em-terapia-4182142\/\" target=\"_blank\" rel=\"noopener noreferrer\" data-saferedirecturl=\"https:\/\/www.google.com\/url?q=https:\/\/www.eventim.com.br\/artist\/cine-theatro-brasil\/marcelo-serrado-em-terapia-4182142\/&amp;source=gmail&amp;ust=1788261689591000&amp;usg=AOvVaw1KVGej8F0Ar2DZYWvcakUA\">Eventim<\/a><\/p>\n","protected":false},"excerpt":{"rendered":"<p>Depois de conquistar o p\u00fablico com seu humor afiado e personagens marcantes na televis\u00e3o e no teatro, Marcelo Serrado desembarca em Belo Horizonte com o espet\u00e1culo &#8220;Terapia&#8221;, uma com\u00e9dia que transforma crises, neuroses e situa\u00e7\u00f5es do cotidiano em uma experi\u00eancia divertida e surpreendentemente \u00edntima. As apresenta\u00e7\u00f5es acontecem nos dias 5 e 6 de setembro, no [&hellip;]<\/p>\n","protected":false},"author":22,"featured_media":49069,"comment_status":"closed","ping_status":"closed","sticky":true,"template":"","format":"standard","meta":{"jetpack_post_was_ever_published":false,"_jetpack_newsletter_access":"","_jetpack_dont_email_post_to_subs":false,"_jetpack_newsletter_tier_id":0,"_jetpack_memberships_contains_paywalled_content":false,"_jetpack_memberships_contains_paid_content":false,"footnotes":"","jetpack_publicize_message":"","jetpack_publicize_feature_enabled":true,"jetpack_social_post_already_shared":true,"jetpack_social_options":{"image_generator_settings":{"template":"highway","enabled":false},"version":2}},"categories":[9902,1,11532,396,3],"tags":[39,1830,425,14625],"class_list":["post-49068","post","type-post","status-publish","format-standard","has-post-thumbnail","hentry","category-belo-horizonte","category-culturaliza","category-dica-cultural","category-em-cartaz","category-teatro","tag-bh","tag-cine-theatro-brasil","tag-culturalizabh","tag-marcelo-serrado"],"jetpack_publicize_connections":[],"jetpack_featured_media_url":"https:\/\/culturalizabh.com.br\/wp-content\/uploads\/2026\/08\/Terapia_Marcelo-Serrado_Credito-Aline-Mariz-1.jpg","jetpack_sharing_enabled":true,"jetpack_shortlink":"https:\/\/wp.me\/p864jz-cLq","_links":{"self":[{"href":"https:\/\/culturalizabh.com.br\/index.php\/wp-json\/wp\/v2\/posts\/49068","targetHints":{"allow":["GET"]}}],"collection":[{"href":"https:\/\/culturalizabh.com.br\/index.php\/wp-json\/wp\/v2\/posts"}],"about":[{"href":"https:\/\/culturalizabh.com.br\/index.php\/wp-json\/wp\/v2\/types\/post"}],"author":[{"embeddable":true,"href":"https:\/\/culturalizabh.com.br\/index.php\/wp-json\/wp\/v2\/users\/22"}],"replies":[{"embeddable":true,"href":"https:\/\/culturalizabh.com.br\/index.php\/wp-json\/wp\/v2\/comments?post=49068"}],"version-history":[{"count":1,"href":"https:\/\/culturalizabh.com.br\/index.php\/wp-json\/wp\/v2\/posts\/49068\/revisions"}],"predecessor-version":[{"id":49070,"href":"https:\/\/culturalizabh.com.br\/index.php\/wp-json\/wp\/v2\/posts\/49068\/revisions\/49070"}],"wp:featuredmedia":[{"embeddable":true,"href":"https:\/\/culturalizabh.com.br\/index.php\/wp-json\/wp\/v2\/media\/49069"}],"wp:attachment":[{"href":"https:\/\/culturalizabh.com.br\/index.php\/wp-json\/wp\/v2\/media?parent=49068"}],"wp:term":[{"taxonomy":"category","embeddable":true,"href":"https:\/\/culturalizabh.com.br\/index.php\/wp-json\/wp\/v2\/categories?post=49068"},{"taxonomy":"post_tag","embeddable":true,"href":"https:\/\/culturalizabh.com.br\/index.php\/wp-json\/wp\/v2\/tags?post=49068"}],"curies":[{"name":"wp","href":"https:\/\/api.w.org\/{rel}","templated":true}]}}