{"id":48933,"date":"2026-08-14T15:22:53","date_gmt":"2026-08-14T18:22:53","guid":{"rendered":"https:\/\/culturalizabh.com.br\/?p=48933"},"modified":"2026-08-14T15:22:53","modified_gmt":"2026-08-14T18:22:53","slug":"ore-comigo-music-festival-recebe-comitiva-internacional-pela-primeira-vez","status":"publish","type":"post","link":"https:\/\/culturalizabh.com.br\/index.php\/2026\/08\/14\/ore-comigo-music-festival-recebe-comitiva-internacional-pela-primeira-vez\/","title":{"rendered":"Ore Comigo Music Festival recebe comitiva internacional pela primeira vez"},"content":{"rendered":"<p style=\"text-align: left;\"><strong>Pra. Lauren e Pr. Matt, da Awaken Church, de Utah, Estados Unidos, April Seekins.\u00a0<\/strong><\/p>\n<p style=\"text-align: left;\">\n<p style=\"text-align: center;\"><strong><i>Pastores Matt e Lauren Tuggle, l\u00edderes do campus de Salt Lake City da Awaken Church, participam da 4\u00aa edi\u00e7\u00e3o do festival, maior encontro de f\u00e9 e adora\u00e7\u00e3o da Am\u00e9rica Latina, no dia 22 de agosto na Arena MRV<\/i><\/strong><\/p>\n<div>\n<p style=\"text-align: left;\">\u00a0O Ore Comigo Music Festival, maior encontro de f\u00e9 e adora\u00e7\u00e3o da Am\u00e9rica Latina, anuncia um marco em sua trajet\u00f3ria: pela primeira vez, o evento recebe nomes internacionais. Os pastores Matt e Lauren Tuggle, l\u00edderes do campus de Salt Lake City (Utah) da Awaken Church, igreja com atua\u00e7\u00e3o nos Estados Unidos, lideram a comitiva internacional que participar\u00e1 da 4\u00aa edi\u00e7\u00e3o do festival, no dia 22 de agosto, a partir das 12h, na Arena MRV, em Belo Horizonte. O evento vai receber em seu palco: Fernandinho, Isadora Pompeo, Luciano Camargo, Julliany Souza, Jefferson &amp; Suellen, Samuel Eleot\u00e9rio, Maria Pita, Hernandes Dias Lopes, Victin, 2Metro, Tasso Lycargo e Nesk Only.<\/p>\n<p style=\"text-align: left;\"><img decoding=\"async\" src=\"https:\/\/ci3.googleusercontent.com\/meips\/ADKq_NYgkwRIg028UWPHhxKXZMO3SzZmVnKk2WhCnpMFQm6xjqr5Dw54v4RnLCAGBsuKEMzFbfRTLLIrxqqxvhnajnRD-lD4RZepp86D5kqsM6RUs40Y8kGsnGCPXVBAoHoIQ54oqbY2lVbNM6UIwlmoI9mSd7Ib0U-wy3v1t4b1ZQ9Wagn2YZnkZI5-ZcavfoQASulNMEWb6uJVzGqubNlN=s0-d-e1-ft#https:\/\/files.pressmanager.net\/clientes\/67dd844a69e08263976a65f343f9b4e0\/imagens\/2026\/07\/23\/c8b2c03c23a432432ddf31f6dd602d3a_medium.jpg\" alt=\"\" width=\"300\" align=\"right\" hspace=\"10\" vspace=\"10\" \/>A presen\u00e7a da comitiva da Awaken Church representa um importante interc\u00e2mbio de experi\u00eancias ministeriais entre a Igreja no Brasil e nos Estados Unidos, refor\u00e7ando a vis\u00e3o comum de promover a unidade da Igreja, a ora\u00e7\u00e3o, a adora\u00e7\u00e3o e a proclama\u00e7\u00e3o do Evangelho entre as na\u00e7\u00f5es. Reconhecida por sua \u00eanfase em evangelismo, discipulado, forma\u00e7\u00e3o de l\u00edderes e expans\u00e3o do Reino de Deus, a Awaken Church desenvolve um minist\u00e9rio voltado ao fortalecimento da f\u00e9, da fam\u00edlia e da vida em comunidade, promovendo encontros de ora\u00e7\u00e3o, confer\u00eancias e grupos de discipulado.<\/p>\n<p style=\"text-align: left;\">Para o idealizador do evento, pastor F\u00e1bio Lacerda, receber pela primeira vez nomes internacionais \u00e9 a concretiza\u00e7\u00e3o de um chamado que transcende fronteiras. &#8220;\u00c9 uma emo\u00e7\u00e3o imensa ver o Ore Comigo, que nasceu em Belo Horizonte, alcan\u00e7ando agora propor\u00e7\u00f5es internacionais. Ter os pastores Matt e Lauren Tuggle conosco \u00e9 a confirma\u00e7\u00e3o de que este evento n\u00e3o pertence apenas a uma cidade ou a um pa\u00eds \u2014 \u00e9 um movimento de Deus que une o mundo todo em um s\u00f3 cora\u00e7\u00e3o. Quando pessoas cruzam continentes para adorar juntas, vemos o Reino de Deus se expandindo e a unidade da Igreja se fortalecendo&#8221;, destaca.<\/p>\n<p style=\"text-align: left;\">Ao longo de seu minist\u00e9rio, Matt e Lauren Tuggle t\u00eam se destacado por uma lideran\u00e7a pastoral pr\u00f3xima das pessoas, marcada pela paix\u00e3o em ver vidas transformadas por Jesus Cristo e pela forma\u00e7\u00e3o de uma igreja relevante para a sociedade. Eles lideram a comunidade da Awaken em Utah, desenvolvendo um minist\u00e9rio voltado ao fortalecimento da f\u00e9, da fam\u00edlia e da vida em comunidade, e participam de confer\u00eancias e ministra\u00e7\u00f5es da Awaken Church, compartilhando mensagens sobre f\u00e9, casamento, lideran\u00e7a e crescimento espiritual.<\/p>\n<p style=\"text-align: left;\"><strong>Sobre o Ore Comigo<\/strong><\/p>\n<p style=\"text-align: left;\">Idealizado pelo pastor F\u00e1bio Lacerda, o Ore Comigo Music Festival \u00e9 o maior festival gospel da Am\u00e9rica Latina. Realizado anualmente em Belo Horizonte, o evento combina grandes produ\u00e7\u00f5es musicais com um forte prop\u00f3sito de ora\u00e7\u00e3o coletiva e a\u00e7\u00e3o social, atraindo anualmente dezenas de milhares de fi\u00e9is de todo o Brasil.\u00a0 A iniciativa conta com o patroc\u00ednio da Prefeitura de Belo Horizonte, por meio da Belotur, fortalecendo a estrat\u00e9gia de promo\u00e7\u00e3o da capital mineira como destino de grandes eventos e turismo religioso.<\/p>\n<p style=\"text-align: left;\"><strong>Servi\u00e7o<\/strong><\/p>\n<p style=\"text-align: left;\"><strong>4\u00aa Edi\u00e7\u00e3o do Ore Comigo Music Festival<\/strong><\/p>\n<p style=\"text-align: left;\"><strong>Data:<\/strong>\u00a022 de agosto (s\u00e1bado)<\/p>\n<p style=\"text-align: left;\"><strong>Local:<\/strong>\u00a0Arena MRV (<a href=\"https:\/\/www.google.com\/maps\/search\/Rua+Cristina+Maria+de+Assis,+202+-+Calif+rnia,+Belo+Horizonte+-+MG?entry=gmail&amp;source=g\">Rua Cristina Maria de Assis, 202 &#8211; Calif<\/a>\u00f3<a href=\"https:\/\/www.google.com\/maps\/search\/Rua+Cristina+Maria+de+Assis,+202+-+Calif+rnia,+Belo+Horizonte+-+MG?entry=gmail&amp;source=g\">rnia, Belo Horizonte &#8211; MG<\/a>)<\/p>\n<p style=\"text-align: left;\"><strong>Abertura dos Port\u00f5es:<\/strong>\u00a012h<\/p>\n<p style=\"text-align: left;\"><strong>Atra\u00e7\u00f5es Confirmadas:<\/strong>\u00a0Fernandinho, Isadora Pompeo, Luciano Camargo, Julliany Souza, Jefferson &amp; Suellen, Samuel Eleot\u00e9rio, Maria Pita, Hernandes Dias Lopes, Victin, 2Metro, Tasso Lycargo e Nesk Onl<em>y<\/em><\/p>\n<p style=\"text-align: left;\"><strong>Ingressos:<\/strong>\u00a0Dispon\u00edveis no site\u00a0<a href=\"https:\/\/ingressodigital.com\/evento\/21091\/ore-comigo\" target=\"_blank\" rel=\"noopener noreferrer\" data-saferedirecturl=\"https:\/\/www.google.com\/url?q=https:\/\/ingressodigital.com\/evento\/21091\/ore-comigo&amp;source=gmail&amp;ust=1786816202542000&amp;usg=AOvVaw1HCF51PA0KvJN6IOF2mZyl\">Ingresso Digital<\/a><\/p>\n<\/div>\n","protected":false},"excerpt":{"rendered":"<p>Pra. Lauren e Pr. Matt, da Awaken Church, de Utah, Estados Unidos, April Seekins.\u00a0 Pastores Matt e Lauren Tuggle, l\u00edderes do campus de Salt Lake City da Awaken Church, participam da 4\u00aa edi\u00e7\u00e3o do festival, maior encontro de f\u00e9 e adora\u00e7\u00e3o da Am\u00e9rica Latina, no dia 22 de agosto na Arena MRV \u00a0O Ore Comigo [&hellip;]<\/p>\n","protected":false},"author":28,"featured_media":48934,"comment_status":"closed","ping_status":"closed","sticky":true,"template":"","format":"standard","meta":{"jetpack_post_was_ever_published":false,"_jetpack_newsletter_access":"","_jetpack_dont_email_post_to_subs":false,"_jetpack_newsletter_tier_id":0,"_jetpack_memberships_contains_paywalled_content":false,"_jetpack_memberships_contains_paid_content":false,"footnotes":"","jetpack_publicize_message":"","jetpack_publicize_feature_enabled":true,"jetpack_social_post_already_shared":true,"jetpack_social_options":{"image_generator_settings":{"template":"highway","enabled":false},"version":2}},"categories":[1,19,14,34,18],"tags":[],"class_list":["post-48933","post","type-post","status-publish","format-standard","has-post-thumbnail","hentry","category-culturaliza","category-destaque","category-dicas","category-diversao","category-musica"],"jetpack_publicize_connections":[],"jetpack_featured_media_url":"https:\/\/culturalizabh.com.br\/wp-content\/uploads\/2026\/08\/Screenshot_20260814-150135_Fotos.png","jetpack_sharing_enabled":true,"jetpack_shortlink":"https:\/\/wp.me\/p864jz-cJf","_links":{"self":[{"href":"https:\/\/culturalizabh.com.br\/index.php\/wp-json\/wp\/v2\/posts\/48933","targetHints":{"allow":["GET"]}}],"collection":[{"href":"https:\/\/culturalizabh.com.br\/index.php\/wp-json\/wp\/v2\/posts"}],"about":[{"href":"https:\/\/culturalizabh.com.br\/index.php\/wp-json\/wp\/v2\/types\/post"}],"author":[{"embeddable":true,"href":"https:\/\/culturalizabh.com.br\/index.php\/wp-json\/wp\/v2\/users\/28"}],"replies":[{"embeddable":true,"href":"https:\/\/culturalizabh.com.br\/index.php\/wp-json\/wp\/v2\/comments?post=48933"}],"version-history":[{"count":1,"href":"https:\/\/culturalizabh.com.br\/index.php\/wp-json\/wp\/v2\/posts\/48933\/revisions"}],"predecessor-version":[{"id":48935,"href":"https:\/\/culturalizabh.com.br\/index.php\/wp-json\/wp\/v2\/posts\/48933\/revisions\/48935"}],"wp:featuredmedia":[{"embeddable":true,"href":"https:\/\/culturalizabh.com.br\/index.php\/wp-json\/wp\/v2\/media\/48934"}],"wp:attachment":[{"href":"https:\/\/culturalizabh.com.br\/index.php\/wp-json\/wp\/v2\/media?parent=48933"}],"wp:term":[{"taxonomy":"category","embeddable":true,"href":"https:\/\/culturalizabh.com.br\/index.php\/wp-json\/wp\/v2\/categories?post=48933"},{"taxonomy":"post_tag","embeddable":true,"href":"https:\/\/culturalizabh.com.br\/index.php\/wp-json\/wp\/v2\/tags?post=48933"}],"curies":[{"name":"wp","href":"https:\/\/api.w.org\/{rel}","templated":true}]}}