{"id":48924,"date":"2026-08-14T15:00:02","date_gmt":"2026-08-14T18:00:02","guid":{"rendered":"https:\/\/culturalizabh.com.br\/?p=48924"},"modified":"2026-08-14T08:08:02","modified_gmt":"2026-08-14T11:08:02","slug":"ailton-krenak-vai-assinar-um-mural-na-lateral-de-um-edificio-no-centro-de-belo-horizonte","status":"publish","type":"post","link":"https:\/\/culturalizabh.com.br\/index.php\/2026\/08\/14\/ailton-krenak-vai-assinar-um-mural-na-lateral-de-um-edificio-no-centro-de-belo-horizonte\/","title":{"rendered":"Ailton Krenak vai assinar um mural na lateral de um edif\u00edcio no centro de Belo Horizonte"},"content":{"rendered":"<p style=\"text-align: left;\"><strong>Ailton Krenak<\/strong> j\u00e1 escreveu livros traduzidos para v\u00e1rios pa\u00edses, virou personagem de document\u00e1rio e deu palestras dentro e fora do Brasil. Aos 72 anos, vai fazer pela primeira vez uma coisa que nunca tinha feito: pintar um pr\u00e9dio. Fil\u00f3sofo, escritor, ambientalista e uma das principais lideran\u00e7as dos povos origin\u00e1rios do pa\u00eds, o primeiro ind\u00edgena a ocupar uma cadeira na <strong>Academia Brasileira de Letras<\/strong> vai assinar uma empena, a parede lateral de um edif\u00edcio de dez andares, no centro de Belo Horizonte. A obra \u00e9 uma das duas pinturas da edi\u00e7\u00e3o de 2026 do <strong>CURA \u2013 Festival de Arte Urbana<\/strong>. A pintura come\u00e7a em 19 de agosto e pode ser acompanhada da rua, ao longo dos dias. &#8220;\u00c9 impactante pensar no desenho nessa escala de pr\u00e9dio, que vira paisagem&#8221;, diz o artista sobre o convite. &#8220;Tem um chamado para a subjetividade, para a poesia, para o sonho.&#8221;<\/p>\n<p>&nbsp;<\/p>\n<p>&nbsp;<\/p>\n<figure id=\"attachment_48926\" aria-describedby=\"caption-attachment-48926\" style=\"width: 200px\" class=\"wp-caption aligncenter\"><img loading=\"lazy\" decoding=\"async\" class=\"size-medium wp-image-48926\" src=\"https:\/\/culturalizabh.com.br\/wp-content\/uploads\/2026\/08\/Foto-Alexandre-de-Moraes-@alexandremoraesfotografia--200x300.jpg\" alt=\"\" width=\"200\" height=\"300\" srcset=\"https:\/\/culturalizabh.com.br\/wp-content\/uploads\/2026\/08\/Foto-Alexandre-de-Moraes-@alexandremoraesfotografia--200x300.jpg 200w, https:\/\/culturalizabh.com.br\/wp-content\/uploads\/2026\/08\/Foto-Alexandre-de-Moraes-@alexandremoraesfotografia--683x1024.jpg 683w, https:\/\/culturalizabh.com.br\/wp-content\/uploads\/2026\/08\/Foto-Alexandre-de-Moraes-@alexandremoraesfotografia--768x1152.jpg 768w, https:\/\/culturalizabh.com.br\/wp-content\/uploads\/2026\/08\/Foto-Alexandre-de-Moraes-@alexandremoraesfotografia--1024x1536.jpg 1024w, https:\/\/culturalizabh.com.br\/wp-content\/uploads\/2026\/08\/Foto-Alexandre-de-Moraes-@alexandremoraesfotografia--1365x2048.jpg 1365w, https:\/\/culturalizabh.com.br\/wp-content\/uploads\/2026\/08\/Foto-Alexandre-de-Moraes-@alexandremoraesfotografia--scaled.jpg 1707w\" sizes=\"auto, (max-width: 200px) 100vw, 200px\" \/><figcaption id=\"caption-attachment-48926\" class=\"wp-caption-text\">Ailton Krenak &#8211; Foto: Alexandre de Moraes<\/figcaption><\/figure>\n<p>&nbsp;<\/p>\n<p>&nbsp;<\/p>\n<p style=\"text-align: left;\">A outra empena da edi\u00e7\u00e3o \u00e9 de <strong>M\u00f4nica Nador<\/strong>, aos 71 anos, uma das artistas centrais da pintura mural feita no Brasil. As duas pinturas s\u00e3o feitas em paralelo, em dois edif\u00edcios do centro da cidade, a partir de 19 de agosto. Nador fundou, na periferia paulistana, o JAMAC, Jardim Miriam Arte Clube, onde as paredes das casas e das ruas s\u00e3o pintadas com padr\u00f5es criados junto com os moradores, e a autoria da obra deixa de ser s\u00f3 da artista para ser compartilhada com a comunidade.<\/p>\n<p>&nbsp;<\/p>\n<p>&nbsp;<\/p>\n<figure id=\"attachment_48927\" aria-describedby=\"caption-attachment-48927\" style=\"width: 300px\" class=\"wp-caption aligncenter\"><img loading=\"lazy\" decoding=\"async\" class=\"size-medium wp-image-48927\" src=\"https:\/\/culturalizabh.com.br\/wp-content\/uploads\/2026\/08\/Monica-Foto-Lucas-Souza.jpg-300x240.jpg\" alt=\"\" width=\"300\" height=\"240\" srcset=\"https:\/\/culturalizabh.com.br\/wp-content\/uploads\/2026\/08\/Monica-Foto-Lucas-Souza.jpg-300x240.jpg 300w, https:\/\/culturalizabh.com.br\/wp-content\/uploads\/2026\/08\/Monica-Foto-Lucas-Souza.jpg-1024x819.jpg 1024w, https:\/\/culturalizabh.com.br\/wp-content\/uploads\/2026\/08\/Monica-Foto-Lucas-Souza.jpg-768x614.jpg 768w, https:\/\/culturalizabh.com.br\/wp-content\/uploads\/2026\/08\/Monica-Foto-Lucas-Souza.jpg.jpg 1350w\" sizes=\"auto, (max-width: 300px) 100vw, 300px\" \/><figcaption id=\"caption-attachment-48927\" class=\"wp-caption-text\">Monica Nador &#8211; Foto: Lucas Souza<\/figcaption><\/figure>\n<p>&nbsp;<\/p>\n<p>&nbsp;<\/p>\n<p style=\"text-align: left;\">O tema de 2026 \u00e9 <strong>\u201cDescansar Enquanto\u201d<\/strong>. Em uma sociedade atravessada pelo excesso de est\u00edmulos e urg\u00eancias, o festival prop\u00f5e o descanso n\u00e3o como pausa, mas como posicionamento: um direito ainda n\u00e3o garantido, atravessado por desigualdades de g\u00eanero, ra\u00e7a e classe. A reflex\u00e3o dialoga com o livro \u201cDescansar \u00e9 Resistir\u201d, da norte-americana Tricia Hersey, para quem o descanso \u00e9 uma recusa ativa \u00e0s estruturas que operam pela exaust\u00e3o. A curadoria art\u00edstica foi feita com a contribui\u00e7\u00e3o da curadora convidada Luciara Ribeiro, pesquisadora dedicada \u00e0s artes africanas, afro-brasileiras e ind\u00edgenas e \u00e0 decoloniza\u00e7\u00e3o da hist\u00f3ria da arte.<\/p>\n<p>&nbsp;<\/p>\n<p style=\"text-align: left;\">Desde 2017, o CURA cobre fachadas de edif\u00edcios de Belo Horizonte com murais de grande escala, feitos por artistas brasileiros e estrangeiros. S\u00e3o mais de 30 pr\u00e9dios pintados, um conjunto que se tornou um dos principais acervos de arte p\u00fablica a c\u00e9u aberto do pa\u00eds. A edi\u00e7\u00e3o de 2026 \u00e9 a \u00faltima de um ciclo que, ao longo de cinco anos, transformou uma pra\u00e7a do centro da cidade em uma galeria vertical, e antecede os dez anos do festival, em 2027.<\/p>\n<p>&nbsp;<\/p>\n<p style=\"text-align: left;\">Al\u00e9m das empenas, a edi\u00e7\u00e3o traz uma programa\u00e7\u00e3o gratuita e ao ar livre. Nos dias 26 e 27, seis artistas fazem uma sess\u00e3o de pintura ao vivo em pain\u00e9is montados ao ar livre, e as obras ficam expostas at\u00e9 o fim do festival. A programa\u00e7\u00e3o re\u00fane ainda um mirante com vista da cidade, travessias de highline entre os pr\u00e9dios do centro, uma mesa de desenho aberta ao p\u00fablico e atividades para crian\u00e7as e fam\u00edlias. No dia 20, o CURA tem ainda uma programa\u00e7\u00e3o parceira no Sesc Palladium, que completa 15 anos, com uma nova obra na fachada e uma noite de pintura, dan\u00e7a e cultura ballroom. A edi\u00e7\u00e3o se encerra em 30 de agosto com a Festa Honk BH.<\/p>\n<p>&nbsp;<\/p>\n<p style=\"text-align: left;\"><strong>Mais informa\u00e7\u00f5es:<\/strong><\/p>\n<p style=\"text-align: left;\"><strong>CURA 2026 \u2013 Festival de Arte Urbana<\/strong><\/p>\n<p style=\"text-align: left;\">19 a 30 de agosto | Pra\u00e7a Raul Soares, Belo Horizonte<\/p>\n<p style=\"text-align: left;\">Pinturas das empenas a partir de 19\/08<\/p>\n<p style=\"text-align: left;\">Live painting nos dias 26 e 27\/08<\/p>\n<p style=\"text-align: left;\">Programa\u00e7\u00e3o aberta ao p\u00fablico de 26 a 30\/08<\/p>\n<p style=\"text-align: left;\">Programa\u00e7\u00e3o parceira no Sesc Palladium 20\/08, com pintura do Binho Barreto e programa\u00e7\u00e3o da House of Barracuda<\/p>\n<p style=\"text-align: left;\">Programa\u00e7\u00e3o gratuita, ao ar livre e aberta a todos<\/p>\n<p style=\"text-align: left;\">@cura.art<\/p>\n<p style=\"text-align: left;\">\n<p>&nbsp;<\/p>\n","protected":false},"excerpt":{"rendered":"<p>Ailton Krenak j\u00e1 escreveu livros traduzidos para v\u00e1rios pa\u00edses, virou personagem de document\u00e1rio e deu palestras dentro e fora do Brasil. Aos 72 anos, vai fazer pela primeira vez uma coisa que nunca tinha feito: pintar um pr\u00e9dio. Fil\u00f3sofo, escritor, ambientalista e uma das principais lideran\u00e7as dos povos origin\u00e1rios do pa\u00eds, o primeiro ind\u00edgena a [&hellip;]<\/p>\n","protected":false},"author":22,"featured_media":48925,"comment_status":"closed","ping_status":"closed","sticky":true,"template":"","format":"standard","meta":{"jetpack_post_was_ever_published":false,"_jetpack_newsletter_access":"","_jetpack_dont_email_post_to_subs":false,"_jetpack_newsletter_tier_id":0,"_jetpack_memberships_contains_paywalled_content":false,"_jetpack_memberships_contains_paid_content":false,"footnotes":"","jetpack_publicize_message":"","jetpack_publicize_feature_enabled":true,"jetpack_social_post_already_shared":true,"jetpack_social_options":{"image_generator_settings":{"template":"highway","enabled":false},"version":2}},"categories":[9902,1,3537],"tags":[3263,9252,39,14604,14605],"class_list":["post-48924","post","type-post","status-publish","format-standard","has-post-thumbnail","hentry","category-belo-horizonte","category-culturaliza","category-gratuito-ou-a-baixo-custo","tag-culturalizabhdell-rocha-duo","tag-ailton-krenak","tag-bh","tag-cura-2026","tag-monica-nador"],"jetpack_publicize_connections":[],"jetpack_featured_media_url":"https:\/\/culturalizabh.com.br\/wp-content\/uploads\/2026\/08\/04-CURA2025-MiranteRaulzona-20251008-DJI-20251008105150-0041-D-TamasBodolay-scaled.jpg","jetpack_sharing_enabled":true,"jetpack_shortlink":"https:\/\/wp.me\/p864jz-cJ6","_links":{"self":[{"href":"https:\/\/culturalizabh.com.br\/index.php\/wp-json\/wp\/v2\/posts\/48924","targetHints":{"allow":["GET"]}}],"collection":[{"href":"https:\/\/culturalizabh.com.br\/index.php\/wp-json\/wp\/v2\/posts"}],"about":[{"href":"https:\/\/culturalizabh.com.br\/index.php\/wp-json\/wp\/v2\/types\/post"}],"author":[{"embeddable":true,"href":"https:\/\/culturalizabh.com.br\/index.php\/wp-json\/wp\/v2\/users\/22"}],"replies":[{"embeddable":true,"href":"https:\/\/culturalizabh.com.br\/index.php\/wp-json\/wp\/v2\/comments?post=48924"}],"version-history":[{"count":1,"href":"https:\/\/culturalizabh.com.br\/index.php\/wp-json\/wp\/v2\/posts\/48924\/revisions"}],"predecessor-version":[{"id":48928,"href":"https:\/\/culturalizabh.com.br\/index.php\/wp-json\/wp\/v2\/posts\/48924\/revisions\/48928"}],"wp:featuredmedia":[{"embeddable":true,"href":"https:\/\/culturalizabh.com.br\/index.php\/wp-json\/wp\/v2\/media\/48925"}],"wp:attachment":[{"href":"https:\/\/culturalizabh.com.br\/index.php\/wp-json\/wp\/v2\/media?parent=48924"}],"wp:term":[{"taxonomy":"category","embeddable":true,"href":"https:\/\/culturalizabh.com.br\/index.php\/wp-json\/wp\/v2\/categories?post=48924"},{"taxonomy":"post_tag","embeddable":true,"href":"https:\/\/culturalizabh.com.br\/index.php\/wp-json\/wp\/v2\/tags?post=48924"}],"curies":[{"name":"wp","href":"https:\/\/api.w.org\/{rel}","templated":true}]}}