{"id":48859,"date":"2026-08-10T17:00:51","date_gmt":"2026-08-10T20:00:51","guid":{"rendered":"https:\/\/culturalizabh.com.br\/?p=48859"},"modified":"2026-08-10T08:25:43","modified_gmt":"2026-08-10T11:25:43","slug":"morar-mais-bh-2026-reune-convidados-para-lancamento-da-19a-edicao","status":"publish","type":"post","link":"https:\/\/culturalizabh.com.br\/index.php\/2026\/08\/10\/morar-mais-bh-2026-reune-convidados-para-lancamento-da-19a-edicao\/","title":{"rendered":"Morar Mais BH 2026 re\u00fane convidados para lan\u00e7amento da 19\u00aa edi\u00e7\u00e3o"},"content":{"rendered":"<p style=\"text-align: left;\">A <strong>19\u00aa edi\u00e7\u00e3o da Morar Mais BH<\/strong> foi lan\u00e7ada no \u00faltimo domingo, 2 de agosto, em um evento exclusivo<br \/>\npara convidados na <strong>Casa Cortez de Paula<\/strong>, um dos principais exemplares da arquitetura modernista de<br \/>\nBelo Horizonte, no bairro Cidade Jardim.<\/p>\n<p>&nbsp;<\/p>\n<p style=\"text-align: left;\">A mostra re\u00fane 24 ambientes assinados por 34 arquitetos, designers de interiores e paisagistas, que apresentam solu\u00e7\u00f5es criativas, funcionais e acess\u00edveis para diferentes estilos de morar. A visita\u00e7\u00e3o para o p\u00fablico segue at\u00e9 30 de agosto, com salas, galerias, quartos, banheiros, \u00e1reas de conviv\u00eancia, espa\u00e7os comerciais, ateli\u00eas e ambientes gastron\u00f4micos.<\/p>\n<p>&nbsp;<\/p>\n<p>&nbsp;<\/p>\n<p style=\"text-align: left;\"><img loading=\"lazy\" decoding=\"async\" class=\"size-medium wp-image-48860 aligncenter\" src=\"https:\/\/culturalizabh.com.br\/wp-content\/uploads\/2026\/08\/IMG_6777-copiar-240x300.jpg\" alt=\"\" width=\"240\" height=\"300\" srcset=\"https:\/\/culturalizabh.com.br\/wp-content\/uploads\/2026\/08\/IMG_6777-copiar-240x300.jpg 240w, https:\/\/culturalizabh.com.br\/wp-content\/uploads\/2026\/08\/IMG_6777-copiar-819x1024.jpg 819w, https:\/\/culturalizabh.com.br\/wp-content\/uploads\/2026\/08\/IMG_6777-copiar-768x960.jpg 768w, https:\/\/culturalizabh.com.br\/wp-content\/uploads\/2026\/08\/IMG_6777-copiar-1229x1536.jpg 1229w, https:\/\/culturalizabh.com.br\/wp-content\/uploads\/2026\/08\/IMG_6777-copiar-1639x2048.jpg 1639w, https:\/\/culturalizabh.com.br\/wp-content\/uploads\/2026\/08\/IMG_6777-copiar-scaled.jpg 2048w\" sizes=\"auto, (max-width: 240px) 100vw, 240px\" \/><\/p>\n<p>&nbsp;<\/p>\n<p>&nbsp;<\/p>\n<p style=\"text-align: left;\">\n<strong>SERVI\u00c7O<\/strong><br \/>\n<strong>Morar Mais BH 2026 \u2013 19\u00aa edi\u00e7\u00e3o<\/strong><br \/>\n<strong>Onde:<\/strong> Casa Cortez de Paula (Rua Manoel Couto, 420, Cidade Jardim, Belo Horizonte)<br \/>\n<strong>Quando:<\/strong> 4 a 30 de agosto de 2026<br \/>\n<strong>Quanto:<\/strong> Link ingressos: https:\/\/zig.tickets\/eventos\/morarmaisbh<br \/>\nMais informa\u00e7\u00f5es pelo instagram: @morarmaisbh<\/p>\n","protected":false},"excerpt":{"rendered":"<p>A 19\u00aa edi\u00e7\u00e3o da Morar Mais BH foi lan\u00e7ada no \u00faltimo domingo, 2 de agosto, em um evento exclusivo para convidados na Casa Cortez de Paula, um dos principais exemplares da arquitetura modernista de Belo Horizonte, no bairro Cidade Jardim. &nbsp; A mostra re\u00fane 24 ambientes assinados por 34 arquitetos, designers de interiores e paisagistas, [&hellip;]<\/p>\n","protected":false},"author":22,"featured_media":48860,"comment_status":"closed","ping_status":"closed","sticky":false,"template":"","format":"standard","meta":{"jetpack_post_was_ever_published":false,"_jetpack_newsletter_access":"","_jetpack_dont_email_post_to_subs":false,"_jetpack_newsletter_tier_id":0,"_jetpack_memberships_contains_paywalled_content":false,"_jetpack_memberships_contains_paid_content":false,"footnotes":"","jetpack_publicize_message":"","jetpack_publicize_feature_enabled":true,"jetpack_social_post_already_shared":true,"jetpack_social_options":{"image_generator_settings":{"template":"highway","enabled":false},"version":2}},"categories":[9902,1,14,11529],"tags":[1964,39,425,14594],"class_list":["post-48859","post","type-post","status-publish","format-standard","has-post-thumbnail","hentry","category-belo-horizonte","category-culturaliza","category-dicas","category-variedades","tag-arquitetura","tag-bh","tag-culturalizabh","tag-morar-mais-bh"],"jetpack_publicize_connections":[],"jetpack_featured_media_url":"https:\/\/culturalizabh.com.br\/wp-content\/uploads\/2026\/08\/IMG_6777-copiar-scaled.jpg","jetpack_sharing_enabled":true,"jetpack_shortlink":"https:\/\/wp.me\/p864jz-cI3","_links":{"self":[{"href":"https:\/\/culturalizabh.com.br\/index.php\/wp-json\/wp\/v2\/posts\/48859","targetHints":{"allow":["GET"]}}],"collection":[{"href":"https:\/\/culturalizabh.com.br\/index.php\/wp-json\/wp\/v2\/posts"}],"about":[{"href":"https:\/\/culturalizabh.com.br\/index.php\/wp-json\/wp\/v2\/types\/post"}],"author":[{"embeddable":true,"href":"https:\/\/culturalizabh.com.br\/index.php\/wp-json\/wp\/v2\/users\/22"}],"replies":[{"embeddable":true,"href":"https:\/\/culturalizabh.com.br\/index.php\/wp-json\/wp\/v2\/comments?post=48859"}],"version-history":[{"count":1,"href":"https:\/\/culturalizabh.com.br\/index.php\/wp-json\/wp\/v2\/posts\/48859\/revisions"}],"predecessor-version":[{"id":48861,"href":"https:\/\/culturalizabh.com.br\/index.php\/wp-json\/wp\/v2\/posts\/48859\/revisions\/48861"}],"wp:featuredmedia":[{"embeddable":true,"href":"https:\/\/culturalizabh.com.br\/index.php\/wp-json\/wp\/v2\/media\/48860"}],"wp:attachment":[{"href":"https:\/\/culturalizabh.com.br\/index.php\/wp-json\/wp\/v2\/media?parent=48859"}],"wp:term":[{"taxonomy":"category","embeddable":true,"href":"https:\/\/culturalizabh.com.br\/index.php\/wp-json\/wp\/v2\/categories?post=48859"},{"taxonomy":"post_tag","embeddable":true,"href":"https:\/\/culturalizabh.com.br\/index.php\/wp-json\/wp\/v2\/tags?post=48859"}],"curies":[{"name":"wp","href":"https:\/\/api.w.org\/{rel}","templated":true}]}}