{"id":47937,"date":"2026-05-01T09:03:59","date_gmt":"2026-05-01T12:03:59","guid":{"rendered":"https:\/\/culturalizabh.com.br\/?p=47937"},"modified":"2026-05-01T09:03:59","modified_gmt":"2026-05-01T12:03:59","slug":"mc-lullu-cantora-mineira-de-funk-lanca-novo-album-inconfidencia","status":"publish","type":"post","link":"https:\/\/culturalizabh.com.br\/index.php\/2026\/05\/01\/mc-lullu-cantora-mineira-de-funk-lanca-novo-album-inconfidencia\/","title":{"rendered":"MC Lullu, cantora mineira de funk, lan\u00e7a novo \u00e1lbum \u201cInconfid\u00eancia\u201d"},"content":{"rendered":"<p><strong>Cr\u00e9dito\/foto: Fabr\u00edcio Assis.\u00a0<\/strong><\/p>\n<p>&nbsp;<\/p>\n<p style=\"text-align: center;\"><strong><em>Trabalho prop\u00f5e releitura cr\u00edtica da Inconfid\u00eancia Mineira e tensiona debates sobre liberdade de express\u00e3o e justi\u00e7a social<\/em><\/strong><\/p>\n<p>&nbsp;<\/p>\n<p>A cantora MC Lullu lan\u00e7a, nesta sexta-feira (24), o \u00e1lbum\u00a0<em>Inconfid\u00eancia<\/em>, um trabalho que transita entre cr\u00edtica social, experi\u00eancia pessoal e provoca\u00e7\u00e3o est\u00e9tica. Inspirado na Inconfid\u00eancia\u00a0Mineira, o disco prop\u00f5e uma releitura contempor\u00e2nea do epis\u00f3dio hist\u00f3rico, deslocando o conceito de \u201cinconfid\u00eancia\u201d para o campo simb\u00f3lico das vozes silenciadas.<\/p>\n<p>Como antecipa\u00e7\u00e3o ao lan\u00e7amento, o single \u201cRata\u201d chegou \u00e0s plataformas acompanhado de um videoclipe gravado integralmente em Belo Horizonte, com cenas no Mercado Central de Belo Horizonte, no Parque Municipal Am\u00e9rico Renn\u00e9 Giannetti e no Aglomerado da Serra.<\/p>\n<p>No \u00e1lbum, MC Lullu amplia o significado de \u201cinconfid\u00eancia\u201d, tradicionalmente associado \u00e0 conspira\u00e7\u00e3o pol\u00edtica, para abarcar tudo aquilo que \u00e9 reprimido por estruturas sociais conservadoras, ideias, corpos e discursos considerados inaceit\u00e1veis. \u201cInconfid\u00eancia nasce da urg\u00eancia de dizer o que n\u00e3o deveria ser dito, de expor verdades que muitas vezes s\u00e3o silenciadas, principalmente quando v\u00eam de corpos marginalizados\u201d, afirma a artista.<\/p>\n<p>Um dos elementos centrais do disco \u00e9 a constru\u00e7\u00e3o de uma met\u00e1fora baseada na figura dos ratos. Ao longo das faixas, esses animais surgem como representa\u00e7\u00e3o de indiv\u00edduos historicamente marginalizados, frequentemente alvo de estigmatiza\u00e7\u00e3o e exclus\u00e3o. \u201cOs ratos s\u00e3o uma forma de falar sobre quem \u00e9 visto como indesejado, mas que insiste em existir e ocupar espa\u00e7o\u201d, explica.<\/p>\n<p>Ao tensionar a narrativa tradicional da Inconfid\u00eancia Mineira, o trabalho tamb\u00e9m questiona a constru\u00e7\u00e3o de seus personagens como her\u00f3is absolutos. A artista prop\u00f5e uma leitura mais complexa do epis\u00f3dio, levantando discuss\u00f5es sobre os interesses das elites envolvidas e os limites da ideia de justi\u00e7a, eixo central do \u00e1lbum.<\/p>\n<p>Al\u00e9m da dimens\u00e3o pol\u00edtica,\u00a0<em>Inconfid\u00eancia<\/em>\u00a0mant\u00e9m um di\u00e1logo direto com a sa\u00fade mental, tema recorrente na trajet\u00f3ria de MC Lullu. \u201cExiste uma press\u00e3o constante sobre quem vive \u00e0 margem, e isso tamb\u00e9m atravessa o psicol\u00f3gico. Falar sobre isso \u00e9 fundamental\u201d, destaca.<\/p>\n<p>Sem oferecer respostas fechadas, o \u00e1lbum se apresenta como uma obra aberta, marcada por m\u00faltiplas camadas de interpreta\u00e7\u00e3o. O trabalho estar\u00e1 dispon\u00edvel em todas as plataformas digitais a partir do dia 24 de abril.<\/p>\n","protected":false},"excerpt":{"rendered":"<p>Cr\u00e9dito\/foto: Fabr\u00edcio Assis.\u00a0 &nbsp; Trabalho prop\u00f5e releitura cr\u00edtica da Inconfid\u00eancia Mineira e tensiona debates sobre liberdade de express\u00e3o e justi\u00e7a social &nbsp; A cantora MC Lullu lan\u00e7a, nesta sexta-feira (24), o \u00e1lbum\u00a0Inconfid\u00eancia, um trabalho que transita entre cr\u00edtica social, experi\u00eancia pessoal e provoca\u00e7\u00e3o est\u00e9tica. Inspirado na Inconfid\u00eancia\u00a0Mineira, o disco prop\u00f5e uma releitura contempor\u00e2nea do epis\u00f3dio [&hellip;]<\/p>\n","protected":false},"author":28,"featured_media":47938,"comment_status":"closed","ping_status":"closed","sticky":false,"template":"","format":"standard","meta":{"jetpack_post_was_ever_published":false,"_jetpack_newsletter_access":"","_jetpack_dont_email_post_to_subs":false,"_jetpack_newsletter_tier_id":0,"_jetpack_memberships_contains_paywalled_content":false,"_jetpack_memberships_contains_paid_content":false,"footnotes":"","jetpack_publicize_message":"","jetpack_publicize_feature_enabled":true,"jetpack_social_post_already_shared":true,"jetpack_social_options":{"image_generator_settings":{"template":"highway","enabled":false},"version":2}},"categories":[1,19,14,34,2,18],"tags":[],"class_list":["post-47937","post","type-post","status-publish","format-standard","has-post-thumbnail","hentry","category-culturaliza","category-destaque","category-dicas","category-diversao","category-eventos","category-musica"],"jetpack_publicize_connections":[],"jetpack_featured_media_url":"https:\/\/culturalizabh.com.br\/wp-content\/uploads\/2026\/05\/MCLULLU_FOTO-FABRICIO-ASSIS__-1.jpg","jetpack_sharing_enabled":true,"jetpack_shortlink":"https:\/\/wp.me\/p864jz-ctb","_links":{"self":[{"href":"https:\/\/culturalizabh.com.br\/index.php\/wp-json\/wp\/v2\/posts\/47937","targetHints":{"allow":["GET"]}}],"collection":[{"href":"https:\/\/culturalizabh.com.br\/index.php\/wp-json\/wp\/v2\/posts"}],"about":[{"href":"https:\/\/culturalizabh.com.br\/index.php\/wp-json\/wp\/v2\/types\/post"}],"author":[{"embeddable":true,"href":"https:\/\/culturalizabh.com.br\/index.php\/wp-json\/wp\/v2\/users\/28"}],"replies":[{"embeddable":true,"href":"https:\/\/culturalizabh.com.br\/index.php\/wp-json\/wp\/v2\/comments?post=47937"}],"version-history":[{"count":1,"href":"https:\/\/culturalizabh.com.br\/index.php\/wp-json\/wp\/v2\/posts\/47937\/revisions"}],"predecessor-version":[{"id":47939,"href":"https:\/\/culturalizabh.com.br\/index.php\/wp-json\/wp\/v2\/posts\/47937\/revisions\/47939"}],"wp:featuredmedia":[{"embeddable":true,"href":"https:\/\/culturalizabh.com.br\/index.php\/wp-json\/wp\/v2\/media\/47938"}],"wp:attachment":[{"href":"https:\/\/culturalizabh.com.br\/index.php\/wp-json\/wp\/v2\/media?parent=47937"}],"wp:term":[{"taxonomy":"category","embeddable":true,"href":"https:\/\/culturalizabh.com.br\/index.php\/wp-json\/wp\/v2\/categories?post=47937"},{"taxonomy":"post_tag","embeddable":true,"href":"https:\/\/culturalizabh.com.br\/index.php\/wp-json\/wp\/v2\/tags?post=47937"}],"curies":[{"name":"wp","href":"https:\/\/api.w.org\/{rel}","templated":true}]}}