{"id":47929,"date":"2026-04-29T19:32:24","date_gmt":"2026-04-29T22:32:24","guid":{"rendered":"https:\/\/culturalizabh.com.br\/?p=47929"},"modified":"2026-04-29T19:32:54","modified_gmt":"2026-04-29T22:32:54","slug":"ce-ta-doido-festival-confirma-o-mineirao-como-palco-da-festa","status":"publish","type":"post","link":"https:\/\/culturalizabh.com.br\/index.php\/2026\/04\/29\/ce-ta-doido-festival-confirma-o-mineirao-como-palco-da-festa\/","title":{"rendered":"&#8220;C\u00ea T\u00e1 Doido Festival&#8221; confirma o Mineir\u00e3o como palco da festa"},"content":{"rendered":"<p style=\"text-align: left;\"><strong>\u00cdcaro &amp; Gilmar, Panda e Humberto &amp; Ronaldo &#8211;\u00a0<\/strong><br \/>\n<strong>Marcel Bianchi.<\/strong><\/p>\n<p style=\"text-align: left;\">\n<p style=\"text-align: center;\"><strong><i>Evento com \u00cdcaro &amp; Gilmar, Panda e Humberto &amp; Ronaldo acontece no dia 29 de agosto<\/i><\/strong><\/p>\n<div>\n<p style=\"text-align: left;\">\u00a0Belo Horizonte se prepara para receber uma edi\u00e7\u00e3o hist\u00f3rica do &#8220;C\u00ea T\u00e1 Doido Festival&#8221;. O evento, que ser\u00e1 realizado no dia 29 de agosto (s\u00e1bado), a partir das 17h, confirmou o Mineir\u00e3o como o palco oficial para as apresenta\u00e7\u00f5es de \u00cdcaro &amp; Gilmar, Panda e Humberto &amp; Ronaldo.\u00a0 A corrida pelos ingressos j\u00e1 come\u00e7ou e o ritmo das vendas aponta para um sucesso absoluto. As entradas podem ser adquiridas por meio da plataforma online\u00a0<a href=\"http:\/\/www.vaideingresso.com.br\/\" target=\"_blank\" rel=\"noopener noreferrer\" data-saferedirecturl=\"https:\/\/www.google.com\/url?q=http:\/\/www.vaideingresso.com.br\/&amp;source=gmail&amp;ust=1777557601683000&amp;usg=AOvVaw31SbqMDIObbF-Z23LkOZQP\"><strong>www.vaideingresso.com.br<\/strong><\/a>.<\/p>\n<p style=\"text-align: left;\"><img decoding=\"async\" src=\"https:\/\/ci3.googleusercontent.com\/meips\/ADKq_NYgrZRdAFlbRyHeQKKTC2yuk83WUxzYOv8WBOibosZScQ0bBTBd9p5RiUnO08V-riN_om7hxPSbKie2zxr3ocVPiWHGiom1HlGQsTbbXYaeDdBkspe9ZUIUxgj2jFYHnZUx3DEkU-y6N1_ujKqmY_ezwGJGiwTSFbFvYq-tiVcm2cPocvQpx-vn7PertyaGZOcQ_qHa7b3KQ2tUuoGR=s0-d-e1-ft#https:\/\/files.pressmanager.net\/clientes\/67dd844a69e08263976a65f343f9b4e0\/imagens\/2026\/02\/25\/1b1b1417f30dbbebfbf02ce534703081_medium.jpg\" alt=\"\" width=\"300\" align=\"right\" hspace=\"10\" vspace=\"10\" \/>O sucesso e a ansiedade do p\u00fablico s\u00e3o justificados pelo formato diferenciado do festival. O &#8220;C\u00ea T\u00e1 Doido&#8221; apresenta \u00cdcaro &amp; Gilmar, Panda e Humberto &amp; Ronaldo simultaneamente em um palco com tem\u00e1tica inspirada em um posto de combust\u00edveis. Ser\u00e3o mais de quatro horas ininterruptas de show, com um repert\u00f3rio que mescla hits dos tr\u00eas DVDs do projeto e os principais sucessos da carreira de cada artista. \u00a0\u201cBelo Horizonte ser\u00e1 mais uma edi\u00e7\u00e3o hist\u00f3rica. \u201cEstamos preparando um grande espet\u00e1culo. O Mineir\u00e3o vai ficar pequeno\u201d, garante Panda. \u201cQueremos todo mundo cantando junto com a gente\u201d, completam \u00cdcaro &amp; Gilmar.<\/p>\n<p style=\"text-align: left;\">Antes do espet\u00e1culo principal, o festival contar\u00e1 com um esquenta comandado por Pedro Lima e o grupo CDB. O conjunto goiano vem se destacando pelo &#8220;pagonejo&#8221;, promovendo uma mistura entre o pagode tradicional e influ\u00eancias do sertanejo.<\/p>\n<p style=\"text-align: left;\"><strong>Sobre os artistas<\/strong><\/p>\n<p style=\"text-align: left;\">Naturais de Goi\u00e2nia (GO), os amigos de inf\u00e2ncia Humberto &amp; Ronaldo acumulam sucessos estourados em todo o pa\u00eds, como \u201cMente Polu\u00edda\u201d, &#8220;Romance&#8221;, &#8220;S\u00f3 Vou Beber Mais Hoje&#8221; e &#8220;N\u00e3o Fala N\u00e3o Pra Mim&#8221;.<\/p>\n<p style=\"text-align: left;\">J\u00e1 Panda, natural de S\u00e3o Paulo (SP), herdou da fam\u00edlia do pai o amor pelo sertanejo. Dono de hits como \u201cEu te seguro\u201d, \u201cCalcinha de renda\u201d, \u201cM\u00e1 Influ\u00eancia\u201d, \u201cDesapego&#8221;, &#8220;Baqueado&#8221; e &#8220;1004&#8221;, ele reafirma sua identidade e pot\u00eancia vocal nas regrava\u00e7\u00f5es de modas antigas.<\/p>\n<p style=\"text-align: left;\">Nascidos em Periquito (MG), \u00cdcaro &amp; Gilmar jogam em casa e costumam arrastar multid\u00f5es em seus shows com sucessos absolutos como \u201cN\u00e3o desfinaliza nosso fim\u201d, \u201cVolt\u00e1vel\u201d, \u201cM de Mulher&#8221;, &#8220;Despedida&#8221;, &#8220;Imperfeitos&#8221;, &#8220;A Viola e Eu&#8221; e &#8220;Diferentona&#8221;.<\/p>\n<p style=\"text-align: left;\">Antes da atra\u00e7\u00e3o principal do \u201cC\u00ca T\u00c1 DO\u00cdDO\u201d, o festival contar\u00e1 com as apresenta\u00e7\u00f5es de Pedro Lima e CDB. O grupo, com sede em Goi\u00e2nia (GO), destaca-se pelo &#8220;pagonejo&#8221;, \u00a0uma mistura contagiante do pagode tradicional com influ\u00eancias sertanejas.<\/p>\n<p style=\"text-align: left;\"><strong>Tour 2026 C\u00ca T\u00c1 DOIDO FESTIVAL<\/strong><br \/>\nA grandiosidade do &#8220;C\u00ca T\u00c1 DOIDO FESTIVAL&#8221; se reflete diretamente em sua impressionante agenda. Comprovando ser um verdadeiro fen\u00f4meno nacional, o projeto cruzar\u00e1 o Brasil de ponta a ponta ao longo do ano, com 23 apresenta\u00e7\u00f5es j\u00e1 confirmadas entre fevereiro e dezembro. A caravana sertaneja levar\u00e1 sua estrutura gigantesca para todas as regi\u00f5es do pa\u00eds, passando por 11 estados e o Distrito Federal. Do Sul ao Nordeste, do Centro-Oeste ao Norte, passando por grandes eixos do Sudeste, essa verdadeira maratona de shows consolida o festival como um dos maiores, mais abrangentes e aguardados eventos itinerantes da m\u00fasica brasileira na atualidade.<\/p>\n<p style=\"text-align: left;\">\n<p style=\"text-align: left;\"><strong>Servi\u00e7o:<\/strong><\/p>\n<p style=\"text-align: left;\"><strong>C\u00ca T\u00c1 DOIDO FESTIVAL em Belo Horizonte<\/strong><\/p>\n<p style=\"text-align: left;\"><strong>Data:<\/strong>\u00a029 de agosto (s\u00e1bado)<\/p>\n<p style=\"text-align: left;\"><strong>Hor\u00e1rio:<\/strong>\u00a0a partir das 17h<\/p>\n<p style=\"text-align: left;\"><strong>Local:\u00a0<\/strong>Mineir\u00e3o &#8211;\u00a0<a href=\"https:\/\/www.google.com\/maps\/search\/Av.+Ant+nio+Abrah+o+Caram,+1001+-+S+o+Jos+,+Belo+Horizonte,+MG?entry=gmail&amp;source=g\">Av. Ant<\/a>\u00f4<a href=\"https:\/\/www.google.com\/maps\/search\/Av.+Ant+nio+Abrah+o+Caram,+1001+-+S+o+Jos+,+Belo+Horizonte,+MG?entry=gmail&amp;source=g\">nio Abrah<\/a>\u00e3<a href=\"https:\/\/www.google.com\/maps\/search\/Av.+Ant+nio+Abrah+o+Caram,+1001+-+S+o+Jos+,+Belo+Horizonte,+MG?entry=gmail&amp;source=g\">o Caram, 1001 &#8211; S<\/a>\u00e3<a href=\"https:\/\/www.google.com\/maps\/search\/Av.+Ant+nio+Abrah+o+Caram,+1001+-+S+o+Jos+,+Belo+Horizonte,+MG?entry=gmail&amp;source=g\">o Jos<\/a>\u00e9<a href=\"https:\/\/www.google.com\/maps\/search\/Av.+Ant+nio+Abrah+o+Caram,+1001+-+S+o+Jos+,+Belo+Horizonte,+MG?entry=gmail&amp;source=g\">, Belo Horizonte, MG<\/a><\/p>\n<p style=\"text-align: left;\"><strong>Atra\u00e7\u00f5es:<\/strong>\u00a0\u00cdcaro &amp; Gilmar, Panda, Humberto &amp; Ronaldo, Pedro Lima e CDB<\/p>\n<p style=\"text-align: left;\"><strong>Vendas liberadas!<\/strong><\/p>\n<p style=\"text-align: left;\"><strong>Onde comprar:<\/strong>\u00a0<a href=\"http:\/\/www.vaideingresso.com.br\/\" target=\"_blank\" rel=\"noopener noreferrer\" data-saferedirecturl=\"https:\/\/www.google.com\/url?q=http:\/\/www.vaideingresso.com.br\/&amp;source=gmail&amp;ust=1777557601683000&amp;usg=AOvVaw31SbqMDIObbF-Z23LkOZQP\">www.vaideingresso.com.br<\/a><\/p>\n<p style=\"text-align: left;\">\n<p style=\"text-align: left;\"><strong>ARTISTAS E FESTIVAL NO INSTAGRAM<\/strong><\/p>\n<p style=\"text-align: left;\">@cetadoido_festival<\/p>\n<p style=\"text-align: left;\">@icaroegilmar<\/p>\n<p style=\"text-align: left;\">@pandacantor<\/p>\n<p style=\"text-align: left;\">@humbertoeronaldo<\/p>\n<\/div>\n","protected":false},"excerpt":{"rendered":"<p>\u00cdcaro &amp; Gilmar, Panda e Humberto &amp; Ronaldo &#8211;\u00a0 Marcel Bianchi. Evento com \u00cdcaro &amp; Gilmar, Panda e Humberto &amp; Ronaldo acontece no dia 29 de agosto \u00a0Belo Horizonte se prepara para receber uma edi\u00e7\u00e3o hist\u00f3rica do &#8220;C\u00ea T\u00e1 Doido Festival&#8221;. O evento, que ser\u00e1 realizado no dia 29 de agosto (s\u00e1bado), a partir das [&hellip;]<\/p>\n","protected":false},"author":28,"featured_media":47930,"comment_status":"closed","ping_status":"closed","sticky":false,"template":"","format":"standard","meta":{"jetpack_post_was_ever_published":false,"_jetpack_newsletter_access":"","_jetpack_dont_email_post_to_subs":false,"_jetpack_newsletter_tier_id":0,"_jetpack_memberships_contains_paywalled_content":false,"_jetpack_memberships_contains_paid_content":false,"footnotes":"","jetpack_publicize_message":"","jetpack_publicize_feature_enabled":true,"jetpack_social_post_already_shared":true,"jetpack_social_options":{"image_generator_settings":{"template":"highway","enabled":false},"version":2}},"categories":[9902,1,19,34,2,18,6],"tags":[],"class_list":["post-47929","post","type-post","status-publish","format-standard","has-post-thumbnail","hentry","category-belo-horizonte","category-culturaliza","category-destaque","category-diversao","category-eventos","category-musica","category-shows"],"jetpack_publicize_connections":[],"jetpack_featured_media_url":"https:\/\/culturalizabh.com.br\/wp-content\/uploads\/2026\/04\/CREDITO-MARCEL-BIANCHI-1-.jpg","jetpack_sharing_enabled":true,"jetpack_shortlink":"https:\/\/wp.me\/p864jz-ct3","_links":{"self":[{"href":"https:\/\/culturalizabh.com.br\/index.php\/wp-json\/wp\/v2\/posts\/47929","targetHints":{"allow":["GET"]}}],"collection":[{"href":"https:\/\/culturalizabh.com.br\/index.php\/wp-json\/wp\/v2\/posts"}],"about":[{"href":"https:\/\/culturalizabh.com.br\/index.php\/wp-json\/wp\/v2\/types\/post"}],"author":[{"embeddable":true,"href":"https:\/\/culturalizabh.com.br\/index.php\/wp-json\/wp\/v2\/users\/28"}],"replies":[{"embeddable":true,"href":"https:\/\/culturalizabh.com.br\/index.php\/wp-json\/wp\/v2\/comments?post=47929"}],"version-history":[{"count":2,"href":"https:\/\/culturalizabh.com.br\/index.php\/wp-json\/wp\/v2\/posts\/47929\/revisions"}],"predecessor-version":[{"id":47932,"href":"https:\/\/culturalizabh.com.br\/index.php\/wp-json\/wp\/v2\/posts\/47929\/revisions\/47932"}],"wp:featuredmedia":[{"embeddable":true,"href":"https:\/\/culturalizabh.com.br\/index.php\/wp-json\/wp\/v2\/media\/47930"}],"wp:attachment":[{"href":"https:\/\/culturalizabh.com.br\/index.php\/wp-json\/wp\/v2\/media?parent=47929"}],"wp:term":[{"taxonomy":"category","embeddable":true,"href":"https:\/\/culturalizabh.com.br\/index.php\/wp-json\/wp\/v2\/categories?post=47929"},{"taxonomy":"post_tag","embeddable":true,"href":"https:\/\/culturalizabh.com.br\/index.php\/wp-json\/wp\/v2\/tags?post=47929"}],"curies":[{"name":"wp","href":"https:\/\/api.w.org\/{rel}","templated":true}]}}