{"id":47925,"date":"2026-04-29T17:52:42","date_gmt":"2026-04-29T20:52:42","guid":{"rendered":"https:\/\/culturalizabh.com.br\/?p=47925"},"modified":"2026-04-29T17:52:42","modified_gmt":"2026-04-29T20:52:42","slug":"luau-do-akatu-confirma-mr-dan-como-primeira-atracao-convidada-para-edicao-na-arena-independencia","status":"publish","type":"post","link":"https:\/\/culturalizabh.com.br\/index.php\/2026\/04\/29\/luau-do-akatu-confirma-mr-dan-como-primeira-atracao-convidada-para-edicao-na-arena-independencia\/","title":{"rendered":"Luau do Akatu confirma Mr. Dan como primeira atra\u00e7\u00e3o convidada para edi\u00e7\u00e3o na Arena Independ\u00eancia"},"content":{"rendered":"<p style=\"text-align: left;\"><strong>Mr. Dan &#8211; Divulga\u00e7\u00e3o.<\/strong><\/p>\n<p style=\"text-align: center;\"><strong><i>Evento que transforma o est\u00e1dio em um o\u00e1sis praiano acontece no dia 16 de maio; <\/i><\/strong><strong><i>ingressos j\u00e1 est\u00e3o \u00e0 venda<\/i><\/strong><\/p>\n<div style=\"text-align: left;\">\n<p>O projeto Luau do Akatu, que conta com o patroc\u00ednio da Prefeitura de Belo Horizonte por meio da Belotur, promete transformar a Arena Independ\u00eancia em um verdadeiro para\u00edso litor\u00e2neo no dia 16 de maio (s\u00e1bado), a partir das 15h. A festa acaba de anunciar a sua primeira grande participa\u00e7\u00e3o especial: o cantor e compositor Mr. Dan, artista que j\u00e1 colaborou com o grupo no DVD\u00a0<em>&#8220;Akatu In The City&#8221;<\/em>, que vai trazer seu estilo \u00fanico para somar \u00e0s mais de quatro horas de show programadas para a capital mineira.<\/p>\n<p>A proposta do projeto vai al\u00e9m da m\u00fasica; \u00e9 uma experi\u00eancia sensorial completa. Cada detalhe \u00e9 pensado para proporcionar uma imers\u00e3o total, desde a cenografia que simula um ambiente de praia at\u00e9 a sele\u00e7\u00e3o musical que celebra os grandes nomes e hits da m\u00fasica brasileira. A energia do p\u00fablico \u00e9 um componente essencial, e a intera\u00e7\u00e3o \u00e9 um dos pilares do evento.<\/p>\n<p>Nascido em 2020, em meio aos desafios da pandemia, o &#8220;Luau do Akatu&#8221; surgiu como uma iniciativa inovadora para levar entretenimento e alegria ao p\u00fablico em isolamento. O conceito de recriar a atmosfera de praia na capital mineira rapidamente conquistou os f\u00e3s, que buscavam uma fuga criativa e musical. O projeto evoluiu de uma ideia para um robusto projeto audiovisual, consolidando-se como um dos eventos mais aguardados, conhecido por sua capacidade de transportar o p\u00fablico para um cen\u00e1rio litor\u00e2neo, mesmo longe do mar.<\/p>\n<p>A escolha de Mr. Dan mostra a proposta de interatividade e celebra\u00e7\u00e3o do evento. Para Beg, um dos vocalistas do Akatu, a presen\u00e7a de convidados torna a apresenta\u00e7\u00e3o ainda mais especial. &#8220;Vamos ficar mais pr\u00f3ximos do nosso p\u00fablico em uma apresenta\u00e7\u00e3o intimista, sentindo toda a energia da galera. Com o Mr. Dan e os hits que selecionamos, a agita\u00e7\u00e3o est\u00e1 garantida&#8221;, afirma.<\/p>\n<p>Lukas Bog\u00e9 destaca que o Luau \u00e9 um momento de criar mem\u00f3rias. &#8220;\u00c9 mais do que um show, \u00e9 uma grande festa em fam\u00edlia. Ver essa conex\u00e3o com o p\u00fablico e agora confirmar nomes que admiramos, como o Mr. Dan, s\u00f3 aumenta a nossa expectativa para esse dia na Arena&#8221;, pontua o vocalista.<\/p>\n<\/div>\n<p style=\"text-align: left;\"><strong>Sobre o grupo\u00a0Akatu<\/strong><\/p>\n<p style=\"text-align: left;\"><img decoding=\"async\" src=\"https:\/\/ci3.googleusercontent.com\/meips\/ADKq_NbTinnB5hllMKhWtIiGKfg8BRuAHFXV3RkCYGwCWEAlut7-BndHw4CJu170-5uBeaAf016qalZvY31c-CtiQ32MqCaoiRMwlmJQpfUTya-BFFrlQ8_HaytTWfuPQ61qLjZHFiIFV88FQgiEeuX61Q2v8VoF7qfF3ieLLVLR6p0hCwDoWi7Pvs5Z6dnh8gx29KEzz3U042RV_h2fIQl9=s0-d-e1-ft#https:\/\/files.pressmanager.net\/clientes\/67dd844a69e08263976a65f343f9b4e0\/imagens\/2026\/01\/15\/9bb1a2c59018618a31530e28cd632504_medium.jpg\" alt=\"\" width=\"300\" align=\"right\" hspace=\"10\" vspace=\"10\" \/>Criado em 2015, na cidade de Belo Horizonte\/MG, o\u00a0Akatu\u00a0\u00e9 formado por Beg Candeia (voz), Lukas Bog\u00e9 (voz), Caique Guilherme (tantan) e Lucas Ara\u00fajo (pandeiro). \u201cSemente boa e mundo melhor\u201d essas s\u00e3o as tradu\u00e7\u00f5es do nome \u201cAkatu\u201d de origem Tupi. Essa denomina\u00e7\u00e3o reflete n\u00e3o apenas uma identidade, mas tamb\u00e9m a ess\u00eancia que impulsiona a m\u00fasica e a mensagem do grupo.<\/p>\n<p style=\"text-align: left;\">Com mais de 1 bilh\u00e3o de streams nas plataformas digitais e ultrapassando a marca de 490 milh\u00f5es de visualiza\u00e7\u00f5es no YouTube, o grupo tamb\u00e9m \u00e9 um fen\u00f4meno no Instagram com uma comunidade digital robusta de mais de 1 milh\u00e3o de seguidores. O\u00a0Akatu\u00a0n\u00e3o s\u00f3 domina as plataformas digitais, mas tamb\u00e9m conquista os cora\u00e7\u00f5es dos f\u00e3s por meio de suas apresenta\u00e7\u00f5es por diversas cidades do Brasil. O grupo alcan\u00e7ou o Top 1 nacional entre as m\u00fasicas mais executadas nas r\u00e1dios do pa\u00eds com 3 can\u00e7\u00f5es autorais: \u2018\u2019Complicado\u2019\u2019, \u2018\u2019Meu Plano Falhou&#8221; e &#8220;Ch\u00e1 de Cama\u2019\u2019.<\/p>\n<p style=\"text-align: left;\">Desde o in\u00edcio da carreira, o grupo sempre esteve focado nas produ\u00e7\u00f5es audiovisuais. Em 2017, lan\u00e7ou o CD \u201cMeu Momento\u201d e no ano seguinte o DVD \u201cVamo Cantar\u201d. J\u00e1 em 2020, foram dois trabalhos: \u201cEnsaios do\u00a0Akatu\u2019\u2019 e \u201cAkatu\u00a0Relax\u2019. Em 2021 lan\u00e7ou o DVD \u201cEncontro de Gera\u00e7\u00f5es\u201d, gravado no Rio de Janeiro junto com o Grupo Revela\u00e7\u00e3o, Xande de Pilares, Vitinho e Liomar Pique Novo. Em 2022 lan\u00e7ou o DVD \u201cDegrauzinho por Degrauzinho\u201d marcado por uma megaprodu\u00e7\u00e3o, palco repleto de efeitos especiais e tel\u00f5es de led, al\u00e9m das participa\u00e7\u00f5es de grandes nomes da m\u00fasica como Belo, Ferrugem, Menos \u00e9 Mais, Matheus Fernandes, Suel e Di Prop\u00f3sito.<\/p>\n<p style=\"text-align: left;\">Em 2023, protagonizou mais um cap\u00edtulo importante com o lan\u00e7amento do DVD &#8220;Akatu\u00a0In The City&#8221;. Nesse projeto, contou com as participa\u00e7\u00f5es de Dilsinho, Mumuzinho, Rodriguinho, Gaab, Mr Dan, Chris MC e Djonga, gravado na capital mineira.<\/p>\n<p style=\"text-align: left;\">J\u00e1 em 2024, lan\u00e7ou o DVD \u201cLuau do\u00a0Akatu\u201d, projeto que se consolidou como a festa oficial do grupo com mais de 4 horas de show, e participa\u00e7\u00f5es especiais. Ainda no mesmo ano, o grupo foi convidado pela banda canadense Magic!, sucesso mundial, para gravar um single com videoclipe lan\u00e7ado no canal oficial da banda no YouTube.<\/p>\n<p style=\"text-align: left;\">Em 2025, mergulhou em uma nova fase da carreira com um projeto de m\u00fasicas in\u00e9ditas, trazendo como convidados especiais P\u00e9ricles, Turma do Pagode e Vitinho. A proposta revela o lado mais sens\u00edvel, autoral e maduro do grupo, reafirmando sua autenticidade, identidade musical e conex\u00e3o com o p\u00fablico.<\/p>\n<p style=\"text-align: left;\">Ainda no mesmo ano, foi convidado por Ivete Sangalo para dividir o palco em uma apresenta\u00e7\u00e3o especial da cantora, com uma can\u00e7\u00e3o registrada ao vivo. O grupo tamb\u00e9m recebeu os convites de L\u00e9o Santana, Ludmilla e P\u00e9ricles para cantarem juntos, refor\u00e7ando o reconhecimento e o prest\u00edgio do\u00a0Akatu\u00a0entre grandes nomes da m\u00fasica brasileira.<\/p>\n<p style=\"text-align: left;\">E 2026 come\u00e7a com uma grande novidade: o lan\u00e7amento do single \u201cRol\u00ea Aleat\u00f3rio\u201d gravado em parceria com Ronaldinho Ga\u00facho. O projeto nasceu de uma resenha entre amigos e ganhou vida nas plataformas digitais, al\u00e9m de um registro audiovisual que j\u00e1 est\u00e1 dispon\u00edvel no canal oficial do grupo no YouTube.<\/p>\n<p style=\"text-align: left;\"><strong>Te encontro em BH<\/strong><\/p>\n<p style=\"text-align: left;\">Nos \u00faltimos anos, Belo Horizonte ganhou ainda mais proje\u00e7\u00e3o no cen\u00e1rio nacional e internacional. O Carnaval, a intensa agenda de eventos e a gastronomia reconhecida mundo afora consolidam a cidade como um destino de turismo de experi\u00eancia. A capital combina tradi\u00e7\u00e3o, arquitetura marcante e uma cena cultural em constante transforma\u00e7\u00e3o. O Conjunto Moderno da Pampulha, Patrim\u00f4nio Mundial projetado por Oscar Niemeyer, \u00e9 um de seus principais \u00edcones, reunindo lazer, cultura e paisagem. No centro, o Circuito Liberdade concentra museus e espa\u00e7os criativos, formando um dos mais relevantes polos culturais do pa\u00eds.<\/p>\n<p style=\"text-align: left;\">Al\u00e9m disso, BH oferece mirantes com vistas privilegiadas, como a Pra\u00e7a do Papa e o Mirante do Mangabeiras, perfeitos para apreciar o p\u00f4r do sol. No Mercado Central de Belo Horizonte, os sabores e tradi\u00e7\u00f5es mineiras despertam os sentidos e refor\u00e7am a voca\u00e7\u00e3o gastron\u00f4mica local. Em paralelo, a cena criativa pulsa com for\u00e7a em espa\u00e7os como o Mercado Novo, que re\u00fane propostas contempor\u00e2neas de arte, design e culin\u00e1ria. Entre o cl\u00e1ssico e o novo, a cidade se afirma como um destino diverso, que integra cultura, natureza e experi\u00eancias aut\u00eanticas.<\/p>\n<p style=\"text-align: left;\"><strong>Acompanhe o grupo\u00a0Akatu\u00a0na web:<\/strong><\/p>\n<p style=\"text-align: left;\"><strong>YouTube:<\/strong>\u00a0<a href=\"https:\/\/www.youtube.com\/@AkatuOficial\" target=\"_blank\" rel=\"noopener noreferrer\" data-saferedirecturl=\"https:\/\/www.google.com\/url?q=https:\/\/www.youtube.com\/@AkatuOficial&amp;source=gmail&amp;ust=1777557399406000&amp;usg=AOvVaw21hseDt3yPpRlnni36iUZK\">https:\/\/www.youtube.com\/@AkatuOficial<\/a><\/p>\n<p style=\"text-align: left;\"><strong>Instagram:<\/strong>\u00a0<a href=\"https:\/\/www.instagram.com\/akatuoficial\" target=\"_blank\" rel=\"noopener noreferrer\" data-saferedirecturl=\"https:\/\/www.google.com\/url?q=https:\/\/www.instagram.com\/akatuoficial&amp;source=gmail&amp;ust=1777557399406000&amp;usg=AOvVaw2bQo6O4h5pHCsdPJM15hsx\">https:\/\/www.instagram.com\/akatuoficial<\/a><\/p>\n<p style=\"text-align: left;\"><strong>Facebook:<\/strong>\u00a0<a href=\"https:\/\/www.facebook.com\/grupoakatu\" target=\"_blank\" rel=\"noopener noreferrer\" data-saferedirecturl=\"https:\/\/www.google.com\/url?q=https:\/\/www.facebook.com\/grupoakatu&amp;source=gmail&amp;ust=1777557399406000&amp;usg=AOvVaw0u4yUxwKwhhQien2sYx85s\">https:\/\/www.facebook.com\/grupoakatu<\/a><\/p>\n<p style=\"text-align: left;\"><strong>Spotify:<\/strong>\u00a0<a href=\"https:\/\/open.spotify.com\/artist\/1AuDtbIuaPj9LHnOUMT3C8?si=Dy2rS7fbS7yBoKUulKjkZg\" target=\"_blank\" rel=\"noopener noreferrer\" data-saferedirecturl=\"https:\/\/www.google.com\/url?q=https:\/\/open.spotify.com\/artist\/1AuDtbIuaPj9LHnOUMT3C8?si%3DDy2rS7fbS7yBoKUulKjkZg&amp;source=gmail&amp;ust=1777557399406000&amp;usg=AOvVaw0NkAV4_hHYD3S7wntSmo42\">https:\/\/open.spotify.com\/artist\/1AuDtbIuaPj9LHnOUMT3C8?si=Dy2rS7fbS7yBoKUulKjkZg<\/a><\/p>\n<p style=\"text-align: left;\"><strong>Servi\u00e7o:<\/strong><\/p>\n<ul>\n<li style=\"text-align: left;\"><strong>Evento:<\/strong>\u00a0Luau do Akatu<\/li>\n<li style=\"text-align: left;\"><strong>Participa\u00e7\u00e3o especial:<\/strong>\u00a0Mr. Dan<\/li>\n<li style=\"text-align: left;\"><strong>Data:<\/strong>\u00a016 de maio de 2026 (s\u00e1bado)<\/li>\n<li style=\"text-align: left;\"><strong>Hor\u00e1rio:<\/strong>\u00a0A partir das 15h<\/li>\n<li style=\"text-align: left;\"><strong>Local: Arena Independ\u00eancia &#8211;\u00a0<\/strong>\u00a0<a href=\"https:\/\/www.google.com\/maps\/search\/Rua+Pitangui,+3230+-+Horto,+Belo+Horizonte+-+MG?entry=gmail&amp;source=g\">Rua Pitangui, 3230 &#8211; Horto, Belo Horizonte &#8211; MG<\/a><\/li>\n<li style=\"text-align: left;\"><strong>Ingressos:<\/strong>\u00a0Vendas exclusivas pela plataforma Central dos Eventos<\/li>\n<li style=\"text-align: left;\"><strong>Patroc\u00ednio:<\/strong>\u00a0Prefeitura de Belo Horizonte por meio da Belotur<\/li>\n<\/ul>\n","protected":false},"excerpt":{"rendered":"<p>Mr. Dan &#8211; Divulga\u00e7\u00e3o. Evento que transforma o est\u00e1dio em um o\u00e1sis praiano acontece no dia 16 de maio; ingressos j\u00e1 est\u00e3o \u00e0 venda O projeto Luau do Akatu, que conta com o patroc\u00ednio da Prefeitura de Belo Horizonte por meio da Belotur, promete transformar a Arena Independ\u00eancia em um verdadeiro para\u00edso litor\u00e2neo no dia [&hellip;]<\/p>\n","protected":false},"author":28,"featured_media":47926,"comment_status":"closed","ping_status":"closed","sticky":true,"template":"","format":"standard","meta":{"jetpack_post_was_ever_published":false,"_jetpack_newsletter_access":"","_jetpack_dont_email_post_to_subs":false,"_jetpack_newsletter_tier_id":0,"_jetpack_memberships_contains_paywalled_content":false,"_jetpack_memberships_contains_paid_content":false,"footnotes":"","jetpack_publicize_message":"","jetpack_publicize_feature_enabled":true,"jetpack_social_post_already_shared":true,"jetpack_social_options":{"image_generator_settings":{"template":"highway","enabled":false},"version":2}},"categories":[1,34],"tags":[],"class_list":["post-47925","post","type-post","status-publish","format-standard","has-post-thumbnail","hentry","category-culturaliza","category-diversao"],"jetpack_publicize_connections":[],"jetpack_featured_media_url":"https:\/\/culturalizabh.com.br\/wp-content\/uploads\/2026\/04\/Mr-Dano-Divulgacao-.jpg","jetpack_sharing_enabled":true,"jetpack_shortlink":"https:\/\/wp.me\/p864jz-csZ","_links":{"self":[{"href":"https:\/\/culturalizabh.com.br\/index.php\/wp-json\/wp\/v2\/posts\/47925","targetHints":{"allow":["GET"]}}],"collection":[{"href":"https:\/\/culturalizabh.com.br\/index.php\/wp-json\/wp\/v2\/posts"}],"about":[{"href":"https:\/\/culturalizabh.com.br\/index.php\/wp-json\/wp\/v2\/types\/post"}],"author":[{"embeddable":true,"href":"https:\/\/culturalizabh.com.br\/index.php\/wp-json\/wp\/v2\/users\/28"}],"replies":[{"embeddable":true,"href":"https:\/\/culturalizabh.com.br\/index.php\/wp-json\/wp\/v2\/comments?post=47925"}],"version-history":[{"count":1,"href":"https:\/\/culturalizabh.com.br\/index.php\/wp-json\/wp\/v2\/posts\/47925\/revisions"}],"predecessor-version":[{"id":47927,"href":"https:\/\/culturalizabh.com.br\/index.php\/wp-json\/wp\/v2\/posts\/47925\/revisions\/47927"}],"wp:featuredmedia":[{"embeddable":true,"href":"https:\/\/culturalizabh.com.br\/index.php\/wp-json\/wp\/v2\/media\/47926"}],"wp:attachment":[{"href":"https:\/\/culturalizabh.com.br\/index.php\/wp-json\/wp\/v2\/media?parent=47925"}],"wp:term":[{"taxonomy":"category","embeddable":true,"href":"https:\/\/culturalizabh.com.br\/index.php\/wp-json\/wp\/v2\/categories?post=47925"},{"taxonomy":"post_tag","embeddable":true,"href":"https:\/\/culturalizabh.com.br\/index.php\/wp-json\/wp\/v2\/tags?post=47925"}],"curies":[{"name":"wp","href":"https:\/\/api.w.org\/{rel}","templated":true}]}}