{"id":47922,"date":"2026-04-30T09:11:41","date_gmt":"2026-04-30T12:11:41","guid":{"rendered":"https:\/\/culturalizabh.com.br\/?p=47922"},"modified":"2026-04-29T08:21:43","modified_gmt":"2026-04-29T11:21:43","slug":"farra-festival-de-arte-de-rua-estreia-no-bairro-cabana-com-realizacao-do-instituto-cura","status":"publish","type":"post","link":"https:\/\/culturalizabh.com.br\/index.php\/2026\/04\/30\/farra-festival-de-arte-de-rua-estreia-no-bairro-cabana-com-realizacao-do-instituto-cura\/","title":{"rendered":"FARRA &#8211; Festival de Arte de Rua estreia no bairro Cabana, com realiza\u00e7\u00e3o do Instituto CURA"},"content":{"rendered":"<p dir=\"ltr\" style=\"text-align: left;\">O bairro <strong>Cabana do Pai Tom\u00e1s<\/strong>, em Belo Horizonte, recebe, entre os dias 5 e 9 de maio, a 1\u00aa Edi\u00e7\u00e3o do<strong>\u00a0FARRA \u2013 Festival de Arte de Rua<\/strong>, novo projeto do <strong>Instituto CURA<\/strong> que prop\u00f5e uma atua\u00e7\u00e3o direta em territ\u00f3rios a partir da arte urbana, da forma\u00e7\u00e3o e da conviv\u00eancia comunit\u00e1ria. A programa\u00e7\u00e3o acontece no entorno do <strong>Largo da Adega do Padrim<\/strong>, espa\u00e7o que se consolidou como ponto de articula\u00e7\u00e3o cultural no bairro, reunindo interven\u00e7\u00f5es art\u00edsticas, oficinas e atividades abertas ao p\u00fablico.<\/p>\n<p dir=\"ltr\">\n<p dir=\"ltr\" style=\"text-align: left;\">Concebido como uma plataforma itinerante e adapt\u00e1vel do <strong>CURA<\/strong>, o <strong>FARRA<\/strong> nasce com a proposta de realizar edi\u00e7\u00f5es em diferentes contextos urbanos, sempre em di\u00e1logo com as especificidades de cada territ\u00f3rio. A estreia no Cabana se insere em um movimento mais amplo de fortalecimento cultural local, articulado a partir de iniciativas j\u00e1 existentes na regi\u00e3o, como a pr\u00f3pria Adega do Padrim, liderada pelo artista FBC e sua esposa Michele, figuras centrais na mobiliza\u00e7\u00e3o cultural do territ\u00f3rio.<\/p>\n<p dir=\"ltr\">\n<p dir=\"ltr\" style=\"text-align: left;\">A partir de 5 de maio, oito artistas, entre nomes locais e convidados de outros estados,\u00a0 realizam oito murais no entorno, criando uma experi\u00eancia coletiva que envolve tamb\u00e9m os moradores. A proposta do festival vai al\u00e9m da produ\u00e7\u00e3o de obras: inclui duas oficinas gratuitas voltadas para crian\u00e7as e jovens \u2014 uma de pintura mural, conduzida por BA, e outra de rimas, com FBC \u2014 al\u00e9m de rodas de conversa e uma programa\u00e7\u00e3o cultural aberta e gratuita, que se encerra no dia\u00a09 de maio\u00a0com uma ocupa\u00e7\u00e3o festiva do espa\u00e7o para a comunidade.<\/p>\n<p dir=\"ltr\">\n<p dir=\"ltr\" style=\"text-align: left;\">A curadoria, assinada por Priscila Amoni e Jana\u00edna Macruz, equilibra artistas locais e convidados de outras regi\u00f5es, promovendo interc\u00e2mbio de linguagens e experi\u00eancias. A proximidade entre os muros foi pensada para estimular a conviv\u00eancia entre os artistas e a intera\u00e7\u00e3o com a comunidade durante todo o processo.<\/p>\n<p dir=\"ltr\">\n<p dir=\"ltr\" style=\"text-align: left;\">A sele\u00e7\u00e3o de artistas desta primeira edi\u00e7\u00e3o reflete a proposta do FARRA de conectar diferentes trajet\u00f3rias e territ\u00f3rios. De S\u00e3o Paulo,\u00a0Enivo\u00a0traz uma produ\u00e7\u00e3o que nasce no graffiti e se expande para galerias e institui\u00e7\u00f5es, com atua\u00e7\u00e3o internacional e forte presen\u00e7a em projetos de forma\u00e7\u00e3o art\u00edstica. Sua obra articula diferentes suportes e contextos, aproximando a rua de outros circuitos da arte contempor\u00e2nea.<\/p>\n<p dir=\"ltr\">\n<p dir=\"ltr\" style=\"text-align: left;\">De Belo Horizonte,\u00a0DMS\u00a0integra a gera\u00e7\u00e3o que consolidou a arte urbana na cidade a partir dos anos 1990. Sua produ\u00e7\u00e3o atravessa linguagens como graffiti, ilustra\u00e7\u00e3o e m\u00fasica, mantendo uma rela\u00e7\u00e3o direta com a cultura de rua e com temas ligados \u00e0 ancestralidade. Tamb\u00e9m da capital mineira,\u00a0F\u00eanix\u00a0desenvolve um trabalho que investiga ra\u00edzes culturais e espiritualidade, com composi\u00e7\u00f5es marcadas por tons solares e pela valoriza\u00e7\u00e3o da for\u00e7a ancestral.<\/p>\n<p dir=\"ltr\">\n<p dir=\"ltr\">\n<figure id=\"attachment_47923\" aria-describedby=\"caption-attachment-47923\" style=\"width: 300px\" class=\"wp-caption aligncenter\"><img loading=\"lazy\" decoding=\"async\" class=\"size-medium wp-image-47923\" src=\"https:\/\/culturalizabh.com.br\/wp-content\/uploads\/2026\/04\/Fenix_Foto_diegoruahn-300x215.jpg\" alt=\"\" width=\"300\" height=\"215\" srcset=\"https:\/\/culturalizabh.com.br\/wp-content\/uploads\/2026\/04\/Fenix_Foto_diegoruahn-300x215.jpg 300w, https:\/\/culturalizabh.com.br\/wp-content\/uploads\/2026\/04\/Fenix_Foto_diegoruahn-1024x732.jpg 1024w, https:\/\/culturalizabh.com.br\/wp-content\/uploads\/2026\/04\/Fenix_Foto_diegoruahn-768x549.jpg 768w, https:\/\/culturalizabh.com.br\/wp-content\/uploads\/2026\/04\/Fenix_Foto_diegoruahn-1536x1099.jpg 1536w, https:\/\/culturalizabh.com.br\/wp-content\/uploads\/2026\/04\/Fenix_Foto_diegoruahn-2048x1465.jpg 2048w, https:\/\/culturalizabh.com.br\/wp-content\/uploads\/2026\/04\/Fenix_Foto_diegoruahn-1020x731.jpg 1020w, https:\/\/culturalizabh.com.br\/wp-content\/uploads\/2026\/04\/Fenix_Foto_diegoruahn-322x230.jpg 322w\" sizes=\"auto, (max-width: 300px) 100vw, 300px\" \/><figcaption id=\"caption-attachment-47923\" class=\"wp-caption-text\">Fenix &#8211; Foto: diegoruahn<\/figcaption><\/figure>\n<p dir=\"ltr\">\n<p dir=\"ltr\">\n<p dir=\"ltr\" style=\"text-align: left;\">Kakaw, artista ind\u00edgena e comunicadora anticolonial, constr\u00f3i uma obra que tensiona estere\u00f3tipos e amplia as representa\u00e7\u00f5es no espa\u00e7o urbano, propondo novas narrativas sobre identidade, territ\u00f3rio e pertencimento. Sua atua\u00e7\u00e3o dialoga diretamente com pautas contempor\u00e2neas sobre visibilidade e decoloniza\u00e7\u00e3o da cidade.<\/p>\n<p dir=\"ltr\">\n<p dir=\"ltr\" style=\"text-align: left;\">De Salvador,\u00a0Eder Muniz\u00a0apresenta uma produ\u00e7\u00e3o que conecta natureza, espiritualidade e territ\u00f3rio, com trajet\u00f3ria que inclui trabalhos no Brasil e no exterior. Seu percurso reflete uma pr\u00e1tica que transita entre o graffiti e as artes pl\u00e1sticas, criando imagens que evocam ciclos da vida e rela\u00e7\u00f5es entre ambiente urbano e natural.<\/p>\n<p dir=\"ltr\">\n<p dir=\"ltr\" style=\"text-align: left;\">Do Rio de Janeiro,\u00a0Maria Ism\u00e1llia\u00a0traz uma pesquisa que atravessa mem\u00f3ria, tempo e subjetividade, articulando elementos geom\u00e9tricos e simb\u00f3licos em composi\u00e7\u00f5es que dialogam com o territ\u00f3rio e com experi\u00eancias coletivas e individuais.<\/p>\n<p dir=\"ltr\">\n<p dir=\"ltr\" style=\"text-align: left;\">Representando diretamente o Cabana do Pai Tom\u00e1s,\u00a0Celo\u00a0e\u00a0BA\u00a0refor\u00e7am o v\u00ednculo do projeto com o territ\u00f3rio. Celo, morador do bairro, desenvolve desde os anos 2000 um trabalho que combina o graffiti tradicional com temas ligados ao cotidiano e \u00e0 natureza. J\u00e1 BA, pioneiro do hip hop e do graffiti em Belo Horizonte, atua desde a d\u00e9cada de 1980 como artista e arte-educador, sendo uma refer\u00eancia hist\u00f3rica na forma\u00e7\u00e3o de novas gera\u00e7\u00f5es e na constru\u00e7\u00e3o da cena local.<\/p>\n<p dir=\"ltr\">\n<p dir=\"ltr\" style=\"text-align: left;\"><strong>Mais informa\u00e7\u00f5es:<\/strong><\/p>\n<p dir=\"ltr\" style=\"text-align: left;\"><strong>FARRA \u2013 Festival de Arte de Rua (1\u00aa edi\u00e7\u00e3o \u2013 Cabana do Pai Tom\u00e1s)<\/strong><br \/>\n<strong>Quando:<\/strong> 5 a 9 de maio de 2026<br \/>\n<strong>Onde:<\/strong> Largo da Adega do Padrim \u2013 Cabana do Pai Tom\u00e1s \u2013 Belo Horizonte (MG)<br \/>\n<strong>Quanto:<\/strong> Programa\u00e7\u00e3o gratuita.<\/p>\n","protected":false},"excerpt":{"rendered":"<p>O bairro Cabana do Pai Tom\u00e1s, em Belo Horizonte, recebe, entre os dias 5 e 9 de maio, a 1\u00aa Edi\u00e7\u00e3o do\u00a0FARRA \u2013 Festival de Arte de Rua, novo projeto do Instituto CURA que prop\u00f5e uma atua\u00e7\u00e3o direta em territ\u00f3rios a partir da arte urbana, da forma\u00e7\u00e3o e da conviv\u00eancia comunit\u00e1ria. A programa\u00e7\u00e3o acontece no [&hellip;]<\/p>\n","protected":false},"author":22,"featured_media":47923,"comment_status":"closed","ping_status":"closed","sticky":false,"template":"","format":"standard","meta":{"jetpack_post_was_ever_published":false,"_jetpack_newsletter_access":"","_jetpack_dont_email_post_to_subs":false,"_jetpack_newsletter_tier_id":0,"_jetpack_memberships_contains_paywalled_content":false,"_jetpack_memberships_contains_paid_content":false,"footnotes":"","jetpack_publicize_message":"","jetpack_publicize_feature_enabled":true,"jetpack_social_post_already_shared":true,"jetpack_social_options":{"image_generator_settings":{"template":"highway","enabled":false},"version":2}},"categories":[9902,1,11532,34,3537],"tags":[39,425,11397,14487],"class_list":["post-47922","post","type-post","status-publish","format-standard","has-post-thumbnail","hentry","category-belo-horizonte","category-culturaliza","category-dica-cultural","category-diversao","category-gratuito-ou-a-baixo-custo","tag-bh","tag-culturalizabh","tag-fbc","tag-instituto-cura"],"jetpack_publicize_connections":[],"jetpack_featured_media_url":"https:\/\/culturalizabh.com.br\/wp-content\/uploads\/2026\/04\/Fenix_Foto_diegoruahn.jpg","jetpack_sharing_enabled":true,"jetpack_shortlink":"https:\/\/wp.me\/p864jz-csW","_links":{"self":[{"href":"https:\/\/culturalizabh.com.br\/index.php\/wp-json\/wp\/v2\/posts\/47922","targetHints":{"allow":["GET"]}}],"collection":[{"href":"https:\/\/culturalizabh.com.br\/index.php\/wp-json\/wp\/v2\/posts"}],"about":[{"href":"https:\/\/culturalizabh.com.br\/index.php\/wp-json\/wp\/v2\/types\/post"}],"author":[{"embeddable":true,"href":"https:\/\/culturalizabh.com.br\/index.php\/wp-json\/wp\/v2\/users\/22"}],"replies":[{"embeddable":true,"href":"https:\/\/culturalizabh.com.br\/index.php\/wp-json\/wp\/v2\/comments?post=47922"}],"version-history":[{"count":1,"href":"https:\/\/culturalizabh.com.br\/index.php\/wp-json\/wp\/v2\/posts\/47922\/revisions"}],"predecessor-version":[{"id":47924,"href":"https:\/\/culturalizabh.com.br\/index.php\/wp-json\/wp\/v2\/posts\/47922\/revisions\/47924"}],"wp:featuredmedia":[{"embeddable":true,"href":"https:\/\/culturalizabh.com.br\/index.php\/wp-json\/wp\/v2\/media\/47923"}],"wp:attachment":[{"href":"https:\/\/culturalizabh.com.br\/index.php\/wp-json\/wp\/v2\/media?parent=47922"}],"wp:term":[{"taxonomy":"category","embeddable":true,"href":"https:\/\/culturalizabh.com.br\/index.php\/wp-json\/wp\/v2\/categories?post=47922"},{"taxonomy":"post_tag","embeddable":true,"href":"https:\/\/culturalizabh.com.br\/index.php\/wp-json\/wp\/v2\/tags?post=47922"}],"curies":[{"name":"wp","href":"https:\/\/api.w.org\/{rel}","templated":true}]}}