{"id":47918,"date":"2026-04-29T17:00:30","date_gmt":"2026-04-29T20:00:30","guid":{"rendered":"https:\/\/culturalizabh.com.br\/?p=47918"},"modified":"2026-04-29T08:10:36","modified_gmt":"2026-04-29T11:10:36","slug":"ccbb-bh-recebe-edicao-especial-da-quermesse-da-mary-no-mes-das-maes","status":"publish","type":"post","link":"https:\/\/culturalizabh.com.br\/index.php\/2026\/04\/29\/ccbb-bh-recebe-edicao-especial-da-quermesse-da-mary-no-mes-das-maes\/","title":{"rendered":"CCBB BH recebe edi\u00e7\u00e3o especial da \u201cQuermesse da Mary\u201d no M\u00eas das M\u00e3es"},"content":{"rendered":"<p style=\"text-align: left;\">Entre os dias\u00a0<b>1\u00ba e 3 de maio<\/b>, das 10h \u00e0s 20h, o Centro Cultural Banco do Brasil Belo Horizonte recebe a \u201c<b>Quermesse da Mary<\/b>\u201d em uma edi\u00e7\u00e3o especial durante o feriado prolongado, para quem deseja aproveitar os dias de descanso na cidade e ainda garantir um presente especial para o Dia das M\u00e3es.<\/p>\n<p>&nbsp;<\/p>\n<p style=\"text-align: left;\">A iniciativa dialoga com a exposi\u00e7\u00e3o \u201c<b>Marlene Barros: Tecitura do Feminino<\/b>\u201d, propondo uma experi\u00eancia que valoriza o protagonismo feminino, o feito \u00e0 m\u00e3o e a pot\u00eancia da economia criativa.<\/p>\n<p>&nbsp;<\/p>\n<p style=\"text-align: left;\">Com curadoria de Mary Arantes, esta edi\u00e7\u00e3o da feira no CCBB BH re\u00fane exclusivamente expositoras mulheres, destacando a diversidade de produ\u00e7\u00f5es autorais em artes t\u00eaxteis, bordados, moda, artesanato, cer\u00e2mica, madeira, perfumaria, saboaria, cosm\u00e9ticos, joalheria e acess\u00f3rios, decora\u00e7\u00e3o, gastronomia e bot\u00e2nica. A proposta \u00e9 fomentar o encontro entre criadoras e p\u00fablico, promovendo o reconhecimento e a valoriza\u00e7\u00e3o do fazer art\u00edstico feminino e manual.<\/p>\n<p>&nbsp;<\/p>\n<p>&nbsp;<\/p>\n<figure id=\"attachment_47920\" aria-describedby=\"caption-attachment-47920\" style=\"width: 200px\" class=\"wp-caption aligncenter\"><img loading=\"lazy\" decoding=\"async\" class=\"size-medium wp-image-47920\" src=\"https:\/\/culturalizabh.com.br\/wp-content\/uploads\/2026\/04\/AmanaAtelie2024-157-200x300.jpg\" alt=\"\" width=\"200\" height=\"300\" srcset=\"https:\/\/culturalizabh.com.br\/wp-content\/uploads\/2026\/04\/AmanaAtelie2024-157-200x300.jpg 200w, https:\/\/culturalizabh.com.br\/wp-content\/uploads\/2026\/04\/AmanaAtelie2024-157-683x1024.jpg 683w, https:\/\/culturalizabh.com.br\/wp-content\/uploads\/2026\/04\/AmanaAtelie2024-157-768x1152.jpg 768w, https:\/\/culturalizabh.com.br\/wp-content\/uploads\/2026\/04\/AmanaAtelie2024-157-1024x1536.jpg 1024w, https:\/\/culturalizabh.com.br\/wp-content\/uploads\/2026\/04\/AmanaAtelie2024-157-1365x2048.jpg 1365w, https:\/\/culturalizabh.com.br\/wp-content\/uploads\/2026\/04\/AmanaAtelie2024-157-scaled.jpg 1707w\" sizes=\"auto, (max-width: 200px) 100vw, 200px\" \/><figcaption id=\"caption-attachment-47920\" class=\"wp-caption-text\">AmanaAtelie2024-157<\/figcaption><\/figure>\n<p>&nbsp;<\/p>\n<p>&nbsp;<\/p>\n<p style=\"text-align: left;\">Para a curadora, \u201co olhar curatorial do evento pelo vi\u00e9s feminino, reunindo apenas mulheres expositoras, por si s\u00f3 j\u00e1 fala do fio condutor, da manualidade, do bordado, do t\u00eaxtil, que no passado j\u00e1 foi a n\u00f3s imposto como grade curricular, como servi\u00e7o de menos valia, simples passa tempo e at\u00e9 mesmo como forma de silenciamento. Neste encontro, teremos mais de 40 mulheres e coletivos de mulheres expondo suas diversas formas de express\u00e3o, n\u00e3o mais sob a forma de opress\u00e3o, mas como um grito, como se bord\u00e1ssemos nossas revolu\u00e7\u00f5es, das pequenas conquistas \u00e0s de cunho social e pol\u00edtico\u201d.<\/p>\n<p>&nbsp;<\/p>\n<p style=\"text-align: left;\">A \u201c<b>Quermesse da Mary no CCBB\u201d<\/b>\u00a0\u00e9 uma rica oportunidade para conhecer e se aproximar do trabalho de grupos, associa\u00e7\u00f5es e coletivos de mulheres, como\u00a0<i>o Coletivo Criando Asas<\/i>, um grupo de m\u00e3es coordenado por Olga Obeica. Para estas mulheres, que lidam com a dupla jornada de trabalho e filhos em idade escolar, o fazer manual, al\u00e9m de terap\u00eautico, representa uma soma na renda familiar. \u201cPrecisamos criar espa\u00e7os de visibilidade e fortalecimento da economia criativa feminina\u201d, completa Mary Arantes.<\/p>\n<p>&nbsp;<\/p>\n<p style=\"text-align: left;\">Outro exemplo de atua\u00e7\u00e3o coletiva \u00e9 o\u00a0<i>Costurando com o Cora\u00e7\u00e3o<\/i>, projeto social para crian\u00e7as em situa\u00e7\u00e3o de vulnerabilidade criado por Val\u00e9ria Teixeira. Este grupo de volunt\u00e1rias costura roupas para crian\u00e7as de 2 a 10 anos de idade no Norte de Minas, Pernambuco e \u00c1frica. J\u00e1 a reconhecida organiza\u00e7\u00e3o\u00a0<i>Meninas de Sinh\u00e1<\/i>, idealizada por Valdete da Silva Cordeiro, \u00e9 voltada para mulheres idosas do Alto Vera Cruz, al\u00e9m das cantadeiras, e atua tamb\u00e9m no segmento de bordados. Esta edi\u00e7\u00e3o da feira apresentar\u00e1 uma exposi\u00e7\u00e3o especial de casacos e bonecos feitos por elas.<\/p>\n<p>&nbsp;<\/p>\n<p style=\"text-align: left;\">Ainda estar\u00e1 presente na feira a\u00a0<i>Casa Madre Tereza de Calcut\u00e1<\/i>, um projeto de bordadeiras para assist\u00eancia de mulheres em situa\u00e7\u00e3o de vulnerabilidade, tamb\u00e9m do Alto Vera Cruz. O primor dos bordados e do acabamento das roupas para casa s\u00e3o marcas registradas deste coletivo.<\/p>\n<p>&nbsp;<\/p>\n<p style=\"text-align: left;\">Juntamente aos projetos citados, o evento apresenta um extenso mix de expositores, artistas e designers. Aberta a todos os p\u00fablicos, a \u201cQuermesse da Mary\u201d \u00e9 uma plataforma de visibilidade para artistas e empreendedoras, revelando talentos e contribuindo para o desenvolvimento da Arte Popular Brasileira. O evento convida visitantes a vivenciarem tr\u00eas dias de circula\u00e7\u00e3o, troca e descobertas no CCBB BH, em um momento simb\u00f3lico de celebra\u00e7\u00e3o e reconhecimento das mulheres.<\/p>\n<p>&nbsp;<\/p>\n<p style=\"text-align: left;\">Para a gerente geral do CCBB BH, Gislane Tanaka, \u201creceber a\u00a0<strong><i>Quermesse da Mary<\/i><\/strong>\u00a0no CCBB Belo Horizonte \u00e9 reconhecer a relev\u00e2ncia de um evento j\u00e1 integrado \u00e0 agenda cultural da cidade, constru\u00eddo a partir do protagonismo e da trajet\u00f3ria de sua idealizadora, Mary Arantes. Nesta edi\u00e7\u00e3o especial de Dia das M\u00e3es, a Quermesse estabelece um di\u00e1logo com a exposi\u00e7\u00e3o da artista Marlene Barros, ampliando o contato do p\u00fablico com o fazer art\u00edstico feminino em suas diferentes formas de express\u00e3o.\u201d<\/p>\n<p>&nbsp;<\/p>\n<p style=\"text-align: left;\">Clientes do Banco do Brasil recebem 10% de desconto em todos os itens da feira ao utilizarem os Cart\u00f5es BB como forma de pagamento.<\/p>\n<p>&nbsp;<\/p>\n<p>&nbsp;<\/p>\n<p style=\"text-align: left;\"><b>Quermesse da Mary no CCBB<\/b><\/p>\n<p style=\"text-align: left;\">Data: De 1\u00ba a 3 de maio de 2026<\/p>\n<p style=\"text-align: left;\">Local: T\u00e9rreo, segundo andar e jardim \u2013 CCBB BH<\/p>\n<p style=\"text-align: left;\">Hor\u00e1rio: Sexta a domingo, das 10h \u00e0s 20h<\/p>\n<p style=\"text-align: left;\">Classifica\u00e7\u00e3o Indicativa: Livre<\/p>\n<p style=\"text-align: left;\">Entrada: Gratuita, sem necessidade de ingressos<\/p>\n<p style=\"text-align: left;\">@quermessedamary<\/p>\n<p>&nbsp;<\/p>\n<p>&nbsp;<\/p>\n<p style=\"text-align: left;\"><b>Exposi\u00e7\u00e3o \u201cMarlene Barros: Tecitura do Feminino\u201d<\/b><\/p>\n<p style=\"text-align: left;\">Data: At\u00e9 1\u00ba de junho de 2026<\/p>\n<p style=\"text-align: left;\">Local: Galerias do T\u00e9rreo \u2013 CCBB BH<\/p>\n<p style=\"text-align: left;\">Hor\u00e1rio: De quarta a segunda, das 10h \u00e0s 22h<\/p>\n<p style=\"text-align: left;\">Classifica\u00e7\u00e3o Indicativa: 14 anos<\/p>\n<p style=\"text-align: left;\">Entrada: gratuita mediante retirada de ingressos no site\u00a0<a href=\"https:\/\/banco365.sharepoint.com\/teams\/9822\/CCBB%2520BELO%2520HORIZONTE\/PUBLICO\/Interna\/08-%2520Comunica%25C3%25A7%25C3%25A3o\/Assessoria%2520de%2520Imprensa\/2025\/Releases\/ccbb.com.br\/bh\" target=\"_blank\" rel=\"noopener\" data-saferedirecturl=\"https:\/\/www.google.com\/url?q=https:\/\/banco365.sharepoint.com\/teams\/9822\/CCBB%252520BELO%252520HORIZONTE\/PUBLICO\/Interna\/08-%252520Comunica%2525C3%2525A7%2525C3%2525A3o\/Assessoria%252520de%252520Imprensa\/2025\/Releases\/ccbb.com.br\/bh&amp;source=gmail&amp;ust=1777544866635000&amp;usg=AOvVaw0wZAs1TjpBYsa1ejYtToSQ\">ccbb.com.br\/bh<\/a>\u00a0ou na bilheteria do CCBB BH.<\/p>\n<p>&nbsp;<\/p>\n<p>&nbsp;<\/p>\n<p style=\"text-align: left;\"><b>CCBB Belo Horizonte<\/b><\/p>\n<p style=\"text-align: left;\">Pra\u00e7a da Liberdade, 450 \u2013 Funcion\u00e1rios, Belo Horizonte \u2013 MG<\/p>\n<p style=\"text-align: left;\">Funcionamento \u2013 de quarta a segunda, das 10h \u00e0s 22h<\/p>\n<p style=\"text-align: left;\">Telefone: (31) 3431-9400<\/p>\n<p style=\"text-align: left;\">E-mail:\u00a0<a href=\"mailto:ccbbbh@bb.com.br\" target=\"_blank\" rel=\"noopener\">ccbbbh@bb.com.br<\/a>\u00a0\u00a0\u00a0\u00a0\u00a0\u00a0<wbr \/><\/p>\n<p style=\"text-align: left;\">Site:\u00a0<a href=\"https:\/\/ccbb.com.br\/bh\" target=\"_blank\" rel=\"noopener\" data-saferedirecturl=\"https:\/\/www.google.com\/url?q=https:\/\/ccbb.com.br\/bh&amp;source=gmail&amp;ust=1777544866635000&amp;usg=AOvVaw2IUIjfKR1PTbDCwNAE4xKc\">ccbb.com.br\/bh<\/a><\/p>\n<p style=\"text-align: left;\">Redes sociais:\u00a0<a href=\"http:\/\/instagram.com\/ccbbbh\" target=\"_blank\" rel=\"noopener\" data-saferedirecturl=\"https:\/\/www.google.com\/url?q=http:\/\/instagram.com\/ccbbbh&amp;source=gmail&amp;ust=1777544866635000&amp;usg=AOvVaw36qKWHXHdLkxwNlFW_YmjW\">instagram.com\/ccbbbh<\/a>\u00a0|\u00a0<a href=\"http:\/\/facebook.com\/ccbbbh\" target=\"_blank\" rel=\"noopener\" data-saferedirecturl=\"https:\/\/www.google.com\/url?q=http:\/\/facebook.com\/ccbbbh&amp;source=gmail&amp;ust=1777544866635000&amp;usg=AOvVaw1gRMT_Eu0M_pPLQjOopzsy\">facebook.com\/ccbbbh<\/a><\/p>\n","protected":false},"excerpt":{"rendered":"<p>Entre os dias\u00a01\u00ba e 3 de maio, das 10h \u00e0s 20h, o Centro Cultural Banco do Brasil Belo Horizonte recebe a \u201cQuermesse da Mary\u201d em uma edi\u00e7\u00e3o especial durante o feriado prolongado, para quem deseja aproveitar os dias de descanso na cidade e ainda garantir um presente especial para o Dia das M\u00e3es. &nbsp; A [&hellip;]<\/p>\n","protected":false},"author":22,"featured_media":47919,"comment_status":"closed","ping_status":"closed","sticky":true,"template":"","format":"standard","meta":{"jetpack_post_was_ever_published":false,"_jetpack_newsletter_access":"","_jetpack_dont_email_post_to_subs":false,"_jetpack_newsletter_tier_id":0,"_jetpack_memberships_contains_paywalled_content":false,"_jetpack_memberships_contains_paid_content":false,"footnotes":"","jetpack_publicize_message":"","jetpack_publicize_feature_enabled":true,"jetpack_social_post_already_shared":true,"jetpack_social_options":{"image_generator_settings":{"template":"highway","enabled":false},"version":2}},"categories":[9902,1,19,34,3537],"tags":[39,73,425,14486],"class_list":["post-47918","post","type-post","status-publish","format-standard","has-post-thumbnail","hentry","category-belo-horizonte","category-culturaliza","category-destaque","category-diversao","category-gratuito-ou-a-baixo-custo","tag-bh","tag-ccbb-bh","tag-culturalizabh","tag-quermesse-da-mary"],"jetpack_publicize_connections":[],"jetpack_featured_media_url":"https:\/\/culturalizabh.com.br\/wp-content\/uploads\/2026\/04\/WhatsApp-Image-2026-03-23-at-19.52.59-1.jpeg","jetpack_sharing_enabled":true,"jetpack_shortlink":"https:\/\/wp.me\/p864jz-csS","_links":{"self":[{"href":"https:\/\/culturalizabh.com.br\/index.php\/wp-json\/wp\/v2\/posts\/47918","targetHints":{"allow":["GET"]}}],"collection":[{"href":"https:\/\/culturalizabh.com.br\/index.php\/wp-json\/wp\/v2\/posts"}],"about":[{"href":"https:\/\/culturalizabh.com.br\/index.php\/wp-json\/wp\/v2\/types\/post"}],"author":[{"embeddable":true,"href":"https:\/\/culturalizabh.com.br\/index.php\/wp-json\/wp\/v2\/users\/22"}],"replies":[{"embeddable":true,"href":"https:\/\/culturalizabh.com.br\/index.php\/wp-json\/wp\/v2\/comments?post=47918"}],"version-history":[{"count":1,"href":"https:\/\/culturalizabh.com.br\/index.php\/wp-json\/wp\/v2\/posts\/47918\/revisions"}],"predecessor-version":[{"id":47921,"href":"https:\/\/culturalizabh.com.br\/index.php\/wp-json\/wp\/v2\/posts\/47918\/revisions\/47921"}],"wp:featuredmedia":[{"embeddable":true,"href":"https:\/\/culturalizabh.com.br\/index.php\/wp-json\/wp\/v2\/media\/47919"}],"wp:attachment":[{"href":"https:\/\/culturalizabh.com.br\/index.php\/wp-json\/wp\/v2\/media?parent=47918"}],"wp:term":[{"taxonomy":"category","embeddable":true,"href":"https:\/\/culturalizabh.com.br\/index.php\/wp-json\/wp\/v2\/categories?post=47918"},{"taxonomy":"post_tag","embeddable":true,"href":"https:\/\/culturalizabh.com.br\/index.php\/wp-json\/wp\/v2\/tags?post=47918"}],"curies":[{"name":"wp","href":"https:\/\/api.w.org\/{rel}","templated":true}]}}