{"id":47914,"date":"2026-04-29T15:00:07","date_gmt":"2026-04-29T18:00:07","guid":{"rendered":"https:\/\/culturalizabh.com.br\/?p=47914"},"modified":"2026-04-29T07:57:31","modified_gmt":"2026-04-29T10:57:31","slug":"fundacao-clovis-salgado-anuncia-a-opera-chica-da-silva-em-encontro-da-associacao-das-cidades-historicas-de-minas-gerais","status":"publish","type":"post","link":"https:\/\/culturalizabh.com.br\/index.php\/2026\/04\/29\/fundacao-clovis-salgado-anuncia-a-opera-chica-da-silva-em-encontro-da-associacao-das-cidades-historicas-de-minas-gerais\/","title":{"rendered":"Funda\u00e7\u00e3o Cl\u00f3vis Salgado anuncia a \u00f3pera \u201cChica da Silva\u201d em encontro da Associa\u00e7\u00e3o das Cidades Hist\u00f3ricas de Minas Gerais"},"content":{"rendered":"<div style=\"text-align: left;\">Durante encontro promovido pela Associa\u00e7\u00e3o das Cidades Hist\u00f3ricas de Minas Gerais, nesta sexta-feira (24), em Diamantina, a Funda\u00e7\u00e3o Cl\u00f3vis Salgado (FCS) anunciou a realiza\u00e7\u00e3o da pr\u00e9-estreia da \u00f3pera <strong>\u201cChica da Silva\u201d<\/strong>, no munic\u00edpio. Detalhes da produ\u00e7\u00e3o que integra o Ano JK, programa\u00e7\u00e3o que homenageia o ex-presidente Juscelino Kubitscheck, foram apresentados pelo presidente da FCS, Yuri Mello Mesquita.<\/div>\n<div><\/div>\n<div style=\"text-align: left;\">\u201cChica da Silva \u00e9 um s\u00edmbolo do Tejuco, de Minas e do Brasil. \u00c9 uma honra para todos e todas da Funda\u00e7\u00e3o Cl\u00f3vis Salgado realizar esta grande \u00f3pera. Por isso, o pr\u00e9 lan\u00e7amento ser\u00e1 em Diamantina, uma das cidades mais charmosas do Brasil e um dos locais mais importantes da Am\u00e9rica Portuguesa no s\u00e9culo XVIII. Para entendermos a hist\u00f3ria do nosso pa\u00eds, precisamos conhecer Minas, Diamantina e a nossa Chica da Silva\u201d, ressalta o presidente da FCS.<\/div>\n<div><\/div>\n<div><\/div>\n<div style=\"text-align: left;\">\n<figure id=\"attachment_47915\" aria-describedby=\"caption-attachment-47915\" style=\"width: 300px\" class=\"wp-caption aligncenter\"><img loading=\"lazy\" decoding=\"async\" class=\"size-medium wp-image-47915\" src=\"https:\/\/culturalizabh.com.br\/wp-content\/uploads\/2026\/04\/Chica2_Cesar-Tropia-300x200.jpeg\" alt=\"\" width=\"300\" height=\"200\" srcset=\"https:\/\/culturalizabh.com.br\/wp-content\/uploads\/2026\/04\/Chica2_Cesar-Tropia-300x200.jpeg 300w, https:\/\/culturalizabh.com.br\/wp-content\/uploads\/2026\/04\/Chica2_Cesar-Tropia-1024x683.jpeg 1024w, https:\/\/culturalizabh.com.br\/wp-content\/uploads\/2026\/04\/Chica2_Cesar-Tropia-768x512.jpeg 768w, https:\/\/culturalizabh.com.br\/wp-content\/uploads\/2026\/04\/Chica2_Cesar-Tropia-1536x1024.jpeg 1536w, https:\/\/culturalizabh.com.br\/wp-content\/uploads\/2026\/04\/Chica2_Cesar-Tropia.jpeg 1599w\" sizes=\"auto, (max-width: 300px) 100vw, 300px\" \/><figcaption id=\"caption-attachment-47915\" class=\"wp-caption-text\">Chica2 &#8211; Foto: Cesar Tropia<\/figcaption><\/figure>\n<\/div>\n<div style=\"text-align: left;\"><\/div>\n<div><\/div>\n<div><\/div>\n<div style=\"text-align: left;\">Com pr\u00e9-estreia no dia 12\/09, em Diamantina, e r\u00e9citas nos dias 19, 21 e 23 no Grande Teatro Cemig Pal\u00e1cio das Artes, em Belo Horizonte, a \u00f3pera remonta o Arraial do Tijuco (futura Diamantina) no s\u00e9culo XVIII. Neste cen\u00e1rio emerge Chica da Silva, uma mulher negra, rec\u00e9m liberta, que desafia as hierarquias do seu tempo ao se unir ao mais poderoso minerador da regi\u00e3o, em uma intensa e duradoura hist\u00f3ria de amor.<\/div>\n<div><\/div>\n<div style=\"text-align: left;\">Al\u00e7ada a uma posi\u00e7\u00e3o de destaque impens\u00e1vel para uma mulher de sua origem, Chica passa a enfrentar a inveja, a hostilidade e as armadilhas de uma sociedade de matriz portuguesa que se recusa a aceitar, em sil\u00eancio, sua ascens\u00e3o \u2014 sobretudo quando se v\u00ea sozinha, ap\u00f3s a partida de seu companheiro.<\/div>\n","protected":false},"excerpt":{"rendered":"<p>Durante encontro promovido pela Associa\u00e7\u00e3o das Cidades Hist\u00f3ricas de Minas Gerais, nesta sexta-feira (24), em Diamantina, a Funda\u00e7\u00e3o Cl\u00f3vis Salgado (FCS) anunciou a realiza\u00e7\u00e3o da pr\u00e9-estreia da \u00f3pera \u201cChica da Silva\u201d, no munic\u00edpio. Detalhes da produ\u00e7\u00e3o que integra o Ano JK, programa\u00e7\u00e3o que homenageia o ex-presidente Juscelino Kubitscheck, foram apresentados pelo presidente da FCS, Yuri [&hellip;]<\/p>\n","protected":false},"author":22,"featured_media":47916,"comment_status":"closed","ping_status":"closed","sticky":false,"template":"","format":"standard","meta":{"jetpack_post_was_ever_published":false,"_jetpack_newsletter_access":"","_jetpack_dont_email_post_to_subs":false,"_jetpack_newsletter_tier_id":0,"_jetpack_memberships_contains_paywalled_content":false,"_jetpack_memberships_contains_paid_content":false,"footnotes":"","jetpack_publicize_message":"","jetpack_publicize_feature_enabled":true,"jetpack_social_post_already_shared":true,"jetpack_social_options":{"image_generator_settings":{"template":"highway","enabled":false},"version":2}},"categories":[9902,1,34,3],"tags":[39,425,2322,51],"class_list":["post-47914","post","type-post","status-publish","format-standard","has-post-thumbnail","hentry","category-belo-horizonte","category-culturaliza","category-diversao","category-teatro","tag-bh","tag-culturalizabh","tag-opera","tag-palacio-das-artes"],"jetpack_publicize_connections":[],"jetpack_featured_media_url":"https:\/\/culturalizabh.com.br\/wp-content\/uploads\/2026\/04\/Chica_CesarTropia.jpeg","jetpack_sharing_enabled":true,"jetpack_shortlink":"https:\/\/wp.me\/p864jz-csO","_links":{"self":[{"href":"https:\/\/culturalizabh.com.br\/index.php\/wp-json\/wp\/v2\/posts\/47914","targetHints":{"allow":["GET"]}}],"collection":[{"href":"https:\/\/culturalizabh.com.br\/index.php\/wp-json\/wp\/v2\/posts"}],"about":[{"href":"https:\/\/culturalizabh.com.br\/index.php\/wp-json\/wp\/v2\/types\/post"}],"author":[{"embeddable":true,"href":"https:\/\/culturalizabh.com.br\/index.php\/wp-json\/wp\/v2\/users\/22"}],"replies":[{"embeddable":true,"href":"https:\/\/culturalizabh.com.br\/index.php\/wp-json\/wp\/v2\/comments?post=47914"}],"version-history":[{"count":1,"href":"https:\/\/culturalizabh.com.br\/index.php\/wp-json\/wp\/v2\/posts\/47914\/revisions"}],"predecessor-version":[{"id":47917,"href":"https:\/\/culturalizabh.com.br\/index.php\/wp-json\/wp\/v2\/posts\/47914\/revisions\/47917"}],"wp:featuredmedia":[{"embeddable":true,"href":"https:\/\/culturalizabh.com.br\/index.php\/wp-json\/wp\/v2\/media\/47916"}],"wp:attachment":[{"href":"https:\/\/culturalizabh.com.br\/index.php\/wp-json\/wp\/v2\/media?parent=47914"}],"wp:term":[{"taxonomy":"category","embeddable":true,"href":"https:\/\/culturalizabh.com.br\/index.php\/wp-json\/wp\/v2\/categories?post=47914"},{"taxonomy":"post_tag","embeddable":true,"href":"https:\/\/culturalizabh.com.br\/index.php\/wp-json\/wp\/v2\/tags?post=47914"}],"curies":[{"name":"wp","href":"https:\/\/api.w.org\/{rel}","templated":true}]}}