{"id":47909,"date":"2026-04-29T11:00:57","date_gmt":"2026-04-29T14:00:57","guid":{"rendered":"https:\/\/culturalizabh.com.br\/?p=47909"},"modified":"2026-04-29T07:47:54","modified_gmt":"2026-04-29T10:47:54","slug":"casa-fiat-de-cultura-celebra-o-dia-internacional-do-jazz-com-tributo-a-john-coltrane","status":"publish","type":"post","link":"https:\/\/culturalizabh.com.br\/index.php\/2026\/04\/29\/casa-fiat-de-cultura-celebra-o-dia-internacional-do-jazz-com-tributo-a-john-coltrane\/","title":{"rendered":"Casa Fiat de Cultura celebra o Dia Internacional do Jazz com tributo a John Coltrane"},"content":{"rendered":"<p style=\"font-weight: 400; text-align: left;\">A\u00a0<strong>Casa Fiat de Cultura\u00a0<\/strong>realiza, nesta\u00a0quinta-feira,\u00a030 de abril, \u00e0s 19h30, a primeira edi\u00e7\u00e3o de 2026 do \u201c<strong>Na Sombra das Mangueiras\u201d<\/strong>, que celebra ao\u00a0<strong>Dia Internacional do Jazz<\/strong>.<strong>\u00a0<\/strong>O projeto convida o\u00a0<strong>Vinicius Mendes Quarteto\u00a0<\/strong>para<strong>\u00a0<\/strong>um\u00a0tributo a\u00a0<strong>John Coltrane<\/strong>, um dos nomes mais influentes da hist\u00f3ria do jazz e que celebraria 100 anos. A apresenta\u00e7\u00e3o ser\u00e1 realizada\u00a0<strong>nos jardins da Casa Fiat de Cultura<\/strong>\u00a0e tem\u00a0<strong>entrada gratuita<\/strong>, com inscri\u00e7\u00f5es pela Sympla (<a href=\"https:\/\/bit.ly\/NaSombraJazz\" data-saferedirecturl=\"https:\/\/www.google.com\/url?q=https:\/\/bit.ly\/NaSombraJazz&amp;source=gmail&amp;ust=1777544879246000&amp;usg=AOvVaw0rL2-jGEUvwPvyfN5_ZWrF\">bit.ly\/NaSombraJazz<\/a>). A programa\u00e7\u00e3o integra as comemora\u00e7\u00f5es dos 20 anos da Casa Fiat de Cultura.<\/p>\n<p>&nbsp;<\/p>\n<p style=\"font-weight: 400; text-align: left;\">O quarteto percorrer\u00e1 obras emblem\u00e1ticas do repert\u00f3rio de Coltrane, como\u00a0<em>Blue Train<\/em>,\u00a0<em>Naima<\/em>,\u00a0<em>My Favorite Things<\/em>\u00a0e\u00a0<em>Moment\u2019s Notice<\/em>. Formado por Vinicius Mendes (saxofone tenor e soprano), Rodrigo Zolet (piano), Davi de Oliveira (baixo ac\u00fastico) e Andr\u00e9 Lim\u00e3o Queiroz (bateria), o grupo evidenciar\u00e1 a for\u00e7a criativa do artista e sua contribui\u00e7\u00e3o para a transforma\u00e7\u00e3o do jazz, do\u00a0<em>hard bop<\/em>\u00a0ao<em>\u00a0free<\/em>, em uma apresenta\u00e7\u00e3o marcada pela intensidade e improvisa\u00e7\u00e3o.<\/p>\n<p>&nbsp;<\/p>\n<p>&nbsp;<\/p>\n<figure id=\"attachment_47910\" aria-describedby=\"caption-attachment-47910\" style=\"width: 300px\" class=\"wp-caption aligncenter\"><img loading=\"lazy\" decoding=\"async\" class=\"size-medium wp-image-47910\" src=\"https:\/\/culturalizabh.com.br\/wp-content\/uploads\/2026\/04\/Na-Sombra-das-Mangueiras_Casa-Fiat-de-Cultura_credito-Andre-Borges-300x169.jpeg\" alt=\"\" width=\"300\" height=\"169\" srcset=\"https:\/\/culturalizabh.com.br\/wp-content\/uploads\/2026\/04\/Na-Sombra-das-Mangueiras_Casa-Fiat-de-Cultura_credito-Andre-Borges-300x169.jpeg 300w, https:\/\/culturalizabh.com.br\/wp-content\/uploads\/2026\/04\/Na-Sombra-das-Mangueiras_Casa-Fiat-de-Cultura_credito-Andre-Borges-1024x576.jpeg 1024w, https:\/\/culturalizabh.com.br\/wp-content\/uploads\/2026\/04\/Na-Sombra-das-Mangueiras_Casa-Fiat-de-Cultura_credito-Andre-Borges-768x432.jpeg 768w, https:\/\/culturalizabh.com.br\/wp-content\/uploads\/2026\/04\/Na-Sombra-das-Mangueiras_Casa-Fiat-de-Cultura_credito-Andre-Borges-1536x864.jpeg 1536w, https:\/\/culturalizabh.com.br\/wp-content\/uploads\/2026\/04\/Na-Sombra-das-Mangueiras_Casa-Fiat-de-Cultura_credito-Andre-Borges-2048x1152.jpeg 2048w\" sizes=\"auto, (max-width: 300px) 100vw, 300px\" \/><figcaption id=\"caption-attachment-47910\" class=\"wp-caption-text\">Na Sombra das Mangueiras &#8211; Casa Fiat de Cultura &#8211; Cred: Andr\u00e9 Borges<\/figcaption><\/figure>\n<p>&nbsp;<\/p>\n<p>&nbsp;<\/p>\n<p style=\"font-weight: 400; text-align: left;\">O <strong>\u201cNa Sombra das Mangueiras\u201d<\/strong> busca valorizar m\u00faltiplas formas de express\u00e3o art\u00edstica nos jardins da Casa Fiat de Cultura. O espa\u00e7o re\u00fane cerca de 70 mangueiras centen\u00e1rias, preservadas pelo espa\u00e7o cultural e incorporadas como cen\u00e1rio para encontros culturais ao ar livre, ampliando a rela\u00e7\u00e3o do p\u00fablico com o ambiente e refor\u00e7ando o compromisso com o acesso gratuito e a diversidade de sua programa\u00e7\u00e3o.<\/p>\n<p>&nbsp;<\/p>\n<p style=\"font-weight: 400; text-align: left;\">O evento \u00e9 uma realiza\u00e7\u00e3o da Casa Fiat de Cultura e do Minist\u00e9rio da Cultura, por meio da Lei Federal de Incentivo \u00e0 Cultura. Conta com o patroc\u00ednio da Stellantis, da Fiat, copatroc\u00ednio da Stellantis Financiamentos e do Banco Stellantis, e apoio do Grupo\u00a0Sada, do Banco Safra, da\u00a0Auto Avaliar\u00a0e da Fiat Seguros. Tem apoio cultural do Circuito Liberdade, do Governo de Minas e do Programa Amigos da Casa.<\/p>\n<p>&nbsp;<\/p>\n<p style=\"font-weight: 400; text-align: left;\">Mais informa\u00e7\u00f5es:<\/p>\n<p style=\"font-weight: 400; text-align: left;\"><strong>Na Sombra das Mangueiras | Vinicius Mendes Quarteto \u2013 Tributo a John Coltrane<br \/>\nQuando: <\/strong>30 de abril de 2026 (quinta-feira),\u00a0das 19h30 \u00e0s 20h30<strong><br \/>\nOnde: <\/strong>Jardins da Casa Fiat de Cultura<strong><br \/>\nQuanto: <\/strong>Entrada gratuita &#8211; com inscri\u00e7\u00f5es pela Sympla (<a href=\"https:\/\/bit.ly\/NaSombraJazz\" data-saferedirecturl=\"https:\/\/www.google.com\/url?q=https:\/\/bit.ly\/NaSombraJazz&amp;source=gmail&amp;ust=1777544879246000&amp;usg=AOvVaw0rL2-jGEUvwPvyfN5_ZWrF\">bit.ly\/NaSombraJazz<\/a>)<\/p>\n<p style=\"font-weight: 400; text-align: left;\"><strong>Casa Fiat de Cultura\u202f\u202f<\/strong><br \/>\nPra\u00e7a da Liberdade, 10 \u2013 Funcion\u00e1rios \u2013 BH\/MG<br \/>\nCircuito Liberdade<\/p>\n<p style=\"font-weight: 400; text-align: left;\"><strong>Hor\u00e1rio de Funcionamento<\/strong><br \/>\nTer\u00e7a-feira a sexta-feira, das 10h \u00e0s 21h<br \/>\nS\u00e1bado, domingo e feriado, das 10h \u00e0s 18h<\/p>\n<p style=\"font-weight: 400; text-align: left;\"><strong>Informa\u00e7\u00f5es\u202f\u202f<\/strong><br \/>\n<a href=\"https:\/\/www.casafiatdecultura.com.br\/\" data-saferedirecturl=\"https:\/\/www.google.com\/url?q=https:\/\/www.casafiatdecultura.com.br\/&amp;source=gmail&amp;ust=1777544879246000&amp;usg=AOvVaw3dtNt6cP15P2b5sz8aCWQc\">www.casafiatdecultura.com.br<\/a><br \/>\n<a href=\"mailto:casafiatdecultura@stellantis.com\">casafiatdecultura@stellantis.com<\/a><br \/>\n<a href=\"http:\/\/facebook.com.br\/casafiatdecultura\" data-saferedirecturl=\"https:\/\/www.google.com\/url?q=http:\/\/facebook.com.br\/casafiatdecultura&amp;source=gmail&amp;ust=1777544879246000&amp;usg=AOvVaw1WV1KWbNRezQQBPqwRdHjI\">facebook.com.br\/casafiatdecultura<\/a><br \/>\nInstagram: @casafiatdecultura<br \/>\nX: @casafiat<br \/>\nYouTube: Casa Fiat de Cultura<\/p>\n","protected":false},"excerpt":{"rendered":"<p>A\u00a0Casa Fiat de Cultura\u00a0realiza, nesta\u00a0quinta-feira,\u00a030 de abril, \u00e0s 19h30, a primeira edi\u00e7\u00e3o de 2026 do \u201cNa Sombra das Mangueiras\u201d, que celebra ao\u00a0Dia Internacional do Jazz.\u00a0O projeto convida o\u00a0Vinicius Mendes Quarteto\u00a0para\u00a0um\u00a0tributo a\u00a0John Coltrane, um dos nomes mais influentes da hist\u00f3ria do jazz e que celebraria 100 anos. A apresenta\u00e7\u00e3o ser\u00e1 realizada\u00a0nos jardins da Casa Fiat de [&hellip;]<\/p>\n","protected":false},"author":22,"featured_media":47910,"comment_status":"closed","ping_status":"closed","sticky":true,"template":"","format":"standard","meta":{"jetpack_post_was_ever_published":false,"_jetpack_newsletter_access":"","_jetpack_dont_email_post_to_subs":false,"_jetpack_newsletter_tier_id":0,"_jetpack_memberships_contains_paywalled_content":false,"_jetpack_memberships_contains_paid_content":false,"footnotes":"","jetpack_publicize_message":"","jetpack_publicize_feature_enabled":true,"jetpack_social_post_already_shared":true,"jetpack_social_options":{"image_generator_settings":{"template":"highway","enabled":false},"version":2}},"categories":[9902,1,11532,34,3537,18],"tags":[337,425,806,14485],"class_list":["post-47909","post","type-post","status-publish","format-standard","has-post-thumbnail","hentry","category-belo-horizonte","category-culturaliza","category-dica-cultural","category-diversao","category-gratuito-ou-a-baixo-custo","category-musica","tag-casa-fiat-de-cultura","tag-culturalizabh","tag-jazz","tag-john-coltrane"],"jetpack_publicize_connections":[],"jetpack_featured_media_url":"https:\/\/culturalizabh.com.br\/wp-content\/uploads\/2026\/04\/Na-Sombra-das-Mangueiras_Casa-Fiat-de-Cultura_credito-Andre-Borges-scaled.jpeg","jetpack_sharing_enabled":true,"jetpack_shortlink":"https:\/\/wp.me\/p864jz-csJ","_links":{"self":[{"href":"https:\/\/culturalizabh.com.br\/index.php\/wp-json\/wp\/v2\/posts\/47909","targetHints":{"allow":["GET"]}}],"collection":[{"href":"https:\/\/culturalizabh.com.br\/index.php\/wp-json\/wp\/v2\/posts"}],"about":[{"href":"https:\/\/culturalizabh.com.br\/index.php\/wp-json\/wp\/v2\/types\/post"}],"author":[{"embeddable":true,"href":"https:\/\/culturalizabh.com.br\/index.php\/wp-json\/wp\/v2\/users\/22"}],"replies":[{"embeddable":true,"href":"https:\/\/culturalizabh.com.br\/index.php\/wp-json\/wp\/v2\/comments?post=47909"}],"version-history":[{"count":1,"href":"https:\/\/culturalizabh.com.br\/index.php\/wp-json\/wp\/v2\/posts\/47909\/revisions"}],"predecessor-version":[{"id":47911,"href":"https:\/\/culturalizabh.com.br\/index.php\/wp-json\/wp\/v2\/posts\/47909\/revisions\/47911"}],"wp:featuredmedia":[{"embeddable":true,"href":"https:\/\/culturalizabh.com.br\/index.php\/wp-json\/wp\/v2\/media\/47910"}],"wp:attachment":[{"href":"https:\/\/culturalizabh.com.br\/index.php\/wp-json\/wp\/v2\/media?parent=47909"}],"wp:term":[{"taxonomy":"category","embeddable":true,"href":"https:\/\/culturalizabh.com.br\/index.php\/wp-json\/wp\/v2\/categories?post=47909"},{"taxonomy":"post_tag","embeddable":true,"href":"https:\/\/culturalizabh.com.br\/index.php\/wp-json\/wp\/v2\/tags?post=47909"}],"curies":[{"name":"wp","href":"https:\/\/api.w.org\/{rel}","templated":true}]}}