{"id":47906,"date":"2026-04-29T09:29:32","date_gmt":"2026-04-29T12:29:32","guid":{"rendered":"https:\/\/culturalizabh.com.br\/?p=47906"},"modified":"2026-04-29T07:37:05","modified_gmt":"2026-04-29T10:37:05","slug":"armandinho-maior-nome-do-reggae-nacional-confirma-show-em-bh-no-dia-30-de-maio-no-befly-hall","status":"publish","type":"post","link":"https:\/\/culturalizabh.com.br\/index.php\/2026\/04\/29\/armandinho-maior-nome-do-reggae-nacional-confirma-show-em-bh-no-dia-30-de-maio-no-befly-hall\/","title":{"rendered":"Armandinho, maior nome do reggae nacional, confirma show em BH no dia 30 de maio, no BeFly Hall"},"content":{"rendered":"<p dir=\"ltr\" style=\"text-align: left;\">Um dos artistas de maior sucesso no pa\u00eds, sendo o maior nome do reggae nacional, <strong>Armandinho<\/strong>, est\u00e1 na estrada com seu show que embala e enamora milhares de f\u00e3s, e agora confirma passagem por Belo Horizonte, no dia 30 de maio, no BeFly Hall.<\/p>\n<p dir=\"ltr\">\n<p dir=\"ltr\" style=\"text-align: left;\">Os ingressos podem ser adquiridos na plataforma Sympla.<\/p>\n<p dir=\"ltr\">\n<p dir=\"ltr\" style=\"text-align: left;\">Chamado de poeta por seus f\u00e3s, sua m\u00fasica reflete suas influ\u00eancias, trazendo uma mistura de pop com reggae, rock, surf rock e pitadas de romantismo. Em mais de duas d\u00e9cadas de carreira, lan\u00e7ou 5 \u00e1lbuns de est\u00fadio e 2 DVD \u0301s. Recentemente lan\u00e7ou a colet\u00e2nea <strong>\u201cSe o Tempo Passa\u201d<\/strong>, reunindo 15 m\u00fasicas lan\u00e7adas nos \u00faltimos 10 anos e que estavam \u201csoltas\u201d, sem um \u00e1lbum para chamar de seu, al\u00e9m de tr\u00eas in\u00e9ditas.<\/p>\n<p dir=\"ltr\">\n<p dir=\"ltr\">\n<p dir=\"ltr\" style=\"text-align: left;\"><img loading=\"lazy\" decoding=\"async\" class=\"size-medium wp-image-47907 aligncenter\" src=\"https:\/\/culturalizabh.com.br\/wp-content\/uploads\/2026\/04\/12-245x300.jpg\" alt=\"\" width=\"245\" height=\"300\" srcset=\"https:\/\/culturalizabh.com.br\/wp-content\/uploads\/2026\/04\/12-245x300.jpg 245w, https:\/\/culturalizabh.com.br\/wp-content\/uploads\/2026\/04\/12-835x1024.jpg 835w, https:\/\/culturalizabh.com.br\/wp-content\/uploads\/2026\/04\/12-768x941.jpg 768w, https:\/\/culturalizabh.com.br\/wp-content\/uploads\/2026\/04\/12.jpg 881w\" sizes=\"auto, (max-width: 245px) 100vw, 245px\" \/><\/p>\n<p dir=\"ltr\">\n<p dir=\"ltr\">\n<p dir=\"ltr\" style=\"text-align: left;\">No show, Armandinho (voz, viol\u00e3o e guitarra) est\u00e1 acompanhado por sua banda, formada por Jo\u00e3o Coiote (voz e viol\u00e3o), Lucio Dorfman (teclados), Pedro Porto (baixo), Vini Bondan (bateria), Luciano Granja (guitarra) e Renato Batista (trompete). No repert\u00f3rio, as can\u00e7\u00f5es que o p\u00fablico ama, como Desenho de Deus, Outra Vida, Casinha e Ana Lua.<\/p>\n<p dir=\"ltr\">\n<p dir=\"ltr\" style=\"text-align: left;\">A colet\u00e2nea mostra como o tempo passou e passa bem para Armandinho, que sempre lota os shows com os f\u00e3s apaixonados por suas can\u00e7\u00f5es. \u201cA gente est\u00e1 lan\u00e7ando uma colet\u00e2nea de m\u00fasicas que foram lan\u00e7adas desde 2015, m\u00fasicas que n\u00e3o tinham \u00e1lbum, estavam soltas a\u00ed pelo mundo. Reunimos elas todas e ainda inclu\u00edmos algumas in\u00e9ditas. O trabalho ficou bem bonito, espero que a galera curta!\u201d, afirma Armandinho.<\/p>\n<p dir=\"ltr\">\n<p dir=\"ltr\" style=\"text-align: left;\">\u201cSe o Tempo Passa\u201d \u00e9 um lan\u00e7amento da gravadora Deck e j\u00e1 est\u00e1 dispon\u00edvel em todos os aplicativos de m\u00fasica.<\/p>\n<p dir=\"ltr\">\n<p dir=\"ltr\">\n<p dir=\"ltr\" style=\"text-align: left;\"><strong>Mais informa\u00e7\u00f5es:<\/strong><\/p>\n<p dir=\"ltr\" style=\"text-align: left;\"><strong>Show Armandinho<\/strong><\/p>\n<p dir=\"ltr\" style=\"text-align: left;\"><strong>Quando:<\/strong> 30 de maio (s\u00e1bado)<\/p>\n<p dir=\"ltr\" style=\"text-align: left;\"><strong>Onde:<\/strong> BeFly Hall &#8211; Av. Nossa Sra. do Carmo, 230 &#8211; Savassi, Belo Horizonte \/ MG<\/p>\n<p dir=\"ltr\" style=\"text-align: left;\"><strong>Hora:<\/strong> Abertura da casa: 20h | Show: 22h<\/p>\n<p dir=\"ltr\" style=\"text-align: left;\"><strong>Quanto:<\/strong> Na bilheteria do BeFly Hall e pelo site Sympla: <a href=\"https:\/\/bileto.sympla.com.br\/event\/118088?share_id=1-copiarlink\" target=\"_blank\" rel=\"noopener\" data-saferedirecturl=\"https:\/\/www.google.com\/url?q=https:\/\/bileto.sympla.com.br\/event\/118088?share_id%3D1-copiarlink&amp;source=gmail&amp;ust=1777544866700000&amp;usg=AOvVaw1PtZ-T06HG8N1VjTdFuzFb\">https:\/\/bileto.sympla.com.br\/<wbr \/>event\/118088?share_id=1-<wbr \/>copiarlink<\/a><\/p>\n<p dir=\"ltr\" style=\"text-align: left;\">Setores:<\/p>\n<p dir=\"ltr\" style=\"text-align: left;\">Front Stage<\/p>\n<p dir=\"ltr\" style=\"text-align: left;\">Meia-entrada: R$130,00<\/p>\n<p dir=\"ltr\" style=\"text-align: left;\">Ingresso solid\u00e1rio: R$150,00<\/p>\n<p dir=\"ltr\" style=\"text-align: left;\">Inteira: R$260,00<br \/>\nCadeira Superior Ouro<\/p>\n<p dir=\"ltr\" style=\"text-align: left;\">Meia Entrada: R$120,00<\/p>\n<p dir=\"ltr\" style=\"text-align: left;\">Ingresso Solid\u00e1rio: R$140,00<\/p>\n<p dir=\"ltr\" style=\"text-align: left;\">Inteira: R$240,00<\/p>\n<p dir=\"ltr\" style=\"text-align: left;\">Cadeira Superior Prata<\/p>\n<p dir=\"ltr\" style=\"text-align: left;\">Meia Entrada: R$100,00<\/p>\n<p dir=\"ltr\" style=\"text-align: left;\">Ingresso Solid\u00e1rio: R$120,00<\/p>\n<p dir=\"ltr\" style=\"text-align: left;\">Inteira: R$200,00<\/p>\n<p dir=\"ltr\" style=\"text-align: left;\">Meia Entrada: A meia entrada \u00e9 destinada para estudantes, jovens de baixa renda, menores de 21 anos, idosos e PCD, com documenta\u00e7\u00e3o comprobat\u00f3ria<\/p>\n<p dir=\"ltr\" style=\"text-align: left;\">Descontos Promocionais &#8211; Ingresso Solid\u00e1rio: Desconto sobre a Inteira mediante doa\u00e7\u00e3o de 1 kg de alimento n\u00e3o perec\u00edvel, menos sal e a\u00e7\u00facar, entregue na entrada do show. Caso n\u00e3o seja apresentado, ser\u00e1 necess\u00e1rio pagar a diferen\u00e7a de valor para o ingresso inteiro.<\/p>\n<p dir=\"ltr\" style=\"text-align: left;\">Classifica\u00e7\u00e3o indicativa: 18 anos<\/p>\n","protected":false},"excerpt":{"rendered":"<p>Um dos artistas de maior sucesso no pa\u00eds, sendo o maior nome do reggae nacional, Armandinho, est\u00e1 na estrada com seu show que embala e enamora milhares de f\u00e3s, e agora confirma passagem por Belo Horizonte, no dia 30 de maio, no BeFly Hall. Os ingressos podem ser adquiridos na plataforma Sympla. Chamado de poeta [&hellip;]<\/p>\n","protected":false},"author":22,"featured_media":47907,"comment_status":"closed","ping_status":"closed","sticky":false,"template":"","format":"standard","meta":{"jetpack_post_was_ever_published":false,"_jetpack_newsletter_access":"","_jetpack_dont_email_post_to_subs":false,"_jetpack_newsletter_tier_id":0,"_jetpack_memberships_contains_paywalled_content":false,"_jetpack_memberships_contains_paid_content":false,"footnotes":"","jetpack_publicize_message":"","jetpack_publicize_feature_enabled":true,"jetpack_social_post_already_shared":true,"jetpack_social_options":{"image_generator_settings":{"template":"highway","enabled":false},"version":2}},"categories":[9902,1,34,18],"tags":[11783,39,425,128],"class_list":["post-47906","post","type-post","status-publish","format-standard","has-post-thumbnail","hentry","category-belo-horizonte","category-culturaliza","category-diversao","category-musica","tag-armandinho","tag-bh","tag-culturalizabh","tag-reggae"],"jetpack_publicize_connections":[],"jetpack_featured_media_url":"https:\/\/culturalizabh.com.br\/wp-content\/uploads\/2026\/04\/12.jpg","jetpack_sharing_enabled":true,"jetpack_shortlink":"https:\/\/wp.me\/p864jz-csG","_links":{"self":[{"href":"https:\/\/culturalizabh.com.br\/index.php\/wp-json\/wp\/v2\/posts\/47906","targetHints":{"allow":["GET"]}}],"collection":[{"href":"https:\/\/culturalizabh.com.br\/index.php\/wp-json\/wp\/v2\/posts"}],"about":[{"href":"https:\/\/culturalizabh.com.br\/index.php\/wp-json\/wp\/v2\/types\/post"}],"author":[{"embeddable":true,"href":"https:\/\/culturalizabh.com.br\/index.php\/wp-json\/wp\/v2\/users\/22"}],"replies":[{"embeddable":true,"href":"https:\/\/culturalizabh.com.br\/index.php\/wp-json\/wp\/v2\/comments?post=47906"}],"version-history":[{"count":1,"href":"https:\/\/culturalizabh.com.br\/index.php\/wp-json\/wp\/v2\/posts\/47906\/revisions"}],"predecessor-version":[{"id":47908,"href":"https:\/\/culturalizabh.com.br\/index.php\/wp-json\/wp\/v2\/posts\/47906\/revisions\/47908"}],"wp:featuredmedia":[{"embeddable":true,"href":"https:\/\/culturalizabh.com.br\/index.php\/wp-json\/wp\/v2\/media\/47907"}],"wp:attachment":[{"href":"https:\/\/culturalizabh.com.br\/index.php\/wp-json\/wp\/v2\/media?parent=47906"}],"wp:term":[{"taxonomy":"category","embeddable":true,"href":"https:\/\/culturalizabh.com.br\/index.php\/wp-json\/wp\/v2\/categories?post=47906"},{"taxonomy":"post_tag","embeddable":true,"href":"https:\/\/culturalizabh.com.br\/index.php\/wp-json\/wp\/v2\/tags?post=47906"}],"curies":[{"name":"wp","href":"https:\/\/api.w.org\/{rel}","templated":true}]}}