{"id":47903,"date":"2026-04-28T16:52:42","date_gmt":"2026-04-28T19:52:42","guid":{"rendered":"https:\/\/culturalizabh.com.br\/?p=47903"},"modified":"2026-04-28T16:52:42","modified_gmt":"2026-04-28T19:52:42","slug":"dj-danny-albuquerque-supera-trauma-de-queimaduras-graves-causadas-por-cabine-de-bronzeamento","status":"publish","type":"post","link":"https:\/\/culturalizabh.com.br\/index.php\/2026\/04\/28\/dj-danny-albuquerque-supera-trauma-de-queimaduras-graves-causadas-por-cabine-de-bronzeamento\/","title":{"rendered":"DJ Danny Albuquerque supera trauma de queimaduras graves causadas por cabine de bronzeamento"},"content":{"rendered":"<p><strong>DJ Danny Albuquerque &#8211; Acervo pessoal.<\/strong><\/p>\n<p>&nbsp;<\/p>\n<p style=\"text-align: center;\"><strong><em>Ap\u00f3s hiato for\u00e7ado por acidente est\u00e9tico, artista mineira assume gest\u00e3o independente de carreira e anuncia o projeto &#8220;Laborat\u00f3rio&#8221;, focado na fus\u00e3o de ritmos e est\u00e9tica futurista<\/em><\/strong><\/p>\n<p>&nbsp;<\/p>\n<p>O hiato for\u00e7ado na carreira de Danny Albuquerque, provocado por um grave acidente est\u00e9tico que resultou em queimaduras severas, em 2022, permanece como o cap\u00edtulo mais desafiador de sua trajet\u00f3ria. Ap\u00f3s ter anunciado a sua sa\u00edda da KondZilla, a DJ e produtora mineira utiliza agora a maturidade adquirida no per\u00edodo de recupera\u00e7\u00e3o para gerir de forma independente sua carreira. Mais do que um reposicionamento de mercado, este novo momento marca a transforma\u00e7\u00e3o de cicatrizes f\u00edsicas e emocionais em pilares de uma identidade art\u00edstica resiliente.<\/p>\n<p>&nbsp;<\/p>\n<p>\ufffcO drama de Danny Albuquerque teve in\u00edcio em uma cabine de bronzeamento, t\u00e9cnica que a artista descobriu ser proibida pela Anvisa somente ap\u00f3s sofrer queimaduras de alto grau por todo o corpo. O epis\u00f3dio exigiu um afastamento imediato dos palcos e das redes sociais por recomenda\u00e7\u00e3o m\u00e9dica, impactando severamente sua atua\u00e7\u00e3o como DJ e modelo. &#8220;A dor f\u00edsica foi intensa, mas a psicol\u00f3gica foi ainda maior e demorou muito mais para passar. Eu queria cobrar provid\u00eancias, mas me sentia travada pela condu\u00e7\u00e3o da situa\u00e7\u00e3o e pelos boatos que surgiram enquanto eu tentava me recuperar&#8221;, revela.<\/p>\n<p>&nbsp;<\/p>\n<p>Durante o isolamento, a artista enfrentou um cen\u00e1rio de julgamento hostil na internet. &#8220;Recebi mensagens me responsabilizando pelo que aconteceu, dizendo que eu sabia do risco e que merecia aquilo. Em um momento de extrema fragilidade, o que eu mais precisava era de acolhimento, e recebi o contr\u00e1rio. Isso abalou profundamente minha autoestima e me fez questionar se eu conseguiria voltar a aparecer publicamente&#8221;, desabafa.<\/p>\n<p>&nbsp;<\/p>\n<p>O longo caminho da recupera\u00e7\u00e3o<\/p>\n<p>&nbsp;<\/p>\n<p>O processo de reabilita\u00e7\u00e3o estendeu-se por anos, envolvendo tratamentos dermatol\u00f3gicos rigorosos, sob as orienta\u00e7\u00f5es do Dr. Geraldo Magela, restri\u00e7\u00f5es severas \u00e0 exposi\u00e7\u00e3o solar e o uso cont\u00ednuo de medicamentos e suplementa\u00e7\u00e3o. Recentemente, Danny Albuquerque deu continuidade aos cuidados em Belo Horizonte, com o Dr. Daniel Cordeiro, focada na recupera\u00e7\u00e3o da qualidade da pele por meio de bioestimuladores de col\u00e1geno.<\/p>\n<p>&nbsp;<\/p>\n<p>&#8220;Minha pele nunca voltou totalmente ao que era antes; ficou mais fina e sens\u00edvel. Por anos, eu n\u00e3o conseguia sequer tomar um banho quente sem sentir a sensa\u00e7\u00e3o de queimadura&#8221;, detalha. A supera\u00e7\u00e3o consolidou-se no campo da aceita\u00e7\u00e3o: ao decidir realizar ensaios fotogr\u00e1ficos evidenciando suas marcas, a DJ ressignificou a pr\u00f3pria imagem p\u00fablica. &#8220;Aceita\u00e7\u00e3o n\u00e3o \u00e9 desistir de melhorar, \u00e9 entender que aquilo \u00e9 s\u00f3 uma parte de voc\u00ea. Minha for\u00e7a, minha hist\u00f3ria e minha presen\u00e7a s\u00e3o muito maiores que qualquer marca na pele&#8221;, afirma.<\/p>\n<p>&nbsp;<\/p>\n<p>Nova fase<\/p>\n<p>&nbsp;<\/p>\n<p>Atualmente em fase totalmente independente, a artista assume o controle integral de suas decis\u00f5es estrat\u00e9gicas e criativas. &#8220;Independ\u00eancia, para mim, \u00e9 ter liberdade de criar, decidir e agir no tempo certo. \u00c9 assumir o controle da minha pr\u00f3pria hist\u00f3ria&#8221;, pontua. Com uma est\u00e9tica que flerta com o futurismo e a tecnologia, sua nova aposta \u00e9 o projeto &#8220;Laborat\u00f3rio&#8221;.<\/p>\n<p>&nbsp;<\/p>\n<p>A iniciativa prop\u00f5e uma imers\u00e3o sonora que funde o funk mineiro a ritmos como o piseiro e o pop, tendo a faixa &#8220;Passinho do Brasil&#8221; como o marco inicial desta sequ\u00eancia de lan\u00e7amentos conceituais. &#8220;A Danny de hoje entende o que quer construir e o impacto que quer gerar. Quero mostrar para outras pessoas, principalmente quem vem do interior, que \u00e9 poss\u00edvel ocupar espa\u00e7os maiores sem se esconder atr\u00e1s de traumas&#8221;, finaliza.<\/p>\n<p>&nbsp;<\/p>\n<p>\ufffcSobre a DJ Danny Albuquerque<\/p>\n<p>&nbsp;<\/p>\n<p>Mineira, DJ Open Format, produtora, compositora, dan\u00e7arina e cantora, Danny Albuquerque consolidou uma base de f\u00e3s gigantesca e n\u00fameros expressivos: s\u00e3o mais de 1,6 milh\u00e3o de inscritos no YouTube, ultrapassando a marca de 300 milh\u00f5es de visualiza\u00e7\u00f5es na plataforma, al\u00e9m de mais de 30 milh\u00f5es de reprodu\u00e7\u00f5es no Spotify. Sua experi\u00eancia inclui apresenta\u00e7\u00f5es em grandes eventos e festivais, conectando-se com multid\u00f5es por onde passa.<\/p>\n<p>&nbsp;<\/p>\n<p>Sua arte \u00e9 um reflexo direto de sua hist\u00f3ria de vida. Tendo iniciado cedo no teatro, dan\u00e7a e na m\u00fasica dentro da igreja, Danny traz para os palcos uma performance rica em express\u00e3o e criatividade. &#8220;O teatro teve um papel muito forte na minha forma\u00e7\u00e3o, me trouxe uma vis\u00e3o mais ampla de performance que reflete diretamente na minha presen\u00e7a de palco e no meu processo criativo&#8221;, conta.<\/p>\n<p>&nbsp;<\/p>\n<p>Nascida em Bar\u00e3o de Cocais, no interior de Minas Gerais, ela enxerga sua arte tamb\u00e9m como uma ferramenta de inspira\u00e7\u00e3o. &#8220;Sou uma artista com identidade, vis\u00e3o e constru\u00e7\u00e3o pr\u00f3pria. Algu\u00e9m que saiu de uma realidade onde muitos n\u00e3o enxergavam esse caminho como poss\u00edvel e transformou isso em for\u00e7a. Hoje, carrego o prop\u00f3sito de mostrar para outras pessoas, principalmente quem vem do interior, que \u00e9 poss\u00edvel ocupar espa\u00e7os maiores. N\u00e3o \u00e9 s\u00f3 sobre fazer m\u00fasica. \u00c9 sobre construir algo que represente de onde eu vim e at\u00e9 onde eu posso chegar\u201d, finaliza.<\/p>\n<p>&nbsp;<\/p>\n<p>Acompanhe a DJ Danny Albuquerque na web:<\/p>\n<p>&nbsp;<\/p>\n<p>Instagram: @djdannyal<\/p>\n<p>&nbsp;<\/p>\n<p>YouTube: Dj Danny Albuquerque<\/p>\n<p>&nbsp;<\/p>\n<p>TikTok: @djdannyalbuquerq<\/p>\n<p>ue<\/p>\n<p>&nbsp;<\/p>\n<p>Spotify: Dj Danny Albuquerque<\/p>\n","protected":false},"excerpt":{"rendered":"<p>DJ Danny Albuquerque &#8211; Acervo pessoal. &nbsp; Ap\u00f3s hiato for\u00e7ado por acidente est\u00e9tico, artista mineira assume gest\u00e3o independente de carreira e anuncia o projeto &#8220;Laborat\u00f3rio&#8221;, focado na fus\u00e3o de ritmos e est\u00e9tica futurista &nbsp; O hiato for\u00e7ado na carreira de Danny Albuquerque, provocado por um grave acidente est\u00e9tico que resultou em queimaduras severas, em 2022, [&hellip;]<\/p>\n","protected":false},"author":28,"featured_media":0,"comment_status":"closed","ping_status":"closed","sticky":false,"template":"","format":"standard","meta":{"jetpack_post_was_ever_published":false,"_jetpack_newsletter_access":"","_jetpack_dont_email_post_to_subs":false,"_jetpack_newsletter_tier_id":0,"_jetpack_memberships_contains_paywalled_content":false,"_jetpack_memberships_contains_paid_content":false,"footnotes":"","jetpack_publicize_message":"","jetpack_publicize_feature_enabled":true,"jetpack_social_post_already_shared":true,"jetpack_social_options":{"image_generator_settings":{"template":"highway","enabled":false},"version":2}},"categories":[1,34],"tags":[],"class_list":["post-47903","post","type-post","status-publish","format-standard","hentry","category-culturaliza","category-diversao"],"jetpack_publicize_connections":[],"jetpack_featured_media_url":"","jetpack_sharing_enabled":true,"jetpack_shortlink":"https:\/\/wp.me\/p864jz-csD","_links":{"self":[{"href":"https:\/\/culturalizabh.com.br\/index.php\/wp-json\/wp\/v2\/posts\/47903","targetHints":{"allow":["GET"]}}],"collection":[{"href":"https:\/\/culturalizabh.com.br\/index.php\/wp-json\/wp\/v2\/posts"}],"about":[{"href":"https:\/\/culturalizabh.com.br\/index.php\/wp-json\/wp\/v2\/types\/post"}],"author":[{"embeddable":true,"href":"https:\/\/culturalizabh.com.br\/index.php\/wp-json\/wp\/v2\/users\/28"}],"replies":[{"embeddable":true,"href":"https:\/\/culturalizabh.com.br\/index.php\/wp-json\/wp\/v2\/comments?post=47903"}],"version-history":[{"count":1,"href":"https:\/\/culturalizabh.com.br\/index.php\/wp-json\/wp\/v2\/posts\/47903\/revisions"}],"predecessor-version":[{"id":47905,"href":"https:\/\/culturalizabh.com.br\/index.php\/wp-json\/wp\/v2\/posts\/47903\/revisions\/47905"}],"wp:attachment":[{"href":"https:\/\/culturalizabh.com.br\/index.php\/wp-json\/wp\/v2\/media?parent=47903"}],"wp:term":[{"taxonomy":"category","embeddable":true,"href":"https:\/\/culturalizabh.com.br\/index.php\/wp-json\/wp\/v2\/categories?post=47903"},{"taxonomy":"post_tag","embeddable":true,"href":"https:\/\/culturalizabh.com.br\/index.php\/wp-json\/wp\/v2\/tags?post=47903"}],"curies":[{"name":"wp","href":"https:\/\/api.w.org\/{rel}","templated":true}]}}