{"id":47899,"date":"2026-04-28T15:42:16","date_gmt":"2026-04-28T18:42:16","guid":{"rendered":"https:\/\/culturalizabh.com.br\/?p=47899"},"modified":"2026-04-28T15:43:34","modified_gmt":"2026-04-28T18:43:34","slug":"a-casa-do-hexa-celebra-a-copa-do-mundo-com-futebol-e-shows-na-pampulha","status":"publish","type":"post","link":"https:\/\/culturalizabh.com.br\/index.php\/2026\/04\/28\/a-casa-do-hexa-celebra-a-copa-do-mundo-com-futebol-e-shows-na-pampulha\/","title":{"rendered":"A Casa do Hexa celebra a Copa do Mundo com futebol e shows na Pampulha"},"content":{"rendered":"<p style=\"text-align: left;\"><strong>Rodriguinho &#8211; Divulga\u00e7\u00e3o.<\/strong><\/p>\n<p style=\"text-align: center;\"><strong><i>Evento in\u00e9dito une a paix\u00e3o avassaladora pelo futebol com o ritmo contagiante do samba e pagode, prometendo a maior e mais vibrante festa do hexacampeonato na capital mineira<\/i><\/strong><\/p>\n<div style=\"text-align: left;\">\n<p>Belo Horizonte se prepara para uma explos\u00e3o de emo\u00e7\u00e3o e paix\u00e3o pelo futebol como nunca antes. De 13 de junho a 19 de julho, a capital mineira ser\u00e1 palco para A Casa do Hexa, um evento que promete transformar a Da Orla, na Pampulha, no reduto oficial da torcida brasileira. A programa\u00e7\u00e3o inclui os shows de Vitinho, T\u00e1 Na Mente, Suel, Rodriguinho, Tiee, Akatu, Jeito Moleque e Thiago Soares.<\/p>\n<p>A Casa do Hexa \u00e9 muito mais do que um local para assistir aos jogos; \u00e9 uma experi\u00eancia completa de imers\u00e3o na cultura brasileira, onde cada partida da Sele\u00e7\u00e3o ser\u00e1 acompanhada de um espet\u00e1culo musical inesquec\u00edvel, com o samba e o pagode ditando o ritmo da nossa torcida. A estrutura montada na Orla da Pampulha oferecer\u00e1 conforto, seguran\u00e7a e, acima de tudo, uma atmosfera de arquibancada e festa brasileira inigual\u00e1vel.<\/p>\n<p><img decoding=\"async\" src=\"https:\/\/ci3.googleusercontent.com\/meips\/ADKq_Na7QW6d8KAqTCT_1esgfiE4ZYL16WXJitFYGc0ZANatpG56-zZ6nSZWAtQkwSqWl6TKx-zONhXgK1OWV1zqRh7R4Tj0z9mE6vp1gqoolUOMFpPuoulqSh2vPymIFy2msJLUzngtF1S9FunpFxfRBz3H9B9KGK3PWjmb41f_bOJmK0axHRU-aBtK1UewMg8M1Ma1h4L4iHuJSuqQzexj=s0-d-e1-ft#https:\/\/files.pressmanager.net\/clientes\/67dd844a69e08263976a65f343f9b4e0\/imagens\/2026\/04\/28\/795ad8c65284ae1a4473e489e40d58a1_medium.jpg\" alt=\"\" width=\"300\" align=\"right\" hspace=\"10\" vspace=\"10\" \/>A programa\u00e7\u00e3o de &#8220;A Casa do Hexa&#8221; foi cuidadosamente elaborada para garantir que a energia da torcida se mantenha em alta, desde a fase de grupos at\u00e9 a grande final:<\/p>\n<ul>\n<li>13 de junho (s\u00e1bado) \u00e0s 15h &#8211; abertura com o jogo Brasil x Marrocos, seguido de show do Vitinho.<\/li>\n<li>19 de junho (sexta-feira) \u00e0s 17h &#8211; a Sele\u00e7\u00e3o Brasileira enfrenta o Haiti, e a festa continua com o grupo T\u00e1 Na Mente.<\/li>\n<li>24 de junho (quarta-feira) \u00e0s 16h &#8211; o Brasil joga contra a Esc\u00f3cia, e para fechar a fase de grupos, um show imperd\u00edvel com Suel.<\/li>\n<li>Fase Eliminat\u00f3ria: a emo\u00e7\u00e3o aumenta e a m\u00fasica acompanha com o talento de Rodriguinho.<\/li>\n<li>Oitavas de Finais: a disputa fica mais intensa, e o palco recebe o carisma de Tiee.<\/li>\n<li>Quartas de Final: rumo \u00e0 semifinal, a torcida vibra ao som de Akatu.<\/li>\n<li>Semifinal (com o Brasil classificado): Se o Brasil avan\u00e7ar, a celebra\u00e7\u00e3o ser\u00e1 ainda maior com o show do grupo Jeito Moleque.<\/li>\n<li>Final: O \u00e1pice do evento, com a grande decis\u00e3o e um show espetacular de Thiago Soares, independentemente da participa\u00e7\u00e3o do Brasil.<\/li>\n<\/ul>\n<p>As vendas de ingressos ser\u00e3o iniciadas no dia 05 de maio por meio da plataforma\u00a0<a href=\"http:\/\/www.centraldosventos.com.br\/\" target=\"_blank\" rel=\"noopener noreferrer\" data-saferedirecturl=\"https:\/\/www.google.com\/url?q=http:\/\/www.centraldosventos.com.br&amp;source=gmail&amp;ust=1777482174051000&amp;usg=AOvVaw1mn5QtjkysvAqakh-BSJ9h\">www.centraldosventos.com.br<\/a>.<\/p>\n<\/div>\n<div>\n<p style=\"text-align: left;\"><strong>Servi\u00e7o<\/strong><\/p>\n<p style=\"text-align: left;\"><strong>Evento:<\/strong>\u00a0A Casa do Hexa<\/p>\n<p style=\"text-align: left;\"><strong>Local:<\/strong>\u00a0Da Orla (Pampulha), Belo Horizonte<\/p>\n<p style=\"text-align: left;\"><strong>Per\u00edodo:<\/strong>\u00a013 de junho a 19 de julho<\/p>\n<\/div>\n","protected":false},"excerpt":{"rendered":"<p>Rodriguinho &#8211; Divulga\u00e7\u00e3o. Evento in\u00e9dito une a paix\u00e3o avassaladora pelo futebol com o ritmo contagiante do samba e pagode, prometendo a maior e mais vibrante festa do hexacampeonato na capital mineira Belo Horizonte se prepara para uma explos\u00e3o de emo\u00e7\u00e3o e paix\u00e3o pelo futebol como nunca antes. De 13 de junho a 19 de julho, [&hellip;]<\/p>\n","protected":false},"author":28,"featured_media":47900,"comment_status":"closed","ping_status":"closed","sticky":false,"template":"","format":"standard","meta":{"jetpack_post_was_ever_published":false,"_jetpack_newsletter_access":"","_jetpack_dont_email_post_to_subs":false,"_jetpack_newsletter_tier_id":0,"_jetpack_memberships_contains_paywalled_content":false,"_jetpack_memberships_contains_paid_content":false,"footnotes":"","jetpack_publicize_message":"","jetpack_publicize_feature_enabled":true,"jetpack_social_post_already_shared":true,"jetpack_social_options":{"image_generator_settings":{"template":"highway","enabled":false},"version":2}},"categories":[1,19,14,34,18],"tags":[],"class_list":["post-47899","post","type-post","status-publish","format-standard","has-post-thumbnail","hentry","category-culturaliza","category-destaque","category-dicas","category-diversao","category-musica"],"jetpack_publicize_connections":[],"jetpack_featured_media_url":"https:\/\/culturalizabh.com.br\/wp-content\/uploads\/2026\/04\/RODRIGUINHO-2--scaled.jpg","jetpack_sharing_enabled":true,"jetpack_shortlink":"https:\/\/wp.me\/p864jz-csz","_links":{"self":[{"href":"https:\/\/culturalizabh.com.br\/index.php\/wp-json\/wp\/v2\/posts\/47899","targetHints":{"allow":["GET"]}}],"collection":[{"href":"https:\/\/culturalizabh.com.br\/index.php\/wp-json\/wp\/v2\/posts"}],"about":[{"href":"https:\/\/culturalizabh.com.br\/index.php\/wp-json\/wp\/v2\/types\/post"}],"author":[{"embeddable":true,"href":"https:\/\/culturalizabh.com.br\/index.php\/wp-json\/wp\/v2\/users\/28"}],"replies":[{"embeddable":true,"href":"https:\/\/culturalizabh.com.br\/index.php\/wp-json\/wp\/v2\/comments?post=47899"}],"version-history":[{"count":2,"href":"https:\/\/culturalizabh.com.br\/index.php\/wp-json\/wp\/v2\/posts\/47899\/revisions"}],"predecessor-version":[{"id":47902,"href":"https:\/\/culturalizabh.com.br\/index.php\/wp-json\/wp\/v2\/posts\/47899\/revisions\/47902"}],"wp:featuredmedia":[{"embeddable":true,"href":"https:\/\/culturalizabh.com.br\/index.php\/wp-json\/wp\/v2\/media\/47900"}],"wp:attachment":[{"href":"https:\/\/culturalizabh.com.br\/index.php\/wp-json\/wp\/v2\/media?parent=47899"}],"wp:term":[{"taxonomy":"category","embeddable":true,"href":"https:\/\/culturalizabh.com.br\/index.php\/wp-json\/wp\/v2\/categories?post=47899"},{"taxonomy":"post_tag","embeddable":true,"href":"https:\/\/culturalizabh.com.br\/index.php\/wp-json\/wp\/v2\/tags?post=47899"}],"curies":[{"name":"wp","href":"https:\/\/api.w.org\/{rel}","templated":true}]}}