{"id":47893,"date":"2026-04-28T12:59:56","date_gmt":"2026-04-28T15:59:56","guid":{"rendered":"https:\/\/culturalizabh.com.br\/?p=47893"},"modified":"2026-04-28T12:59:56","modified_gmt":"2026-04-28T15:59:56","slug":"casa-marina-prorroga-inscricoes-para-cursos-gratuitos-de-moda-e-cultura-digital-para-mulheres-em-belo-horizonte","status":"publish","type":"post","link":"https:\/\/culturalizabh.com.br\/index.php\/2026\/04\/28\/casa-marina-prorroga-inscricoes-para-cursos-gratuitos-de-moda-e-cultura-digital-para-mulheres-em-belo-horizonte\/","title":{"rendered":"Casa Marina prorroga inscri\u00e7\u00f5es para cursos gratuitos de Moda e Cultura Digital para mulheres em Belo Horizonte"},"content":{"rendered":"<p style=\"text-align: left;\"><strong>Acervo ISPAC.<\/strong><\/p>\n<p style=\"text-align: left;\">\n<p style=\"text-align: center;\"><strong><i>Outra novidade \u00e9 que com a amplia\u00e7\u00e3o de vagas, o projeto passa a acontecer em novo endere\u00e7o<\/i><\/strong><\/p>\n<div>\n<p style=\"text-align: left;\">\n<p style=\"text-align: left;\">Foram prorrogadas at\u00e9 o dia 6 de maio as inscri\u00e7\u00f5es para os cursos gratuitos da Casa Marina, em Belo Horizonte (MG). Neste ano, com vagas para Design de Moda e Cultura Digital, o projeto passa a funcionar em um novo endere\u00e7o, na\u00a0<a href=\"https:\/\/www.google.com\/maps\/search\/Rua+Maranh+o,+n+622?entry=gmail&amp;source=g\">Rua Maranh<\/a>\u00e3<a href=\"https:\/\/www.google.com\/maps\/search\/Rua+Maranh+o,+n+622?entry=gmail&amp;source=g\">o, n<\/a>\u00ba\u00a0<a href=\"https:\/\/www.google.com\/maps\/search\/Rua+Maranh+o,+n+622?entry=gmail&amp;source=g\">622<\/a>, bairro Santa Efig\u00eania.<\/p>\n<p style=\"text-align: left;\">Voltada exclusivamente para mulheres a partir de 16 anos, a Casa Marina oferece qualifica\u00e7\u00e3o t\u00e9cnica e pr\u00e1tica em \u00e1reas com crescente demanda por profissionais. O objetivo da iniciativa \u00e9 ampliar oportunidades de capacita\u00e7\u00e3o, fortalecer a autonomia das participantes e criar caminhos de inser\u00e7\u00e3o no mercado de trabalho por meio da moda e da cultura digital.<\/p>\n<p style=\"text-align: left;\"><img decoding=\"async\" src=\"https:\/\/ci3.googleusercontent.com\/meips\/ADKq_Nbhur5rm_9n9QKehL7B1MSanE17Q63k4GJnpXScwvB_OD9E50Qkgm8IUX8Fii2GHkTApKa742uqYLcPghUpBrKdk72mSY-j6Y1rZ8bFBel4zaSN-OQAua-S3MTVw07lT9PB4UoP28Qwh1XNfLBt1rOcVTF5VdxTwv_l8Ylt5hJyPgmkIefPa-SH-F52J7wFBcWKl3KX6YrpfScsDcoF=s0-d-e1-ft#https:\/\/files.pressmanager.net\/clientes\/67dd844a69e08263976a65f343f9b4e0\/imagens\/2026\/04\/27\/361605f0cec755e9834e837515f5df14_medium.jpg\" alt=\"\" width=\"300\" align=\"right\" hspace=\"10\" vspace=\"10\" \/>No curso de Cultura Digital, as participantes aprendem desde inform\u00e1tica b\u00e1sica, passando por navega\u00e7\u00e3o online, uso de ferramentas de produtividade e colabora\u00e7\u00e3o, at\u00e9 a cria\u00e7\u00e3o de conte\u00fado para redes sociais, seguran\u00e7a digital e posicionamento estrat\u00e9gico. A forma\u00e7\u00e3o inclui ainda edi\u00e7\u00e3o de imagens e v\u00eddeos, preparando as alunas para atuar em diferentes contextos profissionais.<\/p>\n<p style=\"text-align: left;\">J\u00e1 o curso de Design de Moda aborda fundamentos hist\u00f3ricos e conceituais, processo criativo, desenvolvimento de cole\u00e7\u00e3o, desenho e ilustra\u00e7\u00e3o. A forma\u00e7\u00e3o inclui tamb\u00e9m pr\u00e1ticas de upcycling, incentivando a reutiliza\u00e7\u00e3o de materiais e a redu\u00e7\u00e3o do desperd\u00edcio t\u00eaxtil.<\/p>\n<p style=\"text-align: left;\">As aulas s\u00e3o presenciais, com todo o material necess\u00e1rio inclu\u00eddo, e ao final do curso as participantes ser\u00e3o certificadas. N\u00e3o \u00e9 exigida experi\u00eancia pr\u00e9via. As vagas s\u00e3o limitadas e o processo de sele\u00e7\u00e3o ocorre ap\u00f3s o preenchimento do\u00a0<a href=\"http:\/\/forms.gle\/bYxh4Zw29dZQdrsy8\" target=\"_blank\" rel=\"noopener noreferrer\" data-saferedirecturl=\"https:\/\/www.google.com\/url?q=http:\/\/forms.gle\/bYxh4Zw29dZQdrsy8&amp;source=gmail&amp;ust=1777410815361000&amp;usg=AOvVaw3rwKogPwYKuQPY4UAGUbER\">formul\u00e1rio on<\/a><a href=\"http:\/\/forms.gle\/bYxh4Zw29dZQdrsy8\" target=\"_blank\" rel=\"noopener noreferrer\" data-saferedirecturl=\"https:\/\/www.google.com\/url?q=http:\/\/forms.gle\/bYxh4Zw29dZQdrsy8&amp;source=gmail&amp;ust=1777410815361000&amp;usg=AOvVaw3rwKogPwYKuQPY4UAGUbER\">line.<\/a><\/p>\n<p style=\"text-align: left;\">Para M\u00e1rcia Gliosci, Diretora Executiva do ISPAC, a iniciativa cumpre um papel fundamental na capital mineira. &#8220;A Casa Marina abre portas para o futuro enquanto honra o passado. Por meio de seus cursos de tecnologia, mulheres ganham acesso as profiss\u00f5es mais promissoras da atualidade. Paralelamente, o programa de design de moda preserva e celebra saberes tradicionais, transformando criatividade em renda. A iniciativa conecta gera\u00e7\u00f5es, culturas e oportunidades, impactando centenas de mulheres que encontram na Casa Marina o caminho para autonomia financeira e realiza\u00e7\u00e3o profissional. \u00c9 assim que inova\u00e7\u00e3o e tradi\u00e7\u00e3o se fundem como vetores de desenvolvimento social\u201d, afirma.<\/p>\n<p style=\"text-align: left;\">Para Fernanda Morais, coordenadora do Instituto Marina e Fl\u00e1vio Guimar\u00e3es, a Casa Marina ocupa um papel central na atua\u00e7\u00e3o social do Instituto. \u201cA Casa Marina \u00e9 hoje uma das principais iniciativas do Instituto, por consolidar aspectos importantes da nossa vis\u00e3o de impacto: forma\u00e7\u00e3o qualificada, inclus\u00e3o produtiva e fortalecimento da autonomia feminina. O projeto traduz nosso compromisso em estruturar a\u00e7\u00f5es consistentes, com resultados concretos e capacidade real de transformar trajet\u00f3rias\u201d, afirma.<\/p>\n<p style=\"text-align: left;\">As aulas dos cursos de Design de Moda e Cultura Digital ter\u00e3o in\u00edcio no dia 11 de maio e as vagas s\u00e3o limitadas. A metodologia da Casa Marina vai al\u00e9m do ensino t\u00e9cnico, focando no fortalecimento de redes de apoio e no incentivo ao empreendedorismo local. Com a proximidade do encerramento do prazo, a coordena\u00e7\u00e3o do projeto refor\u00e7a a import\u00e2ncia de que os interessados garantam sua participa\u00e7\u00e3o o quanto antes atrav\u00e9s dos canais oficiais de inscri\u00e7\u00e3o.<\/p>\n<p style=\"text-align: left;\">A iniciativa \u00e9 patrocinada pelo Instituto Marina e Fl\u00e1vio Guimar\u00e3es, mantido pelo Grupo Bmg, e \u00e9 realizada pelo Instituto S\u00e3o Paulo de Arte e Cultura, Cen\u00e1rios Futuros e pelo Minist\u00e9rio da Cultura, por meio da Lei Federal de Incentivo \u00e0 Cultura.<\/p>\n<p style=\"text-align: left;\"><strong>Sobre a Casa Marina<\/strong><\/p>\n<p style=\"text-align: left;\">A Casa Marina \u00e9 uma iniciativa do Instituto Marina e Fl\u00e1vio Guimar\u00e3es (IMFG), que centraliza as a\u00e7\u00f5es sociais do Grupo Bmg, implantada em 2025 com o objetivo de oferecer capacita\u00e7\u00e3o profissional gratuita e acolhimento de mulheres em situa\u00e7\u00e3o de vulnerabilidade social, oferecendo oportunidades concretas de desenvolvimento pessoal e gera\u00e7\u00e3o de renda. Mais do que um centro de forma\u00e7\u00e3o, a Casa Marina \u00e9 um ambiente de escuta, cuidado e transforma\u00e7\u00e3o, onde cada mulher encontra apoio para fortalecer sua autoestima, desenvolver novas habilidades e reconstruir sua trajet\u00f3ria com dignidade, autonomia e perspectiva de futuro.<\/p>\n<p style=\"text-align: left;\">\n<p style=\"text-align: left;\"><strong>Servi\u00e7o<\/strong><\/p>\n<p style=\"text-align: left;\"><strong>Cursos gratuitos na Casa Marina Design de Moda e Cultura Digital<\/strong><\/p>\n<p style=\"text-align: left;\"><strong>Inscri\u00e7\u00f5es:<\/strong>\u00a0\u00daLTIMOS DIAS \u2013 At\u00e9 06 de maio de 2026<\/p>\n<p style=\"text-align: left;\"><strong>Divulga\u00e7\u00e3o dos selecionados:<\/strong>\u00a007 de maio de 2026<\/p>\n<p style=\"text-align: left;\"><strong>In\u00edcio das aulas:<\/strong>\u00a011 de maio de 2026<\/p>\n<p style=\"text-align: left;\"><strong>Local:<\/strong>\u00a0<a href=\"https:\/\/www.google.com\/maps\/search\/Rua+Maranh+o,+622,+Santa+Efig+nia++Belo+Horizonte%2FMG?entry=gmail&amp;source=g\">Rua Maranh<\/a>\u00e3<a href=\"https:\/\/www.google.com\/maps\/search\/Rua+Maranh+o,+622,+Santa+Efig+nia++Belo+Horizonte%2FMG?entry=gmail&amp;source=g\">o, 622, Santa Efig<\/a>\u00ea<a href=\"https:\/\/www.google.com\/maps\/search\/Rua+Maranh+o,+622,+Santa+Efig+nia++Belo+Horizonte%2FMG?entry=gmail&amp;source=g\">nia\u00a0<\/a>\u2013\u00a0<a href=\"https:\/\/www.google.com\/maps\/search\/Rua+Maranh+o,+622,+Santa+Efig+nia++Belo+Horizonte%2FMG?entry=gmail&amp;source=g\">Belo Horizonte\/MG<\/a><\/p>\n<p style=\"text-align: left;\"><strong>Informa\u00e7\u00f5es e Inscri\u00e7\u00f5es:<\/strong>\u00a0Instagram @casamarina_ifmg &#8211;\u00a0<a href=\"https:\/\/www.instagram.com\/casamarina_imfg\" target=\"_blank\" rel=\"noopener noreferrer\" data-saferedirecturl=\"https:\/\/www.google.com\/url?q=https:\/\/www.instagram.com\/casamarina_imfg&amp;source=gmail&amp;ust=1777410815362000&amp;usg=AOvVaw0Jf4VHis68A6JjvZa8ON1i\">https:\/\/www.instagram.com\/casamarina_imfg<\/a><\/p>\n<p style=\"text-align: left;\"><strong>Turmas \u2013 Moda:<br \/>\n<\/strong>14h \u00e0s 17h &#8211; segunda a quinta<br \/>\n18h \u00e0s 21h &#8211; segunda a quinta<\/p>\n<p style=\"text-align: left;\"><strong>Turmas \u2013 Cultura Digital:<br \/>\n<\/strong>14h \u00e0s 17h &#8211; segunda a quinta<br \/>\n18h \u00e0s 21h &#8211; segunda a quinta<\/p>\n<p style=\"text-align: left;\"><strong>Redes sociais<br \/>\n@casamarina_imfg | fb\/casamarina_imfg<br \/>\n<\/strong><a href=\"https:\/\/www.nucleosdecultura.com.br\/casamarinabh\/\" target=\"_blank\" rel=\"noopener noreferrer\" data-saferedirecturl=\"https:\/\/www.google.com\/url?q=https:\/\/www.nucleosdecultura.com.br\/casamarinabh\/&amp;source=gmail&amp;ust=1777410815362000&amp;usg=AOvVaw2haUFWVWaCjzdrKIOwFOI9\"><strong>Site<\/strong><\/a><\/p>\n<\/div>\n","protected":false},"excerpt":{"rendered":"<p>Acervo ISPAC. Outra novidade \u00e9 que com a amplia\u00e7\u00e3o de vagas, o projeto passa a acontecer em novo endere\u00e7o Foram prorrogadas at\u00e9 o dia 6 de maio as inscri\u00e7\u00f5es para os cursos gratuitos da Casa Marina, em Belo Horizonte (MG). Neste ano, com vagas para Design de Moda e Cultura Digital, o projeto passa a [&hellip;]<\/p>\n","protected":false},"author":28,"featured_media":47894,"comment_status":"closed","ping_status":"closed","sticky":false,"template":"","format":"standard","meta":{"jetpack_post_was_ever_published":false,"_jetpack_newsletter_access":"","_jetpack_dont_email_post_to_subs":false,"_jetpack_newsletter_tier_id":0,"_jetpack_memberships_contains_paywalled_content":false,"_jetpack_memberships_contains_paid_content":false,"footnotes":"","jetpack_publicize_message":"","jetpack_publicize_feature_enabled":true,"jetpack_social_post_already_shared":true,"jetpack_social_options":{"image_generator_settings":{"template":"highway","enabled":false},"version":2}},"categories":[1,19,14,34,18],"tags":[],"class_list":["post-47893","post","type-post","status-publish","format-standard","has-post-thumbnail","hentry","category-culturaliza","category-destaque","category-dicas","category-diversao","category-musica"],"jetpack_publicize_connections":[],"jetpack_featured_media_url":"https:\/\/culturalizabh.com.br\/wp-content\/uploads\/2026\/04\/Imagem1-Acervo-ISPAC.jpg","jetpack_sharing_enabled":true,"jetpack_shortlink":"https:\/\/wp.me\/p864jz-cst","_links":{"self":[{"href":"https:\/\/culturalizabh.com.br\/index.php\/wp-json\/wp\/v2\/posts\/47893","targetHints":{"allow":["GET"]}}],"collection":[{"href":"https:\/\/culturalizabh.com.br\/index.php\/wp-json\/wp\/v2\/posts"}],"about":[{"href":"https:\/\/culturalizabh.com.br\/index.php\/wp-json\/wp\/v2\/types\/post"}],"author":[{"embeddable":true,"href":"https:\/\/culturalizabh.com.br\/index.php\/wp-json\/wp\/v2\/users\/28"}],"replies":[{"embeddable":true,"href":"https:\/\/culturalizabh.com.br\/index.php\/wp-json\/wp\/v2\/comments?post=47893"}],"version-history":[{"count":1,"href":"https:\/\/culturalizabh.com.br\/index.php\/wp-json\/wp\/v2\/posts\/47893\/revisions"}],"predecessor-version":[{"id":47895,"href":"https:\/\/culturalizabh.com.br\/index.php\/wp-json\/wp\/v2\/posts\/47893\/revisions\/47895"}],"wp:featuredmedia":[{"embeddable":true,"href":"https:\/\/culturalizabh.com.br\/index.php\/wp-json\/wp\/v2\/media\/47894"}],"wp:attachment":[{"href":"https:\/\/culturalizabh.com.br\/index.php\/wp-json\/wp\/v2\/media?parent=47893"}],"wp:term":[{"taxonomy":"category","embeddable":true,"href":"https:\/\/culturalizabh.com.br\/index.php\/wp-json\/wp\/v2\/categories?post=47893"},{"taxonomy":"post_tag","embeddable":true,"href":"https:\/\/culturalizabh.com.br\/index.php\/wp-json\/wp\/v2\/tags?post=47893"}],"curies":[{"name":"wp","href":"https:\/\/api.w.org\/{rel}","templated":true}]}}