{"id":47890,"date":"2026-04-27T23:12:13","date_gmt":"2026-04-28T02:12:13","guid":{"rendered":"https:\/\/culturalizabh.com.br\/?p=47890"},"modified":"2026-04-27T23:12:13","modified_gmt":"2026-04-28T02:12:13","slug":"deu-samba-grava-audiovisual-com-repertorio-inspirado-nos-titulos-do-brasil-na-copa-do-mundo","status":"publish","type":"post","link":"https:\/\/culturalizabh.com.br\/index.php\/2026\/04\/27\/deu-samba-grava-audiovisual-com-repertorio-inspirado-nos-titulos-do-brasil-na-copa-do-mundo\/","title":{"rendered":"Deu Samba grava audiovisual com repert\u00f3rio inspirado nos t\u00edtulos do Brasil na Copa do Mundo"},"content":{"rendered":"<p><strong>Deu Samba &#8211; Divulga\u00e7\u00e3o.<\/strong><\/p>\n<p>&nbsp;<\/p>\n<p style=\"text-align: center;\"><strong><i>Banda resgata a tradi\u00e7\u00e3o de pintar as ruas e mobiliza a cidade de Santa Luzia, na Regi\u00e3o Metropolitana de Belo Horizonte, para celebrar a mem\u00f3ria das cinco estrelas mundiais e o caminho rumo ao hexa<\/i><\/strong><\/p>\n<div>\n<p>&nbsp;<\/p>\n<p>O Deu Samba realiza neste s\u00e1bado, 2 de maio, a grava\u00e7\u00e3o de seu novo registro audiovisual inspirado na Copa do Mundo. As filmagens ser\u00e3o feitas na Rua Pedro Ferreira de Souza Martins, no Conjunto Cristina A, em Santa Luzia, entre 12h e 16h. A iniciativa busca resgatar a tradi\u00e7\u00e3o popular de decorar e pintar as vias p\u00fablicas em per\u00edodos de mundial, transformando o bairro em um cen\u00e1rio de celebra\u00e7\u00e3o e mem\u00f3ria afetiva.<\/p>\n<p>Um dos pilares fundamentais deste novo trabalho \u00e9 identidade musical caracter\u00edstica do Deu Samba em cada faixa executada. Independentemente do g\u00eanero original das composi\u00e7\u00f5es que integram o setlist, todas as m\u00fasicas ser\u00e3o gravadas com a roupagem de samba e pagode. De acordo com os artistas, o objetivo \u00e9 imprimir uma sonoridade coesa, marcada por muita energia e agito, transformando cl\u00e1ssicos de diversos estilos em hinos de celebra\u00e7\u00e3o popular, mantendo o vigor que \u00e9 marca registrada das apresenta\u00e7\u00f5es do grupo.<\/p>\n<p>O repert\u00f3rio do projeto foi estruturado em blocos cronol\u00f3gicos que homenageiam os anos em que a Sele\u00e7\u00e3o Brasileira sagrou-se campe\u00e3 do mundo. A sele\u00e7\u00e3o musical conecta diferentes gera\u00e7\u00f5es atrav\u00e9s de cl\u00e1ssicos que embalaram as conquistas de 1958, 1962, 1970, 1994 e 2002, reafirmando a rela\u00e7\u00e3o hist\u00f3rica entre o samba e o futebol na cultura nacional.<\/p>\n<p><img decoding=\"async\" src=\"https:\/\/ci3.googleusercontent.com\/meips\/ADKq_NYSAyqVdBbbUVGmv7YnZAraWm2pVIKtws3g0NCkgmlj0-sMELkUJUDFY75YIsrE5cX-9KkKEDXn0ao6GRYcJ3ZzG-4k9kTL7-ze3U757KVG3xJYH5yJYoT_LeMybwUD8BHjLYORODYUWGj7G9ZA8BW4nU1fafeq2bmr7vCfRx9SHTnerceiW8hkqjvWRCzlGVBR31k5Z2_SsdbIUdeg=s0-d-e1-ft#https:\/\/files.pressmanager.net\/clientes\/67dd844a69e08263976a65f343f9b4e0\/imagens\/2026\/01\/29\/4d61c1dcab2857e70af8ca0ee518afda_medium.jpg\" alt=\"\" width=\"300\" align=\"right\" hspace=\"10\" vspace=\"10\" \/>Andr\u00e9 Barcellos, integrante do Deu Samba e um dos idealizadores do projeto, enfatiza a import\u00e2ncia est\u00e9tica e cultural da ambienta\u00e7\u00e3o escolhida para o registro. &#8220;Fizemos quest\u00e3o de trazer de volta aquele clima nost\u00e1lgico das Copas passadas, com a rua pintada, as bandeirinhas espalhadas e muito verde e amarelo por todos os lados. Queremos que o p\u00fablico sinta essa energia se preparando para torcer, resgatando esse orgulho visual que sempre marcou a nossa torcida. Uma cl\u00e1ssica Kombi amarela vai fazer parte do nosso cen\u00e1rio e estamos ansiosos para j\u00e1 come\u00e7ar a gravar&#8221;, explica.<\/p>\n<p>Para o artista, a m\u00fasica \u00e9 o fio condutor que mant\u00e9m vivas as gl\u00f3rias do passado. &#8220;O samba e o futebol caminham lado a lado na constru\u00e7\u00e3o da nossa identidade. Cada conquista da Sele\u00e7\u00e3o Brasileira foi acompanhada por um ritmo, uma melodia que se tornou o hino daquela gera\u00e7\u00e3o. A m\u00fasica tem o poder de imortalizar esses momentos, transformando a vit\u00f3ria em campo em uma mem\u00f3ria afetiva eterna no cora\u00e7\u00e3o do povo. Com este projeto, queremos celebrar essa conex\u00e3o visceral que faz do Brasil o pa\u00eds do futebol e do samba&#8221;, destaca.<\/p>\n<p>No bloco dedicado ao primeiro t\u00edtulo, em 1958, a banda apresenta obras como &#8220;Aquarela do Brasil&#8221; e &#8220;Garota de Ipanema&#8221;. A viagem musical segue pelo bicampeonato de 1962, com sucessos como &#8220;Trem das Onze&#8221; e &#8220;Aquele Abra\u00e7o&#8221;, e atinge o tri de 1970 com a energia de &#8220;Pa\u00eds Tropical&#8221; e &#8220;Vou Festejar&#8221;. As conquistas mais recentes tamb\u00e9m ganham destaque: o bloco de 1994 traz o auge do pagode dos anos 90 com &#8220;Beijo Geladinho&#8221;, enquanto a celebra\u00e7\u00e3o do penta, em 2002, encerra o repert\u00f3rio com &#8220;Deixa a Vida Me Levar&#8221; e &#8220;Deixa Acontecer&#8221;. Diversas outras composi\u00e7\u00f5es far\u00e3o parte do trabalho.<\/p>\n<p>A grava\u00e7\u00e3o \u00e9 aberta ao p\u00fablico, que vai participar ativamente da ambienta\u00e7\u00e3o do cen\u00e1rio. O lan\u00e7amento do audiovisual ser\u00e1 no dia 29 de maio.<\/p>\n<p><strong>Deu Samba<\/strong><\/p>\n<p>A banda Deu Samba \u00e9 liderada pelo carisma e pot\u00eancia vocal de Arthur e Binho. A base sonora fica sob a responsabilidade de Andr\u00e9 e Fabr\u00edcio, que trazem a expertise percussiva necess\u00e1ria para fundir o samba e pagode com as tend\u00eancias de outros estilos musicais, criando a identidade \u00fanica que se tornou a assinatura da banda.<\/p>\n<p>Criada em Belo Horizonte, a banda rompeu as fronteiras do pagode tradicional para criar um movimento pr\u00f3prio, consolidando-se como uma verdadeira experi\u00eancia de entretenimento. Os mineiros apostam em um repert\u00f3rio democr\u00e1tico e \u201csem preconceitos\u201d. Os integrantes dizem que tudo d\u00e1 samba, ent\u00e3o, no setlist tem muito pagode, ax\u00e9, sertanejo, hits virais do funk e piseiro, que ganham novos arranjos percussivos no ritmo de pagode. Essa versatilidade transformou o projeto em uma &#8220;playlist viva&#8221;, capaz de conectar diferentes gera\u00e7\u00f5es e tribos em um mesmo show, mantendo a pista aquecida do in\u00edcio ao fim com uma energia de ver\u00e3o constante.<\/p>\n<p><strong>\u00a0<\/strong><\/p>\n<p><strong>Banda Deu Samba na web:<\/strong><\/p>\n<ul>\n<li><strong>Instagram:\u00a0<\/strong><a href=\"https:\/\/www.instagram.com\/deusamba\/?hl=pt\" target=\"_blank\" rel=\"noopener noreferrer\" data-saferedirecturl=\"https:\/\/www.google.com\/url?q=https:\/\/www.instagram.com\/deusamba\/?hl%3Dpt&amp;source=gmail&amp;ust=1777411966678000&amp;usg=AOvVaw3pQFpjkWSj8_LYJspe-HWS\"><strong>@deusamba<\/strong><\/a><\/li>\n<li><strong>Facebook:\u00a0<\/strong><a href=\"https:\/\/www.facebook.com\/bandadeusamba\" target=\"_blank\" rel=\"noopener noreferrer\" data-saferedirecturl=\"https:\/\/www.google.com\/url?q=https:\/\/www.facebook.com\/bandadeusamba&amp;source=gmail&amp;ust=1777411966678000&amp;usg=AOvVaw1v0eKgkzkatpRyB5EDoLFb\"><strong>Deu Samba<\/strong><\/a><\/li>\n<\/ul>\n<p><strong>\u00a0<\/strong><\/p>\n<p><strong>Servi\u00e7o<\/strong><\/p>\n<p><strong>Grava\u00e7\u00e3o do Audiovisual na Linha do tempo Copa do Mundo Deu Samba<\/strong><\/p>\n<p><strong>Data:<\/strong>\u00a0S\u00e1bado, 2 de maio<\/p>\n<p><strong>Hor\u00e1rio:<\/strong>\u00a012h \u00e0s 16h<\/p>\n<p><strong>Local:<\/strong>\u00a0Rua Pedro Ferreira de Souza Martins, 173, Conjunto Cristina A, Santa Luzia<\/p>\n<\/div>\n","protected":false},"excerpt":{"rendered":"<p>Deu Samba &#8211; Divulga\u00e7\u00e3o. &nbsp; Banda resgata a tradi\u00e7\u00e3o de pintar as ruas e mobiliza a cidade de Santa Luzia, na Regi\u00e3o Metropolitana de Belo Horizonte, para celebrar a mem\u00f3ria das cinco estrelas mundiais e o caminho rumo ao hexa &nbsp; O Deu Samba realiza neste s\u00e1bado, 2 de maio, a grava\u00e7\u00e3o de seu novo [&hellip;]<\/p>\n","protected":false},"author":28,"featured_media":47891,"comment_status":"closed","ping_status":"closed","sticky":true,"template":"","format":"standard","meta":{"jetpack_post_was_ever_published":false,"_jetpack_newsletter_access":"","_jetpack_dont_email_post_to_subs":false,"_jetpack_newsletter_tier_id":0,"_jetpack_memberships_contains_paywalled_content":false,"_jetpack_memberships_contains_paid_content":false,"footnotes":"","jetpack_publicize_message":"","jetpack_publicize_feature_enabled":true,"jetpack_social_post_already_shared":true,"jetpack_social_options":{"image_generator_settings":{"template":"highway","enabled":false},"version":2}},"categories":[1,19,14,34,18],"tags":[14483],"class_list":["post-47890","post","type-post","status-publish","format-standard","has-post-thumbnail","hentry","category-culturaliza","category-destaque","category-dicas","category-diversao","category-musica","tag-deu-samba-grava-audiovisual-com-repertorio-inspirado-nos-titulos-do-brasil-na-copa-do-mundo"],"jetpack_publicize_connections":[],"jetpack_featured_media_url":"https:\/\/culturalizabh.com.br\/wp-content\/uploads\/2026\/04\/FOTO-DEU-SAMBA-MARROM.jpg","jetpack_sharing_enabled":true,"jetpack_shortlink":"https:\/\/wp.me\/p864jz-csq","_links":{"self":[{"href":"https:\/\/culturalizabh.com.br\/index.php\/wp-json\/wp\/v2\/posts\/47890","targetHints":{"allow":["GET"]}}],"collection":[{"href":"https:\/\/culturalizabh.com.br\/index.php\/wp-json\/wp\/v2\/posts"}],"about":[{"href":"https:\/\/culturalizabh.com.br\/index.php\/wp-json\/wp\/v2\/types\/post"}],"author":[{"embeddable":true,"href":"https:\/\/culturalizabh.com.br\/index.php\/wp-json\/wp\/v2\/users\/28"}],"replies":[{"embeddable":true,"href":"https:\/\/culturalizabh.com.br\/index.php\/wp-json\/wp\/v2\/comments?post=47890"}],"version-history":[{"count":1,"href":"https:\/\/culturalizabh.com.br\/index.php\/wp-json\/wp\/v2\/posts\/47890\/revisions"}],"predecessor-version":[{"id":47892,"href":"https:\/\/culturalizabh.com.br\/index.php\/wp-json\/wp\/v2\/posts\/47890\/revisions\/47892"}],"wp:featuredmedia":[{"embeddable":true,"href":"https:\/\/culturalizabh.com.br\/index.php\/wp-json\/wp\/v2\/media\/47891"}],"wp:attachment":[{"href":"https:\/\/culturalizabh.com.br\/index.php\/wp-json\/wp\/v2\/media?parent=47890"}],"wp:term":[{"taxonomy":"category","embeddable":true,"href":"https:\/\/culturalizabh.com.br\/index.php\/wp-json\/wp\/v2\/categories?post=47890"},{"taxonomy":"post_tag","embeddable":true,"href":"https:\/\/culturalizabh.com.br\/index.php\/wp-json\/wp\/v2\/tags?post=47890"}],"curies":[{"name":"wp","href":"https:\/\/api.w.org\/{rel}","templated":true}]}}