{"id":47886,"date":"2026-04-27T16:01:20","date_gmt":"2026-04-27T19:01:20","guid":{"rendered":"https:\/\/culturalizabh.com.br\/?p=47886"},"modified":"2026-04-27T16:01:20","modified_gmt":"2026-04-27T19:01:20","slug":"buteco-na-praca-transforma-a-praca-jk-em-um-grande-salao-gastronomico-a-ceu-aberto","status":"publish","type":"post","link":"https:\/\/culturalizabh.com.br\/index.php\/2026\/04\/27\/buteco-na-praca-transforma-a-praca-jk-em-um-grande-salao-gastronomico-a-ceu-aberto\/","title":{"rendered":"BUTECO NA PRA\u00c7A TRANSFORMA A PRA\u00c7A JK EM UM GRANDE SAL\u00c3O GASTRON\u00d4MICO A C\u00c9U ABERTO"},"content":{"rendered":"<p><i><span style=\"font-weight: 400\">Entre sabores de boteco, m\u00fasica ao vivo e o charme da hospitalidade mineira, o evento gratuito re\u00fane mais de 50 op\u00e7\u00f5es gastron\u00f4micas e programa\u00e7\u00e3o cultural na Pra\u00e7a JK, no Sion.<\/span><\/i><\/p>\n<p><span style=\"font-weight: 400\">Belo Horizonte se prepara para brindar sua mais leg\u00edtima voca\u00e7\u00e3o: a de capital dos bares. No dia 2 de maio (s\u00e1bado) , a partir das 14h, a cidade recebe o Buteco na Pra\u00e7a, evento que promete reunir gastronomia, cultura e hospitalidade mineira em um dos cen\u00e1rios mais charmosos da regi\u00e3o Centro-Sul \u2014 a Pra\u00e7a JK, no bairro Sion. Os ingressos s\u00e3o gratuitos e podem ser retirados atrav\u00e9s do <\/span><a href=\"https:\/\/www.sympla.com.br\/evento\/buteco-na-praca\/3329052?d=mkt\"><span style=\"font-weight: 400\">Sympla.<\/span><\/a><\/p>\n<p><span style=\"font-weight: 400\">Reconhecida por sua impressionante quantidade de bares \u2014 s\u00e3o mais de 9.500 estabelecimentos \u2014, a capital mineira ganha uma celebra\u00e7\u00e3o \u00e0 altura dessa tradi\u00e7\u00e3o. Com entrada gratuita e proposta sofisticada, o Buteco na Pra\u00e7a convida o p\u00fablico a viver uma experi\u00eancia sensorial que combina sabores aut\u00eanticos, m\u00fasica de qualidade e um ambiente acolhedor, fiel ao estilo de vida belo-horizontino.<\/span><\/p>\n<p><span style=\"font-weight: 400\">O evento ocupar\u00e1 a pra\u00e7a com uma curadoria gastron\u00f4mica que valoriza a ess\u00eancia dos botecos: diversas op\u00e7\u00f5es entre finger foods, tira-gostos e por\u00e7\u00f5es t\u00edpicas, com pre\u00e7os a partir de R$ 25,00. Bares e cozinhas parceiras ir\u00e3o compor a Pra\u00e7a Gastron\u00f4mica, oferecendo desde cl\u00e1ssicos da culin\u00e1ria mineira at\u00e9 releituras contempor\u00e2neas, sempre acompanhadas de cerveja gelada e boas conversas.<\/span><\/p>\n<p><span style=\"font-weight: 400\">A trilha sonora do encontro tamb\u00e9m foi pensada para traduzir a pluralidade cultural da cidade. O palco do Buteco na Pra\u00e7a receber\u00e1 atra\u00e7\u00f5es que transitam entre brasilidades, pop rock, sertanejo e samba de roda. Est\u00e3o confirmados nomes como Paulinho Alabart, refer\u00eancia do sertanejo raiz; o grupo Trem dos Onze, com sua leitura da m\u00fasica popular brasileira; a banda Saideira, com a energia do samba; Quintal do \u00cdndio, trazendo a riqueza da MPB; e o DJ Siman, conhecido por sua versatilidade e conex\u00e3o com diferentes p\u00fablicos.<\/span><\/p>\n<p><span style=\"font-weight: 400\">Mais do que um evento gastron\u00f4mico, o Buteco na Pra\u00e7a aposta em uma estrutura completa para proporcionar conforto e inclus\u00e3o. Com espa\u00e7o kids monitorado e ambiente pet friendly, a proposta \u00e9 acolher fam\u00edlias, grupos de amigos e casais em busca de lazer de qualidade, em um espa\u00e7o aberto e democr\u00e1tico.<\/span><\/p>\n<p><span style=\"font-weight: 400\">Os ingressos s\u00e3o gratuitos, por\u00e9m limitados, e devem ser retirados antecipadamente pelo site oficial. Como cortesia especial, aniversariantes do m\u00eas de maio ter\u00e3o uma surpresa preparada pela organiza\u00e7\u00e3o.<\/span><\/p>\n<p>&nbsp;<\/p>\n<table>\n<tbody>\n<tr>\n<td><b>Servi\u00e7o<\/b><span style=\"font-weight: 400\">:<\/span><span style=\"font-weight: 400\"><\/p>\n<p><\/span><\/p>\n<p><span style=\"font-weight: 400\">BUTECO NA PRA\u00c7A TRANSFORMA A PRA\u00c7A JK EM UM GRANDE SAL\u00c3O GASTRON\u00d4MICO A C\u00c9U ABERTO.<\/span><\/p>\n<p><span style=\"font-weight: 400\">Data: 02 de maio de 2026 (s\u00e1bado)<\/span><\/p>\n<p><span style=\"font-weight: 400\">Hor\u00e1rio: 14h \u00e0s 22h<\/span><span style=\"font-weight: 400\"><br \/>\n<\/span><span style=\"font-weight: 400\">Local: Pra\u00e7a JK \u2014 Bairro Sion, Belo Horizonte\/MG<\/span><span style=\"font-weight: 400\"><br \/>\n<\/span><span style=\"font-weight: 400\">\ud83c\udf9f<\/span><span style=\"font-weight: 400\"> Entrada gratuita (ingressos limitados): <\/span><a href=\"http:\/\/www.buteconapraca.com.br\/\"><span style=\"font-weight: 400\">www.buteconapraca.com.br<\/span><\/a><\/p>\n<p><span style=\"font-weight: 400\"><\/p>\n<p><\/span><\/td>\n<\/tr>\n<\/tbody>\n<\/table>\n","protected":false},"excerpt":{"rendered":"<p>Entre sabores de boteco, m\u00fasica ao vivo e o charme da hospitalidade mineira, o evento gratuito re\u00fane mais de 50 op\u00e7\u00f5es gastron\u00f4micas e programa\u00e7\u00e3o cultural na Pra\u00e7a JK, no Sion. Belo Horizonte se prepara para brindar sua mais leg\u00edtima voca\u00e7\u00e3o: a de capital dos bares. No dia 2 de maio (s\u00e1bado) , a partir das [&hellip;]<\/p>\n","protected":false},"author":48,"featured_media":47887,"comment_status":"closed","ping_status":"closed","sticky":false,"template":"","format":"standard","meta":{"jetpack_post_was_ever_published":false,"_jetpack_newsletter_access":"","_jetpack_dont_email_post_to_subs":false,"_jetpack_newsletter_tier_id":0,"_jetpack_memberships_contains_paywalled_content":false,"_jetpack_memberships_contains_paid_content":false,"footnotes":"","jetpack_publicize_message":"","jetpack_publicize_feature_enabled":true,"jetpack_social_post_already_shared":true,"jetpack_social_options":{"image_generator_settings":{"template":"highway","enabled":false},"version":2}},"categories":[1],"tags":[],"class_list":["post-47886","post","type-post","status-publish","format-standard","has-post-thumbnail","hentry","category-culturaliza"],"jetpack_publicize_connections":[],"jetpack_featured_media_url":"https:\/\/culturalizabh.com.br\/wp-content\/uploads\/2026\/04\/world-cuisine-with-delicious-food-scaled.jpg","jetpack_sharing_enabled":true,"jetpack_shortlink":"https:\/\/wp.me\/p864jz-csm","_links":{"self":[{"href":"https:\/\/culturalizabh.com.br\/index.php\/wp-json\/wp\/v2\/posts\/47886","targetHints":{"allow":["GET"]}}],"collection":[{"href":"https:\/\/culturalizabh.com.br\/index.php\/wp-json\/wp\/v2\/posts"}],"about":[{"href":"https:\/\/culturalizabh.com.br\/index.php\/wp-json\/wp\/v2\/types\/post"}],"author":[{"embeddable":true,"href":"https:\/\/culturalizabh.com.br\/index.php\/wp-json\/wp\/v2\/users\/48"}],"replies":[{"embeddable":true,"href":"https:\/\/culturalizabh.com.br\/index.php\/wp-json\/wp\/v2\/comments?post=47886"}],"version-history":[{"count":1,"href":"https:\/\/culturalizabh.com.br\/index.php\/wp-json\/wp\/v2\/posts\/47886\/revisions"}],"predecessor-version":[{"id":47888,"href":"https:\/\/culturalizabh.com.br\/index.php\/wp-json\/wp\/v2\/posts\/47886\/revisions\/47888"}],"wp:featuredmedia":[{"embeddable":true,"href":"https:\/\/culturalizabh.com.br\/index.php\/wp-json\/wp\/v2\/media\/47887"}],"wp:attachment":[{"href":"https:\/\/culturalizabh.com.br\/index.php\/wp-json\/wp\/v2\/media?parent=47886"}],"wp:term":[{"taxonomy":"category","embeddable":true,"href":"https:\/\/culturalizabh.com.br\/index.php\/wp-json\/wp\/v2\/categories?post=47886"},{"taxonomy":"post_tag","embeddable":true,"href":"https:\/\/culturalizabh.com.br\/index.php\/wp-json\/wp\/v2\/tags?post=47886"}],"curies":[{"name":"wp","href":"https:\/\/api.w.org\/{rel}","templated":true}]}}