{"id":47881,"date":"2026-04-27T09:11:11","date_gmt":"2026-04-27T12:11:11","guid":{"rendered":"https:\/\/culturalizabh.com.br\/?p=47881"},"modified":"2026-04-27T09:11:49","modified_gmt":"2026-04-27T12:11:49","slug":"resenha-do-mumu-turne-10-anos-estreia-no-mineirao-em-belo-horizonte","status":"publish","type":"post","link":"https:\/\/culturalizabh.com.br\/index.php\/2026\/04\/27\/resenha-do-mumu-turne-10-anos-estreia-no-mineirao-em-belo-horizonte\/","title":{"rendered":"&#8220;Resenha do Mumu &#8211; Turn\u00ea 10 Anos&#8221; estreia no Mineir\u00e3o, em Belo Horizonte"},"content":{"rendered":"<p><strong>Cr\u00e9dito da foto: Brunini.<\/strong><\/p>\n<p style=\"text-align: center;\"><strong><i>Em mais de cinco horas de show, Mumuzinho fez a festa do p\u00fablico com as participa\u00e7\u00f5es de Sorriso Maroto, Xanddy Harmonia, Tierry e convidados<\/i><\/strong><\/p>\n<div>\n<p>A &#8221; Resenha do Mumu \u2013 Turn\u00ea 10 Anos&#8221;, edi\u00e7\u00e3o hist\u00f3rica que celebra uma d\u00e9cada de um dos projetos mais amados do samba e do pagode no Brasil, teve in\u00edcio na tarde do \u00faltimo s\u00e1bado, dia 25 de abril, no Mineir\u00e3o, em Belo Horizonte, onde o Mumuzinho deu o pontap\u00e9 inicial na turn\u00ea comemorativa que vai percorrer o pa\u00eds em 2026.<\/p>\n<p><img decoding=\"async\" src=\"https:\/\/ci3.googleusercontent.com\/meips\/ADKq_NasFvO0YHCkS87OUPPySfri1FG-wSTEyLZfe8wSRPVetuNhwMg_Q59GZIN2vZWpv8v8PiNClPvXSrxsKvWU63glwUnAP-YL3cIUDZ-dLFO4wgdvqCk3y2Y-xw8UIzawEIriDyFiXL-DBEVvh6G1I4QVmQlbRb4HMQxpS3xiRwwjGLru4w-eysOol_QwRsycK5jVZg7nihEzzI-TvupM=s0-d-e1-ft#https:\/\/files.pressmanager.net\/clientes\/67dd844a69e08263976a65f343f9b4e0\/imagens\/2026\/04\/26\/b0c199837f2b56b10162305abb0653c8_medium.jpg\" alt=\"\" width=\"300\" align=\"right\" hspace=\"10\" vspace=\"10\" \/>O show, que recebeu o p\u00fablico de mais de 7 mil pessoas, contou com as participa\u00e7\u00f5es especiais do grupo Sorriso Maroto, dos cantores Xanddy Harmonia e Tierry, al\u00e9m de dois artistas de Belo Horizonte: o grupo Pelasamba e a cantora Mannda Lym.<\/p>\n<p>Com mais de cinco horas de show, clima de roda entre amigos e um repert\u00f3rio repleto de sucessos, Mumuzinho apresentou na capital mineira hits como \u201cFulminante\u201d, \u201cCurto Circuito\u201d, \u201cFala\u201d, \u201cEu Mere\u00e7o Ser Feliz\u201d e tantos outros cl\u00e1ssicos que transformaram a &#8220;Resenha do Mumu&#8221; em um fen\u00f4meno de p\u00fablico \u2014 s\u00e3o mais de 350 mil espectadores ao longo desses dez anos de hist\u00f3ria.<\/p>\n<p>O cantor tamb\u00e9m fez a festa dos f\u00e3s ao cantar a rec\u00e9m-lan\u00e7ada faixa \u201cFechad\u00e3o com o Amor\u201d, que integra repert\u00f3rio de seu novo audiovisual, \u201c<em>Simples Assim<\/em>\u201d, que ser\u00e1 lan\u00e7ado em breve pela Universal Music Brasil.<\/p>\n<p>Mumuzinho ainda reservou alguns momentos do show para homenagear seus \u00eddolos e fez uma emocionante homenagem para Beth Carvalho interpretando o cl\u00e1ssico \u201cAndan\u00e7a\u201d, sucesso na voz da inesquec\u00edvel cantora, que completaria 80 anos no pr\u00f3ximo dia 5 de maio. O mestre Arlindo Cruz, a quem Mumuzinho j\u00e1 havia homenageado com o lan\u00e7amento do single \u201cArlindo Luz\u201d, interpretou no palco \u201cMadureira\u201d, um dos cl\u00e1ssicos do sambista. Mumuzinho tamb\u00e9m reverenciou Alcione ao cantar um pot-pourri de \u201cA Loba \/ Voc\u00ea Me Vira a Cabe\u00e7a \/ Neg\u00e3o de Tirar o Chap\u00e9u\u201d.<\/p>\n<p>A nova edi\u00e7\u00e3o da \u201cResenha do Mumu\u201d seguir\u00e1 para as demais cidades levando aquela energia contagiante que j\u00e1 virou marca registrada do projeto.<\/p>\n<p><strong>Datas e locais \u201c<em>Resenha do Mumu \u2013 Turn\u00ea 10 Anos<\/em>\u201d:<\/strong><\/p>\n<p>25 de abril &#8211; Belo Horizonte \u2705<\/p>\n<p>23 de maio &#8211; Rio de Janeiro<\/p>\n<p>26 de julho &#8211; Recife<\/p>\n<p>29 de agosto &#8211; S\u00e3o Paulo<\/p>\n<p>5 de setembro &#8211; Florian\u00f3polis<\/p>\n<p>12 de setembro &#8211; Bel\u00e9m<\/p>\n<p>20 de setembro &#8211; Salvador<\/p>\n<p>17 de outubro &#8211; Curitiba<\/p>\n<p>14 de novembro &#8211; Vit\u00f3ria<\/p>\n<p>12 de dezembro &#8211; Rio de Janeiro<\/p>\n<p><strong>Mais informa\u00e7\u00f5es e venda de ingressos<\/strong>:\u00a0<a href=\"https:\/\/www.instagram.com\/mumuzinho\" target=\"_blank\" rel=\"noopener noreferrer\" data-saferedirecturl=\"https:\/\/www.google.com\/url?q=https:\/\/www.instagram.com\/mumuzinho&amp;source=gmail&amp;ust=1777300643318000&amp;usg=AOvVaw3DSv3JM30iniNnYfv_uB-J\">https:\/\/www.instagram.com\/<wbr \/>resenhadomumu<\/a><\/p>\n<p><strong>Ou\u00e7a a playlist \u201cResenha do Mumu\u201d:\u00a0<\/strong><a href=\"https:\/\/open.spotify.com\/playlist\/6phopHBllHgihM0utaehgR\" target=\"_blank\" rel=\"noopener noreferrer\" data-saferedirecturl=\"https:\/\/www.google.com\/url?q=https:\/\/open.spotify.com\/playlist\/6phopHBllHgihM0utaehgR&amp;source=gmail&amp;ust=1777300643318000&amp;usg=AOvVaw3P8JDWLj6RxnViNPX7Oqvk\">https:\/\/open.spotify.com\/<wbr \/>playlist\/<wbr \/>6phopHBllHgihM0utaehgR<\/a><\/p>\n<p><strong><u>Siga Mumuzinho<\/u><\/strong><strong>:<\/strong><\/p>\n<p><strong>Instagram &#8211;<\/strong>\u00a0<a href=\"https:\/\/www.instagram.com\/mumuzinho\" target=\"_blank\" rel=\"noopener noreferrer\" data-saferedirecturl=\"https:\/\/www.google.com\/url?q=https:\/\/www.instagram.com\/mumuzinho&amp;source=gmail&amp;ust=1777300643318000&amp;usg=AOvVaw3DSv3JM30iniNnYfv_uB-J\">https:\/\/www.instagram.com\/<wbr \/>mumuzinho<\/a><\/p>\n<p><strong>X &#8211;<\/strong>\u00a0\u00a0<a href=\"https:\/\/x.com\/mumuzinho\" target=\"_blank\" rel=\"noopener noreferrer\" data-saferedirecturl=\"https:\/\/www.google.com\/url?q=https:\/\/x.com\/mumuzinho&amp;source=gmail&amp;ust=1777300643318000&amp;usg=AOvVaw0Z333xmBxy244jqVx65dtz\">https:\/\/x.com\/mumuzinhoc<\/a><\/p>\n<p><strong>TikTok &#8211;<\/strong>\u00a0<a href=\"https:\/\/www.tiktok.com\/@mumuzinho\" target=\"_blank\" rel=\"noopener noreferrer\" data-saferedirecturl=\"https:\/\/www.google.com\/url?q=https:\/\/www.tiktok.com\/@mumuzinho&amp;source=gmail&amp;ust=1777300643318000&amp;usg=AOvVaw3NpgrOaHlf2WVLtEjA4qQl\">https:\/\/www.tiktok.com\/@<wbr \/>mumuzinho<\/a><\/p>\n<p><strong>YouTube &#8211;<\/strong>\u00a0<a href=\"https:\/\/www.youtube.com\/c\/mumuzinho\" target=\"_blank\" rel=\"noopener noreferrer\" data-saferedirecturl=\"https:\/\/www.google.com\/url?q=https:\/\/www.youtube.com\/c\/mumuzinho&amp;source=gmail&amp;ust=1777300643318000&amp;usg=AOvVaw2hHMbMUxVeP3DdaGM2oUxY\">https:\/\/www.youtube.com\/c\/<wbr \/>mumuzinho<\/a><\/p>\n<p><strong>Facebook<\/strong>\u00a0<strong>&#8211;<\/strong>\u00a0<a href=\"https:\/\/www.facebook.com\/CantorMumuzinho%20\" target=\"_blank\" rel=\"noopener noreferrer\" data-saferedirecturl=\"https:\/\/www.google.com\/url?q=https:\/\/www.facebook.com\/CantorMumuzinho%2520&amp;source=gmail&amp;ust=1777300643318000&amp;usg=AOvVaw1aiwxbWswgUp4jzYiB5gni\">https:\/\/www.facebook.com\/<wbr \/>CantorMumuzinho<\/a><\/p>\n<p><strong>Spotify<\/strong>\u00a0<strong>&#8211;<\/strong>\u00a0<a href=\"https:\/\/open.spotify.com\/intl-pt\/artist\/34dfPo3Zi55yM6oV46q4y7\" target=\"_blank\" rel=\"noopener noreferrer\" data-saferedirecturl=\"https:\/\/www.google.com\/url?q=https:\/\/open.spotify.com\/intl-pt\/artist\/34dfPo3Zi55yM6oV46q4y7&amp;source=gmail&amp;ust=1777300643318000&amp;usg=AOvVaw1nAXwEztG8RqJtVhMrcGgy\">https:\/\/open.spotify.com\/intl-<wbr \/>pt\/artist\/<wbr \/>34dfPo3Zi55yM6oV46q4y7<\/a><\/p>\n<p><strong>Mumuzinho \u2013 Informa\u00e7\u00f5es para a imprensa:<\/strong><\/p>\n<p><strong>Comunica\u00e7\u00e3o Vivaz\u00a0<\/strong>&#8211; Lu Bastos &#8211; (21) 99802-6248 &#8211;\u00a0\u00a0<a href=\"mailto:lubastos@comunicacaovivaz.com\" target=\"_blank\" rel=\"noopener noreferrer\">lubastos@comunicacaovivaz.com<\/a><\/p>\n<p><strong>Susana Ribeiro<\/strong>\u00a0&#8211; (21) 99323-5893 &#8211;\u00a0<a href=\"mailto:susana.ribeiro@ciranda.inf.br\" target=\"_blank\" rel=\"noopener noreferrer\">susana.ribeiro@ciranda.inf.br<\/a><\/p>\n<p><strong>Atendimento TV:<\/strong>\u00a0Luiz Lino &#8211; (11) 99902-9886 &#8211;\u00a0<u><a href=\"mailto:lino@linopress.com.br\" target=\"_blank\" rel=\"noopener noreferrer\">lino@linopress.com.br<\/a><\/u><\/p>\n<\/div>\n","protected":false},"excerpt":{"rendered":"<p>Cr\u00e9dito da foto: Brunini. Em mais de cinco horas de show, Mumuzinho fez a festa do p\u00fablico com as participa\u00e7\u00f5es de Sorriso Maroto, Xanddy Harmonia, Tierry e convidados A &#8221; Resenha do Mumu \u2013 Turn\u00ea 10 Anos&#8221;, edi\u00e7\u00e3o hist\u00f3rica que celebra uma d\u00e9cada de um dos projetos mais amados do samba e do pagode no [&hellip;]<\/p>\n","protected":false},"author":28,"featured_media":47882,"comment_status":"closed","ping_status":"closed","sticky":false,"template":"","format":"standard","meta":{"jetpack_post_was_ever_published":false,"_jetpack_newsletter_access":"","_jetpack_dont_email_post_to_subs":false,"_jetpack_newsletter_tier_id":0,"_jetpack_memberships_contains_paywalled_content":false,"_jetpack_memberships_contains_paid_content":false,"footnotes":"","jetpack_publicize_message":"","jetpack_publicize_feature_enabled":true,"jetpack_social_post_already_shared":true,"jetpack_social_options":{"image_generator_settings":{"template":"highway","enabled":false},"version":2}},"categories":[1,19,14,34,18],"tags":[],"class_list":["post-47881","post","type-post","status-publish","format-standard","has-post-thumbnail","hentry","category-culturaliza","category-destaque","category-dicas","category-diversao","category-musica"],"jetpack_publicize_connections":[],"jetpack_featured_media_url":"https:\/\/culturalizabh.com.br\/wp-content\/uploads\/2026\/04\/Screenshot_20260427-083954_Fotos.png","jetpack_sharing_enabled":true,"jetpack_shortlink":"https:\/\/wp.me\/p864jz-csh","_links":{"self":[{"href":"https:\/\/culturalizabh.com.br\/index.php\/wp-json\/wp\/v2\/posts\/47881","targetHints":{"allow":["GET"]}}],"collection":[{"href":"https:\/\/culturalizabh.com.br\/index.php\/wp-json\/wp\/v2\/posts"}],"about":[{"href":"https:\/\/culturalizabh.com.br\/index.php\/wp-json\/wp\/v2\/types\/post"}],"author":[{"embeddable":true,"href":"https:\/\/culturalizabh.com.br\/index.php\/wp-json\/wp\/v2\/users\/28"}],"replies":[{"embeddable":true,"href":"https:\/\/culturalizabh.com.br\/index.php\/wp-json\/wp\/v2\/comments?post=47881"}],"version-history":[{"count":3,"href":"https:\/\/culturalizabh.com.br\/index.php\/wp-json\/wp\/v2\/posts\/47881\/revisions"}],"predecessor-version":[{"id":47885,"href":"https:\/\/culturalizabh.com.br\/index.php\/wp-json\/wp\/v2\/posts\/47881\/revisions\/47885"}],"wp:featuredmedia":[{"embeddable":true,"href":"https:\/\/culturalizabh.com.br\/index.php\/wp-json\/wp\/v2\/media\/47882"}],"wp:attachment":[{"href":"https:\/\/culturalizabh.com.br\/index.php\/wp-json\/wp\/v2\/media?parent=47881"}],"wp:term":[{"taxonomy":"category","embeddable":true,"href":"https:\/\/culturalizabh.com.br\/index.php\/wp-json\/wp\/v2\/categories?post=47881"},{"taxonomy":"post_tag","embeddable":true,"href":"https:\/\/culturalizabh.com.br\/index.php\/wp-json\/wp\/v2\/tags?post=47881"}],"curies":[{"name":"wp","href":"https:\/\/api.w.org\/{rel}","templated":true}]}}