{"id":47877,"date":"2026-04-28T09:08:12","date_gmt":"2026-04-28T12:08:12","guid":{"rendered":"https:\/\/culturalizabh.com.br\/?p=47877"},"modified":"2026-04-26T08:16:57","modified_gmt":"2026-04-26T11:16:57","slug":"grupo-maria-cutia-celebra-20-anos-em-belo-horizonte-com-apresentacoes-no-parque-municipal","status":"publish","type":"post","link":"https:\/\/culturalizabh.com.br\/index.php\/2026\/04\/28\/grupo-maria-cutia-celebra-20-anos-em-belo-horizonte-com-apresentacoes-no-parque-municipal\/","title":{"rendered":"Grupo Maria Cutia celebra 20 anos em Belo Horizonte,  com apresenta\u00e7\u00f5es no Parque Municipal"},"content":{"rendered":"<p dir=\"ltr\" style=\"text-align: left;\">A partir de\u00a0sexta, dia 1\u00ba de maio, o\u00a0<strong>Grupo Maria Cutia de Teatro<\/strong>\u00a0&#8211; que j\u00e1 circulou em diversas regi\u00f5es do Brasil, Am\u00e9rica Latina, Europa, chegando at\u00e9 a \u00c1frica &#8211; abre as comemora\u00e7\u00f5es de duas d\u00e9cadas de trajet\u00f3ria, em casa, com apresenta\u00e7\u00f5es gratuitas dos espet\u00e1culos \u201cMundos\u201d, na sexta-feira (1\/04), \u201cAquarela\u201d, no s\u00e1bado (1\/05) e \u201cNa Roda, no domingo (3\/05), no Parque Municipal\u00a0Am\u00e9rico Renn\u00e9 Giannetti\u00a0(Pra\u00e7a dos Patins), em Belo Horizonte.<\/p>\n<p dir=\"ltr\">\n<p dir=\"ltr\" style=\"text-align: left;\">\u201cT\u00e3o bom celebrar no cora\u00e7\u00e3o da cidade, em cen\u00e1rio t\u00e3o singular pra gente. Foi no Parque Municipal em que apresentamos os primeiros espet\u00e1culos do Maria Cutia. Voltar a fazer teatro l\u00e1 \u00e9 sempre muito especial pra gente\u201d, comenta a atriz, palha\u00e7a e co-fundadora do Grupo Maria Cutia, Mariana Arruda.<\/p>\n<p dir=\"ltr\">\n<p dir=\"ltr\" style=\"text-align: left;\">Este projeto foi viabilizado com o patroc\u00ednio da Cemig, por meio da Lei Estadual de Incentivo \u00e0 Cultura de Minas Gerais, e realiza\u00e7\u00e3o do Governo de Minas Gerais.<\/p>\n<p dir=\"ltr\">\n<p dir=\"ltr\" style=\"text-align: left;\">Em\u00a0\u201cMundos\u201d, que abre a celebra\u00e7\u00e3o em BH, na sexta, 1\/05, o p\u00fablico participa de uma viagem musical pelo mapa mundi, guiada por can\u00e7\u00f5es da inf\u00e2ncia dos cinco continentes. Acompanhados por banda ao vivo, os atores cantam e brincam com m\u00fasicas populares de 7 pa\u00edses, numa atmosfera de sonho e poesia. A dire\u00e7\u00e3o \u00e9 de Eug\u00eanio Tadeu.<\/p>\n<p dir=\"ltr\">\n<p dir=\"ltr\" style=\"text-align: left;\">Tamb\u00e9m com orienta\u00e7\u00e3o art\u00edstica de Eug\u00eanio Tadeu, no show c\u00eanico \u201cAquarela\u201d, que ser\u00e1 apresentado no s\u00e1bado, no dia 2\/05, o Grupo Maria Cutia mistura teatro, m\u00fasica e artes pl\u00e1sticas. A cada apresenta\u00e7\u00e3o o cen\u00e1rio e figurinos s\u00e3o literalmente pintados pelos atores em cena, colorindo uma grande aquarela ao vivo.<\/p>\n<p dir=\"ltr\">\n<p dir=\"ltr\" style=\"text-align: left;\">E pra encerrar a programa\u00e7\u00e3o, no domingo, 3\/05, tem\u00a0\u201cNa Roda\u201d, um espet\u00e1culo brincante com repert\u00f3rio de can\u00e7\u00f5es colhidas no Vale do Jequitinhonha e no norte de Minas. Em cena, diversas hist\u00f3rias s\u00e3o contadas e cantadas ao vivo, ora por palha\u00e7os e m\u00e1scaras expressivas, ora por atores brincantes. Ao final, o p\u00fablico entra na roda e brinca tamb\u00e9m.<\/p>\n<p dir=\"ltr\">\n<p dir=\"ltr\">\n<figure id=\"attachment_47879\" aria-describedby=\"caption-attachment-47879\" style=\"width: 300px\" class=\"wp-caption aligncenter\"><img loading=\"lazy\" decoding=\"async\" class=\"size-medium wp-image-47879\" src=\"https:\/\/culturalizabh.com.br\/wp-content\/uploads\/2026\/04\/AQUARELA_Creditos_Tati-Motta-3-300x200.jpg\" alt=\"\" width=\"300\" height=\"200\" srcset=\"https:\/\/culturalizabh.com.br\/wp-content\/uploads\/2026\/04\/AQUARELA_Creditos_Tati-Motta-3-300x200.jpg 300w, https:\/\/culturalizabh.com.br\/wp-content\/uploads\/2026\/04\/AQUARELA_Creditos_Tati-Motta-3-1024x683.jpg 1024w, https:\/\/culturalizabh.com.br\/wp-content\/uploads\/2026\/04\/AQUARELA_Creditos_Tati-Motta-3-768x512.jpg 768w, https:\/\/culturalizabh.com.br\/wp-content\/uploads\/2026\/04\/AQUARELA_Creditos_Tati-Motta-3-1536x1024.jpg 1536w, https:\/\/culturalizabh.com.br\/wp-content\/uploads\/2026\/04\/AQUARELA_Creditos_Tati-Motta-3-2048x1365.jpg 2048w\" sizes=\"auto, (max-width: 300px) 100vw, 300px\" \/><figcaption id=\"caption-attachment-47879\" class=\"wp-caption-text\">AQUARELA &#8211; Cr\u00e9ditos: Tati Motta<\/figcaption><\/figure>\n<p dir=\"ltr\">\n<p dir=\"ltr\">\n<p dir=\"ltr\" style=\"text-align: left;\">Companhia de teatro que nasceu em Belo Horizonte, em 2006, e desde ent\u00e3o apresenta seus espet\u00e1culos em pra\u00e7as, parques, ruas e palcos de Minas Gerais, do Brasil e do mundo. Nos \u00faltimos anos, aventurou-se em produ\u00e7\u00f5es criadas para palcos e tamb\u00e9m adaptou suas obras de rua para teatros fechados.\u00a0Como frentes de pesquisa art\u00edstica, o grupo trabalha com o di\u00e1logo entre m\u00fasica e teatro, numa investiga\u00e7\u00e3o autoral que \u00e9 denominada m\u00fasica-em-cena. Em todos os seus espet\u00e1culos, a trilha \u00e9 executada ao vivo pelos atores, em uma pesquisa que alia dramaturgia \u00e0 can\u00e7\u00e3o.\u00a0\u00a0O Grupo Maria Cutia busca espalhar teatro por pra\u00e7as e palcos, capitais e sert\u00f5es, movido pela cumplicidade com o p\u00fablico e por uma po\u00e9tica popular, l\u00fadica e musical. Tem como principais matrizes de investiga\u00e7\u00e3o c\u00eanica o conceito da m\u00fasica-em-cena e da linguagem da palha\u00e7aria para o teatro.<\/p>\n<p dir=\"ltr\">\n<p dir=\"ltr\" style=\"text-align: left;\">Criado em 2006, em Belo Horizonte, o Grupo Maria Cutia j\u00e1 se apresentou em 6 pa\u00edses, 244 estados nacionais totalizando mais de 230 cidades, para um p\u00fablico de mais de 700 mil espectadores em seus 20 anos de hist\u00f3ria.<\/p>\n<p dir=\"ltr\">\n<p dir=\"ltr\" style=\"text-align: left;\"><strong>Mais informa\u00e7\u00f5es:<\/strong><\/p>\n<p dir=\"ltr\" style=\"text-align: left;\"><strong>Maria Cutia celebra 20 anos no Parque Municipal<\/strong><\/p>\n<p dir=\"ltr\" style=\"text-align: left;\">Espet\u00e1culo Mundos \u2013 1\u00ba de maio, \u00e0s 16h<br \/>\nEspet\u00e1culo Aquarela &#8211; 2 de maio, \u00e0s 16h (sess\u00e3o com int\u00e9rprete de libras)<br \/>\nEspet\u00e1culo Na Roda &#8211; 3 de maio, \u00e0s 16h (sess\u00e3o com int\u00e9rprete de libras)<br \/>\nParque Municipal Am\u00e9rico Renn\u00e9 Giannetti (Pra\u00e7a dos Patins)<br \/>\nEndere\u00e7o: Av. Afonso Pena, 1377 \u2013 Centro<\/p>\n<p dir=\"ltr\" style=\"text-align: left;\">Acesso Gratuito<\/p>\n","protected":false},"excerpt":{"rendered":"<p>A partir de\u00a0sexta, dia 1\u00ba de maio, o\u00a0Grupo Maria Cutia de Teatro\u00a0&#8211; que j\u00e1 circulou em diversas regi\u00f5es do Brasil, Am\u00e9rica Latina, Europa, chegando at\u00e9 a \u00c1frica &#8211; abre as comemora\u00e7\u00f5es de duas d\u00e9cadas de trajet\u00f3ria, em casa, com apresenta\u00e7\u00f5es gratuitas dos espet\u00e1culos \u201cMundos\u201d, na sexta-feira (1\/04), \u201cAquarela\u201d, no s\u00e1bado (1\/05) e \u201cNa Roda, no [&hellip;]<\/p>\n","protected":false},"author":22,"featured_media":47878,"comment_status":"closed","ping_status":"closed","sticky":false,"template":"","format":"standard","meta":{"jetpack_post_was_ever_published":false,"_jetpack_newsletter_access":"","_jetpack_dont_email_post_to_subs":false,"_jetpack_newsletter_tier_id":0,"_jetpack_memberships_contains_paywalled_content":false,"_jetpack_memberships_contains_paid_content":false,"footnotes":"","jetpack_publicize_message":"","jetpack_publicize_feature_enabled":true,"jetpack_social_post_already_shared":true,"jetpack_social_options":{"image_generator_settings":{"template":"highway","enabled":false},"version":2}},"categories":[9902,1,19,34,3537,3],"tags":[50,425,14482,645,36],"class_list":["post-47877","post","type-post","status-publish","format-standard","has-post-thumbnail","hentry","category-belo-horizonte","category-culturaliza","category-destaque","category-diversao","category-gratuito-ou-a-baixo-custo","category-teatro","tag-cultura","tag-culturalizabh","tag-grupo-maria-cutia-de-teatro","tag-parque-municipal","tag-teatro"],"jetpack_publicize_connections":[],"jetpack_featured_media_url":"https:\/\/culturalizabh.com.br\/wp-content\/uploads\/2026\/04\/NA-RODA_Creditos_Tati-Motta-2-scaled.jpg","jetpack_sharing_enabled":true,"jetpack_shortlink":"https:\/\/wp.me\/p864jz-csd","_links":{"self":[{"href":"https:\/\/culturalizabh.com.br\/index.php\/wp-json\/wp\/v2\/posts\/47877","targetHints":{"allow":["GET"]}}],"collection":[{"href":"https:\/\/culturalizabh.com.br\/index.php\/wp-json\/wp\/v2\/posts"}],"about":[{"href":"https:\/\/culturalizabh.com.br\/index.php\/wp-json\/wp\/v2\/types\/post"}],"author":[{"embeddable":true,"href":"https:\/\/culturalizabh.com.br\/index.php\/wp-json\/wp\/v2\/users\/22"}],"replies":[{"embeddable":true,"href":"https:\/\/culturalizabh.com.br\/index.php\/wp-json\/wp\/v2\/comments?post=47877"}],"version-history":[{"count":1,"href":"https:\/\/culturalizabh.com.br\/index.php\/wp-json\/wp\/v2\/posts\/47877\/revisions"}],"predecessor-version":[{"id":47880,"href":"https:\/\/culturalizabh.com.br\/index.php\/wp-json\/wp\/v2\/posts\/47877\/revisions\/47880"}],"wp:featuredmedia":[{"embeddable":true,"href":"https:\/\/culturalizabh.com.br\/index.php\/wp-json\/wp\/v2\/media\/47878"}],"wp:attachment":[{"href":"https:\/\/culturalizabh.com.br\/index.php\/wp-json\/wp\/v2\/media?parent=47877"}],"wp:term":[{"taxonomy":"category","embeddable":true,"href":"https:\/\/culturalizabh.com.br\/index.php\/wp-json\/wp\/v2\/categories?post=47877"},{"taxonomy":"post_tag","embeddable":true,"href":"https:\/\/culturalizabh.com.br\/index.php\/wp-json\/wp\/v2\/tags?post=47877"}],"curies":[{"name":"wp","href":"https:\/\/api.w.org\/{rel}","templated":true}]}}