{"id":47872,"date":"2026-04-27T15:00:19","date_gmt":"2026-04-27T18:00:19","guid":{"rendered":"https:\/\/culturalizabh.com.br\/?p=47872"},"modified":"2026-04-26T08:07:32","modified_gmt":"2026-04-26T11:07:32","slug":"festival-santa-seresta-grupos-de-serestas-se-apresentam-no-santa-tereza-em-bh","status":"publish","type":"post","link":"https:\/\/culturalizabh.com.br\/index.php\/2026\/04\/27\/festival-santa-seresta-grupos-de-serestas-se-apresentam-no-santa-tereza-em-bh\/","title":{"rendered":"Festival Santa Seresta &#8211; grupos de serestas se apresentam no Santa Tereza em BH"},"content":{"rendered":"<p style=\"text-align: left;\"><span style=\"color: #000000;\">O bairro <strong>Santa Tereza<\/strong>, em Belo Horizonte, recebe a primeira edi\u00e7\u00e3o do <strong>Festival Santa Seresta<\/strong> nos dias 1\u00ba e 2 de maio, sexta e s\u00e1bado, reunindo artistas para\u00a0<\/span>recriar a atmosfera das serenatas, promovendo\u00a0o encontro entre\u00a0a tradi\u00e7\u00e3o e a mem\u00f3ria afetiva. O evento conta com apresenta\u00e7\u00f5es de\u00a0<strong>Ivone Lopes &amp; Grupo\u00a0\u00a0Roda Viva<\/strong>, <strong>Grupo Jorge e o Samba<\/strong>, <strong>Luiz Ant\u00f4nio e Banda<\/strong>,\u00a0<strong>Acir Ant\u00e3o &amp; Clube do Choro<\/strong>. Acir tamb\u00e9m \u00e9 o\u00a0mestre de cerim\u00f4nias. As apresenta\u00e7\u00f5es gratuitas acontecem\u00a0das\u00a0janelas do casar\u00e3o hist\u00f3rico Sobrado (Rua M\u00e1rmore, 450) que fica na Pra\u00e7a Duque de Caxias.<\/p>\n<p>&nbsp;<\/p>\n<p style=\"text-align: left;\"><span style=\"color: #000000;\">O projeto Festival Santa Seresta \u00e9 realizado pela Santa Cultura Produ\u00e7\u00f5es, aprovado na Lei Municipal de Incentivo \u00e0 Cultura de Belo Horizonte (n\u00ba 1944\/2023), com patroc\u00ednio da MGS. Conta com o a<\/span>poio cultural do\u00a0 Teresa Caf\u00e9\u00a0e Sobrado.<\/p>\n<p>&nbsp;<\/p>\n<p style=\"text-align: left;\"><span style=\"color: #000000;\">O\u00a0<\/span><strong>Festival Santa Seresta<\/strong>\u00a0<span style=\"color: #000000;\">nasce com a proposta de resgatar a tradi\u00e7\u00e3o da seresta na capital mineira, criando um ambiente de conviv\u00eancia e valoriza\u00e7\u00e3o da cultura popular. A estrutura inclui sonoriza\u00e7\u00e3o e ilumina\u00e7\u00e3o c\u00eanica, al\u00e9m de cadeiras dispostas na pra\u00e7a para acolher o p\u00fablico. Al\u00e9m de valorizar artistas da cena seresteira da capital e a tradi\u00e7\u00e3o musical, o festival tamb\u00e9m aposta na ocupa\u00e7\u00e3o do espa\u00e7o p\u00fablico, com fechamento da rua e estrutura voltada para o conforto e a seguran\u00e7a. \u201cA seresta faz parte da mem\u00f3ria afetiva de Belo Horizonte, especialmente do Santa Tereza. A ideia do festival \u00e9 devolver essa experi\u00eancia ao p\u00fablico, com m\u00fasica, afeto e pertencimento. Queremos que o Santa Seresta se torne uma tradi\u00e7\u00e3o no calend\u00e1rio cultural da cidade, fortalecendo os v\u00ednculos da comunidade com suas ra\u00edzes e promovendo encontros entre gera\u00e7\u00f5es por meio da m\u00fasica\u201d, afirma a idealizadora Perla Horta.<\/span><\/p>\n<p>&nbsp;<\/p>\n<p style=\"text-align: left;\"><span style=\"color: #000000;\">Abrindo a programa\u00e7\u00e3o musical na sexta-feira (1\u00ba), \u00e0s 19h, o p\u00fablico ser\u00e1 conduzido por uma viagem musical com o Grupo Jorge e o Samba, em um show que re\u00fane cl\u00e1ssicos da seresta e do samba-can\u00e7\u00e3o, como As Rosas N\u00e3o Falam, Carinhoso e Est\u00e3o Voltando as Flores, al\u00e9m de sambas emblem\u00e1ticos como Trem das Onze, Saudosa Maloca e Foi um Rio que Passou em Minha Vida, celebrando diferentes fases da m\u00fasica brasileira.<\/span><\/p>\n<p>&nbsp;<\/p>\n<p style=\"text-align: left;\"><span style=\"color: #000000;\">Ainda na sexta-feira (1\u00ba), \u00e0s 20h30, o Ivone Lopes &amp; Grupo Roda Viva se apresenta fazendo um passeio musical no universo do choro e do samba com repert\u00f3rio que revisita cl\u00e1ssicos de compositores como Pixinguinha, Noel Rosa e Cartola. Criado em 2011, o grupo se dedica \u00e0 pesquisa e difus\u00e3o da m\u00fasica brasileira, transitando por ritmos como maxixe, polca e valsa, em apresenta\u00e7\u00f5es que combinam virtuosismo instrumental e interpreta\u00e7\u00e3o.<\/span><\/p>\n<p>&nbsp;<\/p>\n<p>&nbsp;<\/p>\n<figure id=\"attachment_47874\" aria-describedby=\"caption-attachment-47874\" style=\"width: 300px\" class=\"wp-caption aligncenter\"><img loading=\"lazy\" decoding=\"async\" class=\"size-medium wp-image-47874\" src=\"https:\/\/culturalizabh.com.br\/wp-content\/uploads\/2026\/04\/Luiz-antonio-e-banda-acervo-pessoal--300x225.jpeg\" alt=\"\" width=\"300\" height=\"225\" srcset=\"https:\/\/culturalizabh.com.br\/wp-content\/uploads\/2026\/04\/Luiz-antonio-e-banda-acervo-pessoal--300x225.jpeg 300w, https:\/\/culturalizabh.com.br\/wp-content\/uploads\/2026\/04\/Luiz-antonio-e-banda-acervo-pessoal--1024x768.jpeg 1024w, https:\/\/culturalizabh.com.br\/wp-content\/uploads\/2026\/04\/Luiz-antonio-e-banda-acervo-pessoal--768x576.jpeg 768w, https:\/\/culturalizabh.com.br\/wp-content\/uploads\/2026\/04\/Luiz-antonio-e-banda-acervo-pessoal--1536x1152.jpeg 1536w, https:\/\/culturalizabh.com.br\/wp-content\/uploads\/2026\/04\/Luiz-antonio-e-banda-acervo-pessoal-.jpeg 1600w\" sizes=\"auto, (max-width: 300px) 100vw, 300px\" \/><figcaption id=\"caption-attachment-47874\" class=\"wp-caption-text\">Luiz Ant\u00f4nio e banda &#8211; acervo pessoal<\/figcaption><\/figure>\n<p>&nbsp;<\/p>\n<p>&nbsp;<\/p>\n<p style=\"text-align: left;\"><span style=\"color: #000000;\">No s\u00e1bado (2), \u00e0s 18h30, Luiz Ant\u00f4nio e Banda sobem ao palco trazendo a tradi\u00e7\u00e3o da seresta mineira constru\u00edda ao longo de mais de 20 anos de atua\u00e7\u00e3o, com passagens por mais de 200 cidades por meio do projeto Minas ao Luar, do Sesc. Com forma\u00e7\u00e3o dedicada ao choro e \u00e0 m\u00fasica popular brasileira, o grupo mant\u00e9m viva a pr\u00e1tica das serestas e dos encontros musicais que marcam a cultura afetiva da cidade.<\/span><\/p>\n<p>&nbsp;<\/p>\n<p style=\"text-align: left;\"><span style=\"color: #000000;\">Encerrando a programa\u00e7\u00e3o musical, no s\u00e1bado (2), \u00e0s 21h15, Acir Ant\u00e3o &amp; Clube do Choro sobem ao palco. Respons\u00e1vel tamb\u00e9m pela condu\u00e7\u00e3o do evento como mestre de cerim\u00f4nias, Acir Ant\u00e3o \u00e9 jornalista e radialista com mais de cinco d\u00e9cadas de atua\u00e7\u00e3o e trajet\u00f3ria hist\u00f3rica na R\u00e1dio Itatiaia, onde participou da cria\u00e7\u00e3o do Jornal da Itatiaia, refer\u00eancia no radiojornalismo mineiro.<\/span><\/p>\n<p>&nbsp;<\/p>\n<p style=\"text-align: left;\"><b><span style=\"color: #000000;\">SERVI\u00c7O &#8211; FESTIVAL SANTA SERESTA<\/span><\/b><\/p>\n<p style=\"text-align: left;\"><span style=\"color: #000000;\">Dias: 1 e 2 de maio, sexta e s\u00e1bado\u00a0<\/span><\/p>\n<p style=\"text-align: left;\"><span style=\"color: #000000;\">Pra\u00e7a Duque de Caxias &#8211; Rua M\u00e1rmore, 450 (em frente ao Sobrado)<\/span><\/p>\n<p style=\"text-align: left;\"><span style=\"color: #000000;\">Entrada gratuita\u00a0<\/span><\/p>\n<p style=\"text-align: left;\"><span style=\"color: #000000;\">Mestre de Cerim\u00f4nias: Acir Ant\u00e3o<\/span><\/p>\n<p>&nbsp;<\/p>\n<p>&nbsp;<\/p>\n<p style=\"text-align: left;\"><b><span style=\"color: #000000;\">Dia 01\/05 \u2013 Sexta-feira<\/span><\/b><\/p>\n<p style=\"text-align: left;\"><span style=\"color: #000000;\">18h30 &#8211; Interven\u00e7\u00f5es do Mestre de Cerim\u00f4nias Acir Ant\u00e3o\u00a0<\/span><\/p>\n<p style=\"text-align: left;\"><span style=\"color: #000000;\">19h &#8211; Grupo Jorge e o Samba<\/span><\/p>\n<p style=\"text-align: left;\"><span style=\"color: #000000;\">20h30 &#8211; Ivone Lopes &amp; Roda Viva\u00a0<\/span><\/p>\n<p>&nbsp;<\/p>\n<p>&nbsp;<\/p>\n<p style=\"text-align: left;\"><b><span style=\"color: #000000;\">Dia 02\/05 \u2013 S\u00e1bado<\/span><\/b><\/p>\n<p style=\"text-align: left;\"><span style=\"color: #000000;\">18h &#8211; Interven\u00e7\u00f5es do Mestre de Cerim\u00f4nias Acir Ant\u00e3o\u00a0<\/span><\/p>\n<p style=\"text-align: left;\"><span style=\"color: #000000;\">18h30\u00a0\u00a0&#8211; Luiz Ant\u00f4nio e Banda<\/span><\/p>\n<p style=\"text-align: left;\"><span style=\"color: #000000;\">21h &#8211; Acir Ant\u00e3o e Clube do Choro<\/span><\/p>\n","protected":false},"excerpt":{"rendered":"<p>O bairro Santa Tereza, em Belo Horizonte, recebe a primeira edi\u00e7\u00e3o do Festival Santa Seresta nos dias 1\u00ba e 2 de maio, sexta e s\u00e1bado, reunindo artistas para\u00a0recriar a atmosfera das serenatas, promovendo\u00a0o encontro entre\u00a0a tradi\u00e7\u00e3o e a mem\u00f3ria afetiva. O evento conta com apresenta\u00e7\u00f5es de\u00a0Ivone Lopes &amp; Grupo\u00a0\u00a0Roda Viva, Grupo Jorge e o Samba, [&hellip;]<\/p>\n","protected":false},"author":22,"featured_media":47873,"comment_status":"closed","ping_status":"closed","sticky":true,"template":"","format":"standard","meta":{"jetpack_post_was_ever_published":false,"_jetpack_newsletter_access":"","_jetpack_dont_email_post_to_subs":false,"_jetpack_newsletter_tier_id":0,"_jetpack_memberships_contains_paywalled_content":false,"_jetpack_memberships_contains_paid_content":false,"footnotes":"","jetpack_publicize_message":"","jetpack_publicize_feature_enabled":true,"jetpack_social_post_already_shared":true,"jetpack_social_options":{"image_generator_settings":{"template":"highway","enabled":false},"version":2}},"categories":[9902,1,19,34,3537,18],"tags":[14481,39,50,425,14394],"class_list":["post-47872","post","type-post","status-publish","format-standard","has-post-thumbnail","hentry","category-belo-horizonte","category-culturaliza","category-destaque","category-diversao","category-gratuito-ou-a-baixo-custo","category-musica","tag-bairro-santa-tereza","tag-bh","tag-cultura","tag-culturalizabh","tag-seresta"],"jetpack_publicize_connections":[],"jetpack_featured_media_url":"https:\/\/culturalizabh.com.br\/wp-content\/uploads\/2026\/04\/Ivone-Lopes-e-Seresta-Roda-Viva-Nicacio-Fotos.jpeg","jetpack_sharing_enabled":true,"jetpack_shortlink":"https:\/\/wp.me\/p864jz-cs8","_links":{"self":[{"href":"https:\/\/culturalizabh.com.br\/index.php\/wp-json\/wp\/v2\/posts\/47872","targetHints":{"allow":["GET"]}}],"collection":[{"href":"https:\/\/culturalizabh.com.br\/index.php\/wp-json\/wp\/v2\/posts"}],"about":[{"href":"https:\/\/culturalizabh.com.br\/index.php\/wp-json\/wp\/v2\/types\/post"}],"author":[{"embeddable":true,"href":"https:\/\/culturalizabh.com.br\/index.php\/wp-json\/wp\/v2\/users\/22"}],"replies":[{"embeddable":true,"href":"https:\/\/culturalizabh.com.br\/index.php\/wp-json\/wp\/v2\/comments?post=47872"}],"version-history":[{"count":1,"href":"https:\/\/culturalizabh.com.br\/index.php\/wp-json\/wp\/v2\/posts\/47872\/revisions"}],"predecessor-version":[{"id":47875,"href":"https:\/\/culturalizabh.com.br\/index.php\/wp-json\/wp\/v2\/posts\/47872\/revisions\/47875"}],"wp:featuredmedia":[{"embeddable":true,"href":"https:\/\/culturalizabh.com.br\/index.php\/wp-json\/wp\/v2\/media\/47873"}],"wp:attachment":[{"href":"https:\/\/culturalizabh.com.br\/index.php\/wp-json\/wp\/v2\/media?parent=47872"}],"wp:term":[{"taxonomy":"category","embeddable":true,"href":"https:\/\/culturalizabh.com.br\/index.php\/wp-json\/wp\/v2\/categories?post=47872"},{"taxonomy":"post_tag","embeddable":true,"href":"https:\/\/culturalizabh.com.br\/index.php\/wp-json\/wp\/v2\/tags?post=47872"}],"curies":[{"name":"wp","href":"https:\/\/api.w.org\/{rel}","templated":true}]}}