{"id":47868,"date":"2026-04-26T09:00:24","date_gmt":"2026-04-26T12:00:24","guid":{"rendered":"https:\/\/culturalizabh.com.br\/?p=47868"},"modified":"2026-04-26T07:58:53","modified_gmt":"2026-04-26T10:58:53","slug":"o-grupo-corpo-realiza-mais-uma-edicao-do-projeto-no-teatro-com-o-grupo-corpo-voltado-para-criancas-e-adolescentes-de-escolas-de-bh","status":"publish","type":"post","link":"https:\/\/culturalizabh.com.br\/index.php\/2026\/04\/26\/o-grupo-corpo-realiza-mais-uma-edicao-do-projeto-no-teatro-com-o-grupo-corpo-voltado-para-criancas-e-adolescentes-de-escolas-de-bh\/","title":{"rendered":"O Grupo Corpo realiza mais uma edi\u00e7\u00e3o do projeto No Teatro com o Grupo Corpo, voltado para crian\u00e7as e adolescentes de escolas de BH"},"content":{"rendered":"<p style=\"text-align: left;\">O\u00a0<strong>Grupo Corpo<\/strong> realiza mais uma edi\u00e7\u00e3o do projeto <strong>No Teatro com o Grupo Corpo<\/strong>, voltado para crian\u00e7as e adolescentes de escolas de Belo Horizonte. A iniciativa prop\u00f5e uma aproxima\u00e7\u00e3o direta com a dan\u00e7a, ampliando a experi\u00eancia para al\u00e9m da apresenta\u00e7\u00e3o no palco.<\/p>\n<p>&nbsp;<\/p>\n<p style=\"text-align: left;\">As sess\u00f5es acontecem nos dias 28 e 29 de abril, \u00e0s 15h, no Teatro do <strong>Centro Cultural Unimed-BH<\/strong> Minas, com o espet\u00e1culo <em>Piracema<\/em>. Ap\u00f3s a apresenta\u00e7\u00e3o, o p\u00fablico \u00e9 convidado a participar de uma conversa com os artistas e conhecer mais sobre o processo de cria\u00e7\u00e3o e o cotidiano da companhia.<\/p>\n<p>&nbsp;<\/p>\n<p style=\"text-align: left;\">Inspirado no fen\u00f4meno natural em que peixes nadam contra a correnteza para chegar \u00e0s nascentes dos rios, <em>Piracema<\/em> aborda ideias de deslocamento, resist\u00eancia e transforma\u00e7\u00e3o. No palco, m\u00fasica, movimento, cen\u00e1rio e figurino constroem uma experi\u00eancia em constante mudan\u00e7a.<\/p>\n<p>&nbsp;<\/p>\n<p>&nbsp;<\/p>\n<p style=\"text-align: left;\"><img loading=\"lazy\" decoding=\"async\" class=\"size-medium wp-image-47870 aligncenter\" src=\"https:\/\/culturalizabh.com.br\/wp-content\/uploads\/2026\/04\/maxresdefault-300x169.jpg\" alt=\"\" width=\"300\" height=\"169\" srcset=\"https:\/\/culturalizabh.com.br\/wp-content\/uploads\/2026\/04\/maxresdefault-300x169.jpg 300w, https:\/\/culturalizabh.com.br\/wp-content\/uploads\/2026\/04\/maxresdefault-1024x576.jpg 1024w, https:\/\/culturalizabh.com.br\/wp-content\/uploads\/2026\/04\/maxresdefault-768x432.jpg 768w, https:\/\/culturalizabh.com.br\/wp-content\/uploads\/2026\/04\/maxresdefault.jpg 1280w\" sizes=\"auto, (max-width: 300px) 100vw, 300px\" \/><\/p>\n<p style=\"text-align: left;\">\n<p>&nbsp;<\/p>\n<p style=\"text-align: left;\">O projeto nasce do desejo de tornar a arte e a cultura mais pr\u00f3ximas de jovens que t\u00eam pouco ou nenhum acesso a um espet\u00e1culo de dan\u00e7a, al\u00e9m de compartilhar a hist\u00f3ria da companhia e o dia a dia dos bailarinos. A proposta \u00e9 mostrar que a experi\u00eancia ao vivo continua relevante, mesmo diante das m\u00faltiplas formas de entretenimento contempor\u00e2neo.<\/p>\n<p>&nbsp;<\/p>\n<p style=\"text-align: left;\"><span style=\"font-size: 11.0pt;\">Belo Horizonte, cidade onde o Grupo Corpo foi criado, recebe esta edi\u00e7\u00e3o voltada para escolas. O valor do ingresso \u00e9 meia-entrada para todos, e as institui\u00e7\u00f5es participantes contam com cotas de cortesia para bolsistas e educadores.<\/span><\/p>\n<p>&nbsp;<\/p>\n<p style=\"text-align: left;\">Esta iniciativa tamb\u00e9m busca ampliar e renovar o p\u00fablico da dan\u00e7a, criando oportunidades de contato para quem ainda n\u00e3o teve acesso a esse tipo de experi\u00eancia. Ao longo dos anos, a companhia investe em a\u00e7\u00f5es que aproximam diferentes p\u00fablicos, como temporadas populares e apresenta\u00e7\u00f5es gratuitas.\u00a0O encontro com os estudantes revela um interesse crescente e um olhar atento sobre a cria\u00e7\u00e3o art\u00edstica. As conversas ap\u00f3s o espet\u00e1culo se tornam um espa\u00e7o de troca, onde surgem perguntas sobre o processo de cria\u00e7\u00e3o, os desafios da companhia e sua trajet\u00f3ria.<\/p>\n<p>&nbsp;<\/p>\n<p style=\"text-align: left;\">Escolas interessadas em participar podem entrar em contato pelo <strong>e-mail: <a href=\"mailto:grupocorpo@grupocorpo.com.br\">grupocorpo@grupocorpo.com.br<\/a><\/strong><\/p>\n","protected":false},"excerpt":{"rendered":"<p>O\u00a0Grupo Corpo realiza mais uma edi\u00e7\u00e3o do projeto No Teatro com o Grupo Corpo, voltado para crian\u00e7as e adolescentes de escolas de Belo Horizonte. A iniciativa prop\u00f5e uma aproxima\u00e7\u00e3o direta com a dan\u00e7a, ampliando a experi\u00eancia para al\u00e9m da apresenta\u00e7\u00e3o no palco. &nbsp; As sess\u00f5es acontecem nos dias 28 e 29 de abril, \u00e0s 15h, [&hellip;]<\/p>\n","protected":false},"author":22,"featured_media":47869,"comment_status":"closed","ping_status":"closed","sticky":false,"template":"","format":"standard","meta":{"jetpack_post_was_ever_published":false,"_jetpack_newsletter_access":"","_jetpack_dont_email_post_to_subs":false,"_jetpack_newsletter_tier_id":0,"_jetpack_memberships_contains_paywalled_content":false,"_jetpack_memberships_contains_paid_content":false,"footnotes":"","jetpack_publicize_message":"","jetpack_publicize_feature_enabled":true,"jetpack_social_post_already_shared":true,"jetpack_social_options":{"image_generator_settings":{"template":"highway","enabled":false},"version":2}},"categories":[9902,1,7451,19,34,3537,7650],"tags":[12294,50,425,299,3525],"class_list":["post-47868","post","type-post","status-publish","format-standard","has-post-thumbnail","hentry","category-belo-horizonte","category-culturaliza","category-danca","category-destaque","category-diversao","category-gratuito-ou-a-baixo-custo","category-oficinas","tag-centro-cultural-unimed-bh","tag-cultura","tag-culturalizabh","tag-danca","tag-grupo-corpo"],"jetpack_publicize_connections":[],"jetpack_featured_media_url":"https:\/\/culturalizabh.com.br\/wp-content\/uploads\/2026\/04\/images.jpg","jetpack_sharing_enabled":true,"jetpack_shortlink":"https:\/\/wp.me\/p864jz-cs4","_links":{"self":[{"href":"https:\/\/culturalizabh.com.br\/index.php\/wp-json\/wp\/v2\/posts\/47868","targetHints":{"allow":["GET"]}}],"collection":[{"href":"https:\/\/culturalizabh.com.br\/index.php\/wp-json\/wp\/v2\/posts"}],"about":[{"href":"https:\/\/culturalizabh.com.br\/index.php\/wp-json\/wp\/v2\/types\/post"}],"author":[{"embeddable":true,"href":"https:\/\/culturalizabh.com.br\/index.php\/wp-json\/wp\/v2\/users\/22"}],"replies":[{"embeddable":true,"href":"https:\/\/culturalizabh.com.br\/index.php\/wp-json\/wp\/v2\/comments?post=47868"}],"version-history":[{"count":1,"href":"https:\/\/culturalizabh.com.br\/index.php\/wp-json\/wp\/v2\/posts\/47868\/revisions"}],"predecessor-version":[{"id":47871,"href":"https:\/\/culturalizabh.com.br\/index.php\/wp-json\/wp\/v2\/posts\/47868\/revisions\/47871"}],"wp:featuredmedia":[{"embeddable":true,"href":"https:\/\/culturalizabh.com.br\/index.php\/wp-json\/wp\/v2\/media\/47869"}],"wp:attachment":[{"href":"https:\/\/culturalizabh.com.br\/index.php\/wp-json\/wp\/v2\/media?parent=47868"}],"wp:term":[{"taxonomy":"category","embeddable":true,"href":"https:\/\/culturalizabh.com.br\/index.php\/wp-json\/wp\/v2\/categories?post=47868"},{"taxonomy":"post_tag","embeddable":true,"href":"https:\/\/culturalizabh.com.br\/index.php\/wp-json\/wp\/v2\/tags?post=47868"}],"curies":[{"name":"wp","href":"https:\/\/api.w.org\/{rel}","templated":true}]}}