{"id":47864,"date":"2026-04-27T09:34:25","date_gmt":"2026-04-27T12:34:25","guid":{"rendered":"https:\/\/culturalizabh.com.br\/?p=47864"},"modified":"2026-04-26T07:45:24","modified_gmt":"2026-04-26T10:45:24","slug":"jam-de-danca-ocupa-praca-da-estacao-no-dia-internacional-da-danca","status":"publish","type":"post","link":"https:\/\/culturalizabh.com.br\/index.php\/2026\/04\/27\/jam-de-danca-ocupa-praca-da-estacao-no-dia-internacional-da-danca\/","title":{"rendered":"Jam de dan\u00e7a ocupa Pra\u00e7a da Esta\u00e7\u00e3o no Dia Internacional da Dan\u00e7a"},"content":{"rendered":"<p dir=\"ltr\" style=\"text-align: left;\">Celebrado em 29 de abril, o <strong>Dia Internacional da Dan\u00e7a<\/strong> ser\u00e1 marcado, em Belo Horizonte, por uma <strong>Jam de Improvisa\u00e7\u00e3o em Dan\u00e7a<\/strong> promovida pela plataforma <strong>Que se Dance<\/strong>. A atividade acontece na quarta-feira, dia 29, das 19h30 \u00e0s 20h30, na <strong>Pra\u00e7a da Esta\u00e7\u00e3o<\/strong>, propondo um encontro aberto ao p\u00fablico, com ou sem experi\u00eancia, para experimenta\u00e7\u00e3o coletiva por meio do movimento, no qual os participantes s\u00e3o convidados a\u00a0 integrar a jam de forma livre. A escolha da Pra\u00e7a da Esta\u00e7\u00e3o \u00e9 uma forma de ocupar um espa\u00e7o p\u00fablico acess\u00edvel e com o potencial de promover encontros entre diferentes pessoas por meio da dan\u00e7a.<\/p>\n<p dir=\"ltr\">\n<p dir=\"ltr\" style=\"text-align: left;\">A a\u00e7\u00e3o integra o conjunto de atividades do Que se Dance, iniciativa voltada \u00e0 forma\u00e7\u00e3o, experimenta\u00e7\u00e3o e difus\u00e3o da dan\u00e7a como linguagem art\u00edstica, que realiza uma programa\u00e7\u00e3o gratuita entre os dias 26 de mar\u00e7o e 16 de junho em diferentes regi\u00f5es da cidade. Ao longo desse per\u00edodo, o projeto promove oficinas, rodas de conversa, resid\u00eancia art\u00edstica em videodan\u00e7a e exibi\u00e7\u00e3o p\u00fablica dos trabalhos desenvolvidos.<\/p>\n<p dir=\"ltr\">\n<p dir=\"ltr\">\n<figure id=\"attachment_47866\" aria-describedby=\"caption-attachment-47866\" style=\"width: 300px\" class=\"wp-caption aligncenter\"><img loading=\"lazy\" decoding=\"async\" class=\"size-medium wp-image-47866\" src=\"https:\/\/culturalizabh.com.br\/wp-content\/uploads\/2026\/04\/Que-Se-Dance-FotoVitoria-Lages-300x200.jpg\" alt=\"\" width=\"300\" height=\"200\" srcset=\"https:\/\/culturalizabh.com.br\/wp-content\/uploads\/2026\/04\/Que-Se-Dance-FotoVitoria-Lages-300x200.jpg 300w, https:\/\/culturalizabh.com.br\/wp-content\/uploads\/2026\/04\/Que-Se-Dance-FotoVitoria-Lages-1024x683.jpg 1024w, https:\/\/culturalizabh.com.br\/wp-content\/uploads\/2026\/04\/Que-Se-Dance-FotoVitoria-Lages-768x512.jpg 768w, https:\/\/culturalizabh.com.br\/wp-content\/uploads\/2026\/04\/Que-Se-Dance-FotoVitoria-Lages.jpg 1500w\" sizes=\"auto, (max-width: 300px) 100vw, 300px\" \/><figcaption id=\"caption-attachment-47866\" class=\"wp-caption-text\">Que Se Dance &#8211; Foto: Vit\u00f3ria Lages<\/figcaption><\/figure>\n<p dir=\"ltr\">\n<p dir=\"ltr\">\n<p dir=\"ltr\" style=\"text-align: left;\">De acordo com o idealizador Ygor Gohan, a iniciativa dialoga diretamente com o significado da data. \u201cO Dia Internacional da Dan\u00e7a refor\u00e7a a import\u00e2ncia de ampliar o acesso a essa linguagem e de reconhecer sua pot\u00eancia como forma de express\u00e3o e encontro. A jam \u00e9 uma forma de celebrar essa data de maneira aberta, convidando as pessoas a vivenciarem a dan\u00e7a na pr\u00e1tica. E o projeto busca justamente incentivar essa aproxima\u00e7\u00e3o, criando oportunidades para que diferentes p\u00fablicos se conectem com a dan\u00e7a\u201d, afirma.<\/p>\n<p dir=\"ltr\">\n<p dir=\"ltr\" style=\"text-align: left;\">A jam segue o formato tradicional desse tipo de encontro, caracterizado por uma din\u00e2mica horizontal e sem condu\u00e7\u00e3o fixa, em que cada participante define como iniciar, desenvolver e finalizar sua movimenta\u00e7\u00e3o. A proposta \u00e9 incentivar a liberdade de express\u00e3o, o respeito \u00e0 diversidade de corpos e o encontro entre diferentes trajet\u00f3rias e repert\u00f3rios, tendo a improvisa\u00e7\u00e3o como eixo central da experi\u00eancia.<\/p>\n<p dir=\"ltr\">\n<p dir=\"ltr\" style=\"text-align: left;\">Contemplando diferentes linguagens e abordagens, a programa\u00e7\u00e3o do Que se Dance inclui oficinas de dan\u00e7a cl\u00e1ssica, moderna, afro-brasileira, dan\u00e7as urbanas, vogue, funk e pr\u00e1ticas som\u00e1ticas, al\u00e9m de atividades voltadas \u00e0 inf\u00e2ncia, pessoas com defici\u00eancia e p\u00fablicos acima de 50 anos. As a\u00e7\u00f5es s\u00e3o realizadas em equipamentos culturais p\u00fablicos distribu\u00eddos por diversas regionais da capital, ampliando o acesso \u00e0 forma\u00e7\u00e3o e promovendo a circula\u00e7\u00e3o de saberes entre artistas, estudantes e interessados.<\/p>\n<p dir=\"ltr\">\n<p dir=\"ltr\" style=\"text-align: left;\">As oficinas t\u00eam inscri\u00e7\u00f5es gratuitas, realizadas por meio de formul\u00e1rio online dispon\u00edvel na bio do perfil do projeto no Instagram <strong>@quesedance_<\/strong>, enquanto as rodas de conversa s\u00e3o abertas ao p\u00fablico e n\u00e3o exigem inscri\u00e7\u00e3o pr\u00e9via. O projeto tamb\u00e9m disponibiliza recursos de acessibilidade, como int\u00e9rpretes de Libras e audiodescri\u00e7\u00e3o, mediante solicita\u00e7\u00e3o no momento da inscri\u00e7\u00e3o.<\/p>\n<p dir=\"ltr\">\n<p dir=\"ltr\" style=\"text-align: left;\"><strong>Mais informa\u00e7\u00f5es:<\/strong><\/p>\n<p dir=\"ltr\" style=\"text-align: left;\"><strong>Jam de Improvisa\u00e7\u00e3o em Dan\u00e7a \u2013 Que se Dance<\/strong><br \/>\n<strong>Quando:<\/strong> 29 de abril de 2026 (quarta-feira)<br \/>\n<strong>Hora:<\/strong> 19h30 \u00e0s 20h30<br \/>\n<strong>Onde:<\/strong> Pra\u00e7a da Esta\u00e7\u00e3o (em frente ao Museu de Artes e Of\u00edcios), Belo Horizonte<br \/>\n<strong>Quanto:<\/strong> Participa\u00e7\u00e3o gratuita e aberta ao p\u00fablico, com ou sem experi\u00eancia em dan\u00e7a<\/p>\n","protected":false},"excerpt":{"rendered":"<p>Celebrado em 29 de abril, o Dia Internacional da Dan\u00e7a ser\u00e1 marcado, em Belo Horizonte, por uma Jam de Improvisa\u00e7\u00e3o em Dan\u00e7a promovida pela plataforma Que se Dance. A atividade acontece na quarta-feira, dia 29, das 19h30 \u00e0s 20h30, na Pra\u00e7a da Esta\u00e7\u00e3o, propondo um encontro aberto ao p\u00fablico, com ou sem experi\u00eancia, para experimenta\u00e7\u00e3o [&hellip;]<\/p>\n","protected":false},"author":22,"featured_media":47865,"comment_status":"closed","ping_status":"closed","sticky":false,"template":"","format":"standard","meta":{"jetpack_post_was_ever_published":false,"_jetpack_newsletter_access":"","_jetpack_dont_email_post_to_subs":false,"_jetpack_newsletter_tier_id":0,"_jetpack_memberships_contains_paywalled_content":false,"_jetpack_memberships_contains_paid_content":false,"footnotes":"","jetpack_publicize_message":"","jetpack_publicize_feature_enabled":true,"jetpack_social_post_already_shared":true,"jetpack_social_options":{"image_generator_settings":{"template":"highway","enabled":false},"version":2}},"categories":[1,7451,34,3537,7650],"tags":[39,50,425,299,14480],"class_list":["post-47864","post","type-post","status-publish","format-standard","has-post-thumbnail","hentry","category-culturaliza","category-danca","category-diversao","category-gratuito-ou-a-baixo-custo","category-oficinas","tag-bh","tag-cultura","tag-culturalizabh","tag-danca","tag-que-se-dance"],"jetpack_publicize_connections":[],"jetpack_featured_media_url":"https:\/\/culturalizabh.com.br\/wp-content\/uploads\/2026\/04\/Que-Se-Dance-Foto-Vitoria-Lages.jpg","jetpack_sharing_enabled":true,"jetpack_shortlink":"https:\/\/wp.me\/p864jz-cs0","_links":{"self":[{"href":"https:\/\/culturalizabh.com.br\/index.php\/wp-json\/wp\/v2\/posts\/47864","targetHints":{"allow":["GET"]}}],"collection":[{"href":"https:\/\/culturalizabh.com.br\/index.php\/wp-json\/wp\/v2\/posts"}],"about":[{"href":"https:\/\/culturalizabh.com.br\/index.php\/wp-json\/wp\/v2\/types\/post"}],"author":[{"embeddable":true,"href":"https:\/\/culturalizabh.com.br\/index.php\/wp-json\/wp\/v2\/users\/22"}],"replies":[{"embeddable":true,"href":"https:\/\/culturalizabh.com.br\/index.php\/wp-json\/wp\/v2\/comments?post=47864"}],"version-history":[{"count":1,"href":"https:\/\/culturalizabh.com.br\/index.php\/wp-json\/wp\/v2\/posts\/47864\/revisions"}],"predecessor-version":[{"id":47867,"href":"https:\/\/culturalizabh.com.br\/index.php\/wp-json\/wp\/v2\/posts\/47864\/revisions\/47867"}],"wp:featuredmedia":[{"embeddable":true,"href":"https:\/\/culturalizabh.com.br\/index.php\/wp-json\/wp\/v2\/media\/47865"}],"wp:attachment":[{"href":"https:\/\/culturalizabh.com.br\/index.php\/wp-json\/wp\/v2\/media?parent=47864"}],"wp:term":[{"taxonomy":"category","embeddable":true,"href":"https:\/\/culturalizabh.com.br\/index.php\/wp-json\/wp\/v2\/categories?post=47864"},{"taxonomy":"post_tag","embeddable":true,"href":"https:\/\/culturalizabh.com.br\/index.php\/wp-json\/wp\/v2\/tags?post=47864"}],"curies":[{"name":"wp","href":"https:\/\/api.w.org\/{rel}","templated":true}]}}