{"id":47420,"date":"2026-03-10T16:57:17","date_gmt":"2026-03-10T19:57:17","guid":{"rendered":"https:\/\/culturalizabh.com.br\/?p=47420"},"modified":"2026-03-10T16:57:17","modified_gmt":"2026-03-10T19:57:17","slug":"principal-promessa-do-rock-portugues-maquina-estreia-em-bh-no-dia-13-de-marco","status":"publish","type":"post","link":"https:\/\/culturalizabh.com.br\/index.php\/2026\/03\/10\/principal-promessa-do-rock-portugues-maquina-estreia-em-bh-no-dia-13-de-marco\/","title":{"rendered":"Principal promessa do rock portugu\u00eas, M\u00e1quina estreia em BH no dia 13 de mar\u00e7o"},"content":{"rendered":"<p>Show \u00e9 parte do aquecimento do Corrente, simp\u00f3sio de jornalismo musical, que em abril realiza sua segunda edi\u00e7\u00e3o.<\/p>\n<div>\n<p dir=\"ltr\">Elogiada por sua performance ao vivo, o trio portugu\u00eas M\u00e1quina \u00e9 hoje um dos nomes em ascens\u00e3o na m\u00fasica portuguesa. Em sua primeira turn\u00ea no Brasil, a banda se apresenta em Belo Horizonte no dia 13 de mar\u00e7o, sexta-feira, em evento de aquecimento do Corrente, o primeiro simp\u00f3sio de jornalismo musical do Brasil. O show ser\u00e1 realizado no Est\u00fadio Central e \u00e9 promovido pela quente, produtora cultural de renome na cena alternativa brasileira, em parceria com a Associa\u00e7\u00e3o Reverbera, entidade focada na interse\u00e7\u00e3o entre cultura e educa\u00e7\u00e3o.<\/p>\n<p dir=\"ltr\">Com mais de 140 shows pela Europa nos \u00faltimos dois anos, a M\u00e1quina recentemente participou de programa da famosa r\u00e1dio KEXP, obtendo mais de 100 mil visualiza\u00e7\u00f5es em poucos dias. Com uma agenda agitada, nos pr\u00f3ximos meses circular\u00e3o por festivais e eventos em pa\u00edses como Espanha, Holanda, Su\u00ed\u00e7a, Fran\u00e7a e Inglaterra. Sua m\u00fasica \u00e9 influenciada por techno industrial e krautrock, tendo fortes elementos de rock alternativo e eletr\u00f4nica dan\u00e7ante.<\/p>\n<p dir=\"ltr\">O Corrente ter\u00e1 sua segunda edi\u00e7\u00e3o entre os dias 9 e 11 de abril deste ano, com apresenta\u00e7\u00f5es de pesquisas, debates e shows por diferentes locais de BH. \u201cO jornalismo cultural como um todo vive uma crise de relev\u00e2ncia h\u00e1 anos. \u00c9 preciso se reinventar constantemente e \u00e9 isso que temos visto, em um cen\u00e1rio marcado por influencers e algoritmos ditando os rumos da produ\u00e7\u00e3o e do acesso \u00e0 informa\u00e7\u00e3o\u201d, conta Marcelo Santiago, idealizador e curador do Corrente. O evento reunir\u00e1 um grupo de importantes jornalistas e pesquisadores da \u00e1rea para debaterem, apresentarem suas pesquisas e terem contato direto com a vida cultural de BH, se aproximando de artistas e espa\u00e7os que promovem a m\u00fasica na cidade. \u201cTer uma banda como o M\u00e1quina na programa\u00e7\u00e3o \u00e9 uma forma de buscar entender como est\u00e1 o cen\u00e1rio do jornalismo musical em Portugal, tanto para artistas de l\u00e1 como para os brasileiros que querem se inserir no mercado portugu\u00eas&#8221;, completa Santiago.<\/p>\n<p dir=\"ltr\">Servi\u00e7o:<\/p>\n<p dir=\"ltr\">M\u00e1quina (Portugal) na festa de aquecimento do Corrente<\/p>\n<p dir=\"ltr\">Data: 13 de mar\u00e7o, sexta-feira, a partir das 18h<\/p>\n<p dir=\"ltr\">Local: Est\u00fadio Central (Rua Pouso Alto, 252 &#8211; bloco B &#8211; Serra, BH)<\/p>\n<p dir=\"ltr\">Ingressos a partir de R$ 30 em shotgun.live\/pt-br\/venues\/quente<\/p>\n<p dir=\"ltr\">Classifica\u00e7\u00e3o: 18 anos<\/p>\n<p dir=\"ltr\">\n<p><span style=\"color: #888888\"><br \/>\n<\/span><\/div>\n<p><span style=\"color: #888888\"><span class=\"gmail_signature_prefix\">&#8212;<\/span><\/span><\/p>\n","protected":false},"excerpt":{"rendered":"<p>Show \u00e9 parte do aquecimento do Corrente, simp\u00f3sio de jornalismo musical, que em abril realiza sua segunda edi\u00e7\u00e3o. Elogiada por sua performance ao vivo, o trio portugu\u00eas M\u00e1quina \u00e9 hoje um dos nomes em ascens\u00e3o na m\u00fasica portuguesa. Em sua primeira turn\u00ea no Brasil, a banda se apresenta em Belo Horizonte no dia 13 de [&hellip;]<\/p>\n","protected":false},"author":48,"featured_media":47421,"comment_status":"closed","ping_status":"closed","sticky":false,"template":"","format":"standard","meta":{"jetpack_post_was_ever_published":false,"_jetpack_newsletter_access":"","_jetpack_dont_email_post_to_subs":false,"_jetpack_newsletter_tier_id":0,"_jetpack_memberships_contains_paywalled_content":false,"_jetpack_memberships_contains_paid_content":false,"footnotes":"","jetpack_publicize_message":"","jetpack_publicize_feature_enabled":true,"jetpack_social_post_already_shared":true,"jetpack_social_options":{"image_generator_settings":{"template":"highway","enabled":false},"version":2}},"categories":[9902,1,14,34,18,6],"tags":[],"class_list":["post-47420","post","type-post","status-publish","format-standard","has-post-thumbnail","hentry","category-belo-horizonte","category-culturaliza","category-dicas","category-diversao","category-musica","category-shows"],"jetpack_publicize_connections":[],"jetpack_featured_media_url":"https:\/\/culturalizabh.com.br\/wp-content\/uploads\/2026\/03\/Maquina-alta-por-@chris_isu_m.jpg","jetpack_sharing_enabled":true,"jetpack_shortlink":"https:\/\/wp.me\/p864jz-ckQ","_links":{"self":[{"href":"https:\/\/culturalizabh.com.br\/index.php\/wp-json\/wp\/v2\/posts\/47420","targetHints":{"allow":["GET"]}}],"collection":[{"href":"https:\/\/culturalizabh.com.br\/index.php\/wp-json\/wp\/v2\/posts"}],"about":[{"href":"https:\/\/culturalizabh.com.br\/index.php\/wp-json\/wp\/v2\/types\/post"}],"author":[{"embeddable":true,"href":"https:\/\/culturalizabh.com.br\/index.php\/wp-json\/wp\/v2\/users\/48"}],"replies":[{"embeddable":true,"href":"https:\/\/culturalizabh.com.br\/index.php\/wp-json\/wp\/v2\/comments?post=47420"}],"version-history":[{"count":1,"href":"https:\/\/culturalizabh.com.br\/index.php\/wp-json\/wp\/v2\/posts\/47420\/revisions"}],"predecessor-version":[{"id":47422,"href":"https:\/\/culturalizabh.com.br\/index.php\/wp-json\/wp\/v2\/posts\/47420\/revisions\/47422"}],"wp:featuredmedia":[{"embeddable":true,"href":"https:\/\/culturalizabh.com.br\/index.php\/wp-json\/wp\/v2\/media\/47421"}],"wp:attachment":[{"href":"https:\/\/culturalizabh.com.br\/index.php\/wp-json\/wp\/v2\/media?parent=47420"}],"wp:term":[{"taxonomy":"category","embeddable":true,"href":"https:\/\/culturalizabh.com.br\/index.php\/wp-json\/wp\/v2\/categories?post=47420"},{"taxonomy":"post_tag","embeddable":true,"href":"https:\/\/culturalizabh.com.br\/index.php\/wp-json\/wp\/v2\/tags?post=47420"}],"curies":[{"name":"wp","href":"https:\/\/api.w.org\/{rel}","templated":true}]}}