{"id":47410,"date":"2026-03-10T09:07:54","date_gmt":"2026-03-10T12:07:54","guid":{"rendered":"https:\/\/culturalizabh.com.br\/?p=47410"},"modified":"2026-03-10T09:07:54","modified_gmt":"2026-03-10T12:07:54","slug":"festival-woodstock-beaga-celebra-25-anos-da-scarceus-e-leva-o-espirito-do-rock-a-praca-jk","status":"publish","type":"post","link":"https:\/\/culturalizabh.com.br\/index.php\/2026\/03\/10\/festival-woodstock-beaga-celebra-25-anos-da-scarceus-e-leva-o-espirito-do-rock-a-praca-jk\/","title":{"rendered":"Festival Woodstock Beag\u00e1 celebra 25 anos da Scarc\u00e9us e leva o esp\u00edrito do rock \u00e1 Pra\u00e7a JK"},"content":{"rendered":"<p dir=\"ltr\" style=\"text-align: left;\">Belo Horizonte entra definitivamente no clima da <strong>paz<\/strong>, <strong>amor<\/strong> e <strong>rock\u2019n\u2019roll<\/strong>. Isso porque no pr\u00f3ximo s\u00e1bado, dia 14 de mar\u00e7o, das 14h \u00e0s 22h, a Pra\u00e7a JK, no Sion, receber\u00e1 o <strong>Festival Woodstock Beag\u00e1<\/strong>, evento que homenageia um dos momentos mais emblem\u00e1ticos da hist\u00f3ria da m\u00fasica mundial: o lend\u00e1rio Woodstock. Os ingressos podem ser retirados gratuitamente\u00a0 atrav\u00e9s do <a href=\"http:\/\/www.woodstockbh.com.br\/\" target=\"_blank\" rel=\"noopener\" data-saferedirecturl=\"https:\/\/www.google.com\/url?q=http:\/\/www.woodstockbh.com.br\/&amp;source=gmail&amp;ust=1773229678255000&amp;usg=AOvVaw1pyCPbOOOgp9Lye4sbeb_S\">site.\u00a0<\/a><\/p>\n<p dir=\"ltr\">\n<p dir=\"ltr\" style=\"text-align: left;\">Realizado originalmente em agosto de 1969, em Bethel, Nova York, o festival reuniu cerca de 400 mil pessoas em tr\u00eas dias que marcaram gera\u00e7\u00f5es e transformaram a cultura pop. Mais do que um evento musical, Woodstock se tornou s\u00edmbolo da contracultura, da liberdade e da for\u00e7a da m\u00fasica como instrumento de uni\u00e3o.\u00a0Inspirado nesse esp\u00edrito, o <strong>Woodstock Beag\u00e1<\/strong> traz ao palco quatro grandes atra\u00e7\u00f5es do cen\u00e1rio do rock mineiro para recriar a atmosfera do festival hist\u00f3rico.<\/p>\n<p dir=\"ltr\">\n<p dir=\"ltr\">\n<figure id=\"attachment_47411\" aria-describedby=\"caption-attachment-47411\" style=\"width: 300px\" class=\"wp-caption aligncenter\"><img loading=\"lazy\" decoding=\"async\" class=\"size-medium wp-image-47411\" src=\"https:\/\/culturalizabh.com.br\/wp-content\/uploads\/2026\/03\/image-300x300.png\" alt=\"\" width=\"300\" height=\"300\" srcset=\"https:\/\/culturalizabh.com.br\/wp-content\/uploads\/2026\/03\/image-300x300.png 300w, https:\/\/culturalizabh.com.br\/wp-content\/uploads\/2026\/03\/image-1021x1024.png 1021w, https:\/\/culturalizabh.com.br\/wp-content\/uploads\/2026\/03\/image-150x150.png 150w, https:\/\/culturalizabh.com.br\/wp-content\/uploads\/2026\/03\/image-768x770.png 768w, https:\/\/culturalizabh.com.br\/wp-content\/uploads\/2026\/03\/image-1531x1536.png 1531w, https:\/\/culturalizabh.com.br\/wp-content\/uploads\/2026\/03\/image.png 1595w\" sizes=\"auto, (max-width: 300px) 100vw, 300px\" \/><figcaption id=\"caption-attachment-47411\" class=\"wp-caption-text\">Banda Scarc\u00e9us<\/figcaption><\/figure>\n<p dir=\"ltr\">\n<p dir=\"ltr\">\n<p dir=\"ltr\" style=\"text-align: left;\">Entre os destaques est\u00e1 a comemora\u00e7\u00e3o de\u00a025 anos da banda Scarc\u00e9us,\u00a0conhecida nacionalmente por integrar trilhas de novelas da TV Globo.\u00a0Tamb\u00e9m sobem ao palco a banda Jurassic Rock, formada por nomes consagrados da cena como Kadhu Capanema (Led III, Beatles in Concert), Glauco Mendes (Lagum) e Alexandre da Matta (Seu Madruga, The Black Dogs); a banda Seu Madruga; e um tributo especial ao Guns N&#8217; Roses com a reconhecida banda Locomotive.<\/p>\n<p dir=\"ltr\">\n<p dir=\"ltr\" style=\"text-align: left;\">Al\u00e9m da programa\u00e7\u00e3o musical, o evento contar\u00e1 com diversas atra\u00e7\u00f5es para o p\u00fablico: pra\u00e7a de alimenta\u00e7\u00e3o, cerveja gelada, espa\u00e7o com fliperamas, mesas de sinuca, feira de vinis, quadros e camisas de rock, espa\u00e7o kids para as crian\u00e7as, al\u00e9m de flash tattoo. Um dos momentos mais aguardados ser\u00e1 o sorteio de uma guitarra autografada pelos m\u00fasicos participantes do festival.<\/p>\n<p dir=\"ltr\">\n<p dir=\"ltr\" style=\"text-align: left;\">Com lote de entrada gratuita (convites limitados), o Woodstock Beag\u00e1 prop\u00f5e uma celebra\u00e7\u00e3o ao legado do festival que marcou a hist\u00f3ria ao reunir artistas lend\u00e1rios como Jimi Hendrix, Janis Joplin, The Who e Grateful Dead, refor\u00e7ando a ideia de que a m\u00fasica continua sendo um poderoso elo entre gera\u00e7\u00f5es.<\/p>\n<p dir=\"ltr\">\n<p dir=\"ltr\">\n<p dir=\"ltr\" style=\"text-align: left;\"><strong>Mais informa\u00e7\u00f5es:<\/strong><\/p>\n<p dir=\"ltr\" style=\"text-align: left;\"><strong>Festival Woodstock Beag\u00e1<\/strong><br \/>\n<strong>Quando:<\/strong> 14 de mar\u00e7o (s\u00e1bado)<br \/>\n<strong>Hora:<\/strong> Das 14h \u00e0s 22h<br \/>\n<strong>Onde:<\/strong> Pra\u00e7a JK \u2013 Sion \u2013 Belo Horizonte<br \/>\n<strong>Quanto:<\/strong>\u00a0 Convites gratuitos (limitados)<br \/>\n<a href=\"http:\/\/www.woodstockbh.com.br\/\" target=\"_blank\" rel=\"noopener\" data-saferedirecturl=\"https:\/\/www.google.com\/url?q=http:\/\/www.woodstockbh.com.br\/&amp;source=gmail&amp;ust=1773229678255000&amp;usg=AOvVaw1pyCPbOOOgp9Lye4sbeb_S\">\u00a0www.woodstockbh.com.br<br \/>\n<\/a>\u00a0Instagram: @festivalwoodstockbh<\/p>\n","protected":false},"excerpt":{"rendered":"<p>Belo Horizonte entra definitivamente no clima da paz, amor e rock\u2019n\u2019roll. Isso porque no pr\u00f3ximo s\u00e1bado, dia 14 de mar\u00e7o, das 14h \u00e0s 22h, a Pra\u00e7a JK, no Sion, receber\u00e1 o Festival Woodstock Beag\u00e1, evento que homenageia um dos momentos mais emblem\u00e1ticos da hist\u00f3ria da m\u00fasica mundial: o lend\u00e1rio Woodstock. Os ingressos podem ser retirados [&hellip;]<\/p>\n","protected":false},"author":22,"featured_media":47411,"comment_status":"closed","ping_status":"closed","sticky":true,"template":"","format":"standard","meta":{"jetpack_post_was_ever_published":false,"_jetpack_newsletter_access":"","_jetpack_dont_email_post_to_subs":false,"_jetpack_newsletter_tier_id":0,"_jetpack_memberships_contains_paywalled_content":false,"_jetpack_memberships_contains_paid_content":false,"footnotes":"","jetpack_publicize_message":"","jetpack_publicize_feature_enabled":true,"jetpack_social_post_already_shared":true,"jetpack_social_options":{"image_generator_settings":{"template":"highway","enabled":false},"version":2}},"categories":[9902,34,3537,18],"tags":[39,425,9729,14427],"class_list":["post-47410","post","type-post","status-publish","format-standard","has-post-thumbnail","hentry","category-belo-horizonte","category-diversao","category-gratuito-ou-a-baixo-custo","category-musica","tag-bh","tag-culturalizabh","tag-rocknroll","tag-woodstock"],"jetpack_publicize_connections":[],"jetpack_featured_media_url":"https:\/\/culturalizabh.com.br\/wp-content\/uploads\/2026\/03\/image.png","jetpack_sharing_enabled":true,"jetpack_shortlink":"https:\/\/wp.me\/p864jz-ckG","_links":{"self":[{"href":"https:\/\/culturalizabh.com.br\/index.php\/wp-json\/wp\/v2\/posts\/47410","targetHints":{"allow":["GET"]}}],"collection":[{"href":"https:\/\/culturalizabh.com.br\/index.php\/wp-json\/wp\/v2\/posts"}],"about":[{"href":"https:\/\/culturalizabh.com.br\/index.php\/wp-json\/wp\/v2\/types\/post"}],"author":[{"embeddable":true,"href":"https:\/\/culturalizabh.com.br\/index.php\/wp-json\/wp\/v2\/users\/22"}],"replies":[{"embeddable":true,"href":"https:\/\/culturalizabh.com.br\/index.php\/wp-json\/wp\/v2\/comments?post=47410"}],"version-history":[{"count":1,"href":"https:\/\/culturalizabh.com.br\/index.php\/wp-json\/wp\/v2\/posts\/47410\/revisions"}],"predecessor-version":[{"id":47412,"href":"https:\/\/culturalizabh.com.br\/index.php\/wp-json\/wp\/v2\/posts\/47410\/revisions\/47412"}],"wp:featuredmedia":[{"embeddable":true,"href":"https:\/\/culturalizabh.com.br\/index.php\/wp-json\/wp\/v2\/media\/47411"}],"wp:attachment":[{"href":"https:\/\/culturalizabh.com.br\/index.php\/wp-json\/wp\/v2\/media?parent=47410"}],"wp:term":[{"taxonomy":"category","embeddable":true,"href":"https:\/\/culturalizabh.com.br\/index.php\/wp-json\/wp\/v2\/categories?post=47410"},{"taxonomy":"post_tag","embeddable":true,"href":"https:\/\/culturalizabh.com.br\/index.php\/wp-json\/wp\/v2\/tags?post=47410"}],"curies":[{"name":"wp","href":"https:\/\/api.w.org\/{rel}","templated":true}]}}