{"id":46463,"date":"2025-09-09T23:43:10","date_gmt":"2025-09-10T02:43:10","guid":{"rendered":"https:\/\/culturalizabh.com.br\/?p=46463"},"modified":"2025-09-09T23:43:10","modified_gmt":"2025-09-10T02:43:10","slug":"festival-brasil-sertanejo-anuncia-as-atracoes-que-agitarao-bh-em-dezembro","status":"publish","type":"post","link":"https:\/\/culturalizabh.com.br\/index.php\/2025\/09\/09\/festival-brasil-sertanejo-anuncia-as-atracoes-que-agitarao-bh-em-dezembro\/","title":{"rendered":"Festival Brasil Sertanejo anuncia as atra\u00e7\u00f5es que agitar\u00e3o BH em dezembro"},"content":{"rendered":"<p><strong>Natanzinho Lima &#8211; Divulga\u00e7\u00e3o.<\/strong><\/p>\n<p>&nbsp;<\/p>\n<p style=\"text-align: center;\"><strong><i>Evento ser\u00e1 realizado na Esplanada do Mineir\u00e3o com os shows de Natanzinho Lima, Lauana Prado, Murilo Huff, Panda, Zez\u00e9 Di Camargo e Bruna Lipiani<\/i><\/strong><\/p>\n<div>\n<p>\u00a0O Festival Brasil Sertanejo, um dos maiores eventos de m\u00fasica no pa\u00eds, est\u00e1 de volta e promete um dia memor\u00e1vel no pr\u00f3ximo dia 07 de dezembro, domingo, v\u00e9spera de feriado. Marcado para come\u00e7ar \u00e0s 14h, o evento ser\u00e1 realizado na Esplanada do Mineir\u00e3o, em Belo Horizonte, e contar\u00e1 com atra\u00e7\u00f5es de peso como Natanzinho Lima, Lauana Prado, Murilo Huff, Panda, Zez\u00e9 Di Camargo e Bruna Lipiani. As vendas ser\u00e3o iniciadas no dia 10 de setembro por meio do site\u00a0<a href=\"http:\/\/nenety.com.br\/\" target=\"_blank\" rel=\"noopener noreferrer\" data-saferedirecturl=\"https:\/\/www.google.com\/url?q=http:\/\/nenety.com.br&amp;source=gmail&amp;ust=1757532094787000&amp;usg=AOvVaw159xHAH_tsYdpw7_qRKpK6\">nenety.com.br<\/a>.<\/p>\n<p><img decoding=\"async\" src=\"https:\/\/ci3.googleusercontent.com\/meips\/ADKq_Na7oCfnx07EYxMYAKbm0LGTE7sxeZbySMFTmjFtvOw8I2DwlZzoQHCdJexRGagHrIfvrtoufSxNHbri408LM2CxVVPjcH2qTYCFG3Fy-zPXDWOSMQ8kp252UMHrHVY3ruXP_1r6IVzv02nD8jkQ8qYhcPl-cXXkI6fppaSKTR1y-MCphKbpWmPOY81K6bv7m9eTCEGbr4A-JhLR82QV=s0-d-e1-ft#https:\/\/files.pressmanager.net\/clientes\/67dd844a69e08263976a65f343f9b4e0\/imagens\/2025\/09\/09\/07b67ccbb8e5aab290f15d475e6dd137_medium.jpg\" alt=\"\" width=\"200\" align=\"right\" hspace=\"10\" vspace=\"10\" \/>&#8220;O Festival Brasil Sertanejo \u00e9 mais do que um simples show; \u00e9 uma celebra\u00e7\u00e3o da nossa cultura musical, que conecta milhares de pessoas apaixonadas pelo g\u00eanero. Desde 2015, trabalhamos com muito carinho para oferecer ao p\u00fablico uma experi\u00eancia \u00fanica, unindo grandes nomes da m\u00fasica, uma estrutura impec\u00e1vel e momentos inesquec\u00edveis. A edi\u00e7\u00e3o deste ano n\u00e3o ser\u00e1 diferente: estamos preparando um evento inesquec\u00edvel para o p\u00fablico\u201d, disse o empres\u00e1rio Cristiano Nenety, um dos produtores do festival.<\/p>\n<p><strong>Um evento consolidado<\/strong><\/p>\n<p>Desde a sua cria\u00e7\u00e3o, em 2015, o Festival Brasil Sertanejo se tornou refer\u00eancia no calend\u00e1rio art\u00edstico-cultural de Belo Horizonte, atraindo f\u00e3s de m\u00fasica sertaneja de todo o Brasil. Produzido pela Nenety Eventos, que neste ano realiza o evento em parceria com o empres\u00e1rio Jo\u00e3o Wellington e a Raro, o festival \u00e9 reconhecido por sua estrutura impec\u00e1vel e pelos encontros hist\u00f3ricos que proporciona entre grandes artistas do g\u00eanero.<\/p>\n<p>Passaram por seu palco nas edi\u00e7\u00f5es anteriores nomes como Chit\u00e3ozinho &amp; Xoror\u00f3, Gusttavo Lima, Henrique &amp; Juliano e Z\u00e9 Neto &amp; Cristiano, al\u00e9m da saudosa Mar\u00edlia Mendon\u00e7a. A edi\u00e7\u00e3o de 2025 promete manter o padr\u00e3o de excel\u00eancia, reunindo o p\u00fablico em uma celebra\u00e7\u00e3o inesquec\u00edvel da m\u00fasica sertaneja.<\/p>\n<p><strong><img decoding=\"async\" src=\"https:\/\/ci3.googleusercontent.com\/meips\/ADKq_Nbeae8ykkbx3DiY5qLtjJQTLMv78mxYcPOj_sTakIUuwb0wzGDjt1HpX3Lz21ZEw5N7kpYF6IzgXcSsgkbUwX1BUOVWY4xbTTYq6oLH0vN8nB2Mt9WP5zRfR27wiikD8dZSNdyjPOu-IO9BQNutUgrriR6yuoiAfg99HQl_VxJMUjUVoUOBKgSukP9HxZT_uG-W7nylDcMU_Dz0QeKI=s0-d-e1-ft#https:\/\/files.pressmanager.net\/clientes\/67dd844a69e08263976a65f343f9b4e0\/imagens\/2025\/08\/28\/d5d3e3503e98569e4b0d9a6192eae52e_medium.jpg\" alt=\"\" width=\"200\" align=\"right\" hspace=\"10\" vspace=\"10\" \/>Ingressos e setores<\/strong><\/p>\n<p>Os setores dispon\u00edveis oferecem op\u00e7\u00f5es variadas para atender a diferentes perfis de p\u00fablico. A Arena \u00e9 destinada ao p\u00fablico geral com vis\u00e3o privilegiada do palco. O camarote Frontstage open bar inclui vodka, gin, cerveja, \u00e1gua t\u00f4nica, suco, refrigerante e \u00e1gua. O camarote Black open bar oferece whisky, vodka, gin, cerveja, \u00e1gua t\u00f4nica, suco, refrigerante e \u00e1gua. J\u00e1 o camarote Raro inclui o mesmo servi\u00e7o de open bar e uma experi\u00eancia ainda mais exclusiva. H\u00e1 tamb\u00e9m a possibilidade de adquirir um lounge para 12 pessoas com open bar completo.<\/p>\n<p>Os ingressos contam com a op\u00e7\u00e3o de inteira social mediante a doa\u00e7\u00e3o de 1kg de alimento n\u00e3o perec\u00edvel, a ser entregue na entrada do evento. A classifica\u00e7\u00e3o et\u00e1ria varia de acordo com o setor: a entrada na Arena \u00e9 permitida para maiores de 14 anos, enquanto os camarotes e o Lounge s\u00e3o exclusivos para maiores de 18 anos.<\/p>\n<p><strong>Servi\u00e7o<\/strong><\/p>\n<p><strong>Festival Brasil Sertanejo 2025<\/strong><\/p>\n<p><strong>Data:<\/strong>\u00a007 de dezembro (domingo) \u2013 v\u00e9spera de feriado<\/p>\n<p><strong>Hor\u00e1rio:<\/strong>\u00a0A partir das 14h<\/p>\n<p><strong>Local:<\/strong>\u00a0Esplanada do Mineir\u00e3o &#8211;\u00a0<a href=\"https:\/\/www.google.com\/maps\/search\/Avenida+Ant+nio+Abrah+o+Caram,+1001,+Belo+Horizonte++MG?entry=gmail&amp;source=g\">Avenida Ant<\/a>\u00f4<a href=\"https:\/\/www.google.com\/maps\/search\/Avenida+Ant+nio+Abrah+o+Caram,+1001,+Belo+Horizonte++MG?entry=gmail&amp;source=g\">nio Abrah<\/a>\u00e3<a href=\"https:\/\/www.google.com\/maps\/search\/Avenida+Ant+nio+Abrah+o+Caram,+1001,+Belo+Horizonte++MG?entry=gmail&amp;source=g\">o Caram, 1001, Belo Horizonte\u00a0<\/a>\u2013\u00a0<a href=\"https:\/\/www.google.com\/maps\/search\/Avenida+Ant+nio+Abrah+o+Caram,+1001,+Belo+Horizonte++MG?entry=gmail&amp;source=g\">MG<\/a><\/p>\n<p><strong>Atra\u00e7\u00f5es:\u00a0<\/strong>Natanzinho Lima, Lauana Prado, Murilo Huff, Panda, Zez\u00e9 Di Camargo e Bruna Lipiani<\/p>\n<p><strong>Ingressos:<\/strong>\u00a0a partir de 10 de setembro por meio do site oficial da Nenety Eventos (<a href=\"http:\/\/www.nenety.com.br\/\" target=\"_blank\" rel=\"noopener noreferrer\" data-saferedirecturl=\"https:\/\/www.google.com\/url?q=http:\/\/www.nenety.com.br\/&amp;source=gmail&amp;ust=1757532094787000&amp;usg=AOvVaw17haMal8p7KEm-5aUkb048\">www.nenety.com.br<\/a>)<\/p>\n<p><strong>Realiza\u00e7\u00e3o:<\/strong>\u00a0Nenety Eventos, Jo\u00e3o Wellington e Raro<\/p>\n<\/div>\n","protected":false},"excerpt":{"rendered":"<p>Natanzinho Lima &#8211; Divulga\u00e7\u00e3o. &nbsp; Evento ser\u00e1 realizado na Esplanada do Mineir\u00e3o com os shows de Natanzinho Lima, Lauana Prado, Murilo Huff, Panda, Zez\u00e9 Di Camargo e Bruna Lipiani \u00a0O Festival Brasil Sertanejo, um dos maiores eventos de m\u00fasica no pa\u00eds, est\u00e1 de volta e promete um dia memor\u00e1vel no pr\u00f3ximo dia 07 de dezembro, [&hellip;]<\/p>\n","protected":false},"author":28,"featured_media":46464,"comment_status":"closed","ping_status":"closed","sticky":true,"template":"","format":"standard","meta":{"jetpack_post_was_ever_published":false,"_jetpack_newsletter_access":"","_jetpack_dont_email_post_to_subs":false,"_jetpack_newsletter_tier_id":0,"_jetpack_memberships_contains_paywalled_content":false,"_jetpack_memberships_contains_paid_content":false,"footnotes":"","jetpack_publicize_message":"","jetpack_publicize_feature_enabled":true,"jetpack_social_post_already_shared":true,"jetpack_social_options":{"image_generator_settings":{"template":"highway","enabled":false},"version":2}},"categories":[1,14,34,18],"tags":[],"class_list":["post-46463","post","type-post","status-publish","format-standard","has-post-thumbnail","hentry","category-culturaliza","category-dicas","category-diversao","category-musica"],"jetpack_publicize_connections":[],"jetpack_featured_media_url":"https:\/\/culturalizabh.com.br\/wp-content\/uploads\/2025\/09\/natanzinho-lima.jpg","jetpack_sharing_enabled":true,"jetpack_shortlink":"https:\/\/wp.me\/p864jz-c5p","_links":{"self":[{"href":"https:\/\/culturalizabh.com.br\/index.php\/wp-json\/wp\/v2\/posts\/46463","targetHints":{"allow":["GET"]}}],"collection":[{"href":"https:\/\/culturalizabh.com.br\/index.php\/wp-json\/wp\/v2\/posts"}],"about":[{"href":"https:\/\/culturalizabh.com.br\/index.php\/wp-json\/wp\/v2\/types\/post"}],"author":[{"embeddable":true,"href":"https:\/\/culturalizabh.com.br\/index.php\/wp-json\/wp\/v2\/users\/28"}],"replies":[{"embeddable":true,"href":"https:\/\/culturalizabh.com.br\/index.php\/wp-json\/wp\/v2\/comments?post=46463"}],"version-history":[{"count":1,"href":"https:\/\/culturalizabh.com.br\/index.php\/wp-json\/wp\/v2\/posts\/46463\/revisions"}],"predecessor-version":[{"id":46465,"href":"https:\/\/culturalizabh.com.br\/index.php\/wp-json\/wp\/v2\/posts\/46463\/revisions\/46465"}],"wp:featuredmedia":[{"embeddable":true,"href":"https:\/\/culturalizabh.com.br\/index.php\/wp-json\/wp\/v2\/media\/46464"}],"wp:attachment":[{"href":"https:\/\/culturalizabh.com.br\/index.php\/wp-json\/wp\/v2\/media?parent=46463"}],"wp:term":[{"taxonomy":"category","embeddable":true,"href":"https:\/\/culturalizabh.com.br\/index.php\/wp-json\/wp\/v2\/categories?post=46463"},{"taxonomy":"post_tag","embeddable":true,"href":"https:\/\/culturalizabh.com.br\/index.php\/wp-json\/wp\/v2\/tags?post=46463"}],"curies":[{"name":"wp","href":"https:\/\/api.w.org\/{rel}","templated":true}]}}