{"id":4622,"date":"2017-05-10T16:41:08","date_gmt":"2017-05-10T19:41:08","guid":{"rendered":"http:\/\/culturalizabh.com.br\/?p=4622"},"modified":"2017-05-16T12:14:55","modified_gmt":"2017-05-16T15:14:55","slug":"a-musica-colonial-mineira-e-o-coral-cidade-dos-profetas","status":"publish","type":"post","link":"https:\/\/culturalizabh.com.br\/index.php\/2017\/05\/10\/a-musica-colonial-mineira-e-o-coral-cidade-dos-profetas\/","title":{"rendered":"A M\u00fasica Colonial mineira e o Coral Cidade dos Profetas"},"content":{"rendered":"<p style=\"text-align: left;\"><span style=\"color: #000000;\">L\u00e1 de Congonhas&#8230; 35 artistas com objetivo de aliar arte musical \u00e0 arte sacra colonial mineira criaram o <strong>Coral Cidade dos Profetas<\/strong>. <strong>Jos\u00e9 Herculano Am\u00e2ncio<\/strong>, maestro, rege o grupo desde o in\u00edcio, em 1978, e devido \u00e0 tanta dedica\u00e7\u00e3o, o Coral passou a ser reconhecido pelo seu n\u00edvel de excel\u00eancia, sendo assim, v\u00e1rios eventos de Congonhas e regi\u00e3o contaram com a sua participa\u00e7\u00e3o, como a Semana Santa, Festival de Inverno, Concertos Natalinos, Eventos Civis Comemorativos e outros.\u00a0<\/span><\/p>\n<p style=\"text-align: left;\">\u00a0<\/p>\n<p style=\"text-align: left;\"><span style=\"color: #000000;\">O tempo de estrada trouxe v\u00e1rios registros importantes em CD&#8217;s e DVD&#8217;s, como o\u00a0Concerto \u00e0 Virgem Maria e ao Seu Divino Filho\u201d, \u201cConcertos em Homenagem ao Aleijadinho\u201d, \u201cConcertos da Paix\u00e3o\u201d, \u201cConcertos Natalinos\u201d, dentre outros. Em 2012, o Coral gravou o CD\u00a0\u201cCoral Cidade dos Profetas &#8211; Missa em F\u00e1 Maior, de Lobo de Mesquita\u201d, que obteve uma boa repercuss\u00e3o. No final do ano passado, foi registrado o CD \u201cCoral Cidade dos Profetas &#8211; Mestres do Colonial Mineiro\u201d, que foi lan\u00e7ado em um show, em Congonhas, definido pelo Coral como um &#8220;grande sucesso&#8221;.\u00a0<\/span><\/p>\n<blockquote>\n<p>&nbsp;<\/p>\n<p><span style=\"color: #000000;\">O p\u00fablico compareceu em peso e reconheceu nosso trabalho aplaudindo de p\u00e9 a apresenta\u00e7\u00e3o. A Igreja S\u00e3o Jos\u00e9, Patrim\u00f4nio da Humanidade, local que sediou a apresenta\u00e7\u00e3o, \u00e9 dotada de um significado especial. Foi l\u00e1 que, em maio de 1988 fizemos nossa primeira apresenta\u00e7\u00e3o. Agora j\u00e1 estamos vivendo nosso trig\u00e9simo ano de exist\u00eancia.<\/span><\/p>\n<\/blockquote>\n<p style=\"text-align: left;\">\u00a0<\/p>\n<p style=\"text-align: left;\">\u00a0<\/p>\n<p style=\"text-align: left;\"><span style=\"color: #000000;\">Ap\u00f3s o sucesso em Congonhas, \u00e9 a vez mostrar o novo trabalho aos Belo-horizontinos, e para isso, n\u00e3o h\u00e1 lugar melhor para &#8220;exibir&#8221; o Coral Cidade dos Profetas do que a <strong>Bas\u00edlica Nossa Senhora de Lourdes<\/strong>. Com grande expectativa, os 35 artistas ir\u00e3o se apresentar l\u00e1, neste domingo (20 de maio), \u00e0s 16h. &#8220;Tenho certeza que a apresenta\u00e7\u00e3o em Belo Horizonte repetir\u00e1 este sucesso (da apresenta\u00e7\u00e3o em Congonhas). O p\u00fablico poder\u00e1 esperar uma performance com muita emo\u00e7\u00e3o.&#8221;<\/span><\/p>\n<p style=\"text-align: left;\">\u00a0<\/p>\n<p style=\"text-align: left;\"><span style=\"color: #000000;\">O novo CD, que teve uma produ\u00e7\u00e3o de quatro anos, conta com cinco grava\u00e7\u00f5es festivas, que s\u00e3o\u00a0<strong>Matinas de Natal<\/strong> &#8211; <em>Compositor n\u00e3o identificado, S\u00e9culo XVIII, 30\u00b400\u2019\u2019 de grava\u00e7\u00e3o<\/em>;<strong>Ofert\u00f3rio de Nossa Senhora da Assun\u00e7\u00e3o<\/strong> &#8211; <em>Compositor n\u00e3o identificado, S\u00e9culo XVIII<\/em>; <strong>Stabat Mater <\/strong><em>&#8211; J.J.E Lobo de Mesquita 1746-1805, 5\u201940\u2019\u2019 de grava\u00e7\u00e3o<\/em>; <strong>Maria Mater Gratiae<\/strong> &#8211; <em>Marcos Coelho Neto 1740-1806, 3\u201930\u2019\u2019 de grava\u00e7\u00e3o<\/em>; e <strong>Magnificat <\/strong>&#8211; <em>Manoel Dias de Oliveira &#8211; 1735-1813 6\u00b415\u2019\u2019 de grava\u00e7\u00e3o<\/em>.<\/span><\/p>\n<p style=\"text-align: left;\">\u00a0<\/p>\n<p style=\"text-align: left;\"><span style=\"color: #000000;\">Ao contar sobre as faixas, o maestro revela uma curiosidade sobre as assinaturas das composi\u00e7\u00f5es: &#8220;Neste per\u00edodo, no Brasil, era muito comum n\u00e3o haver informa\u00e7\u00e3o sobre a autoria. Isso porque o mais importante era participar do rito. A obra em si e sua execu\u00e7\u00e3o eram mais importantes que o nome\u201d.\u00a0<\/span><\/p>\n<p style=\"text-align: left;\">\u00a0<\/p>\n<p style=\"text-align: left;\"><span style=\"color: #000000;\">Ent\u00e3o, j\u00e1 sabe, domingo, \u00e0 tarde, voc\u00ea pode conferir uma bel\u00edssima apresenta\u00e7\u00e3o de um dos principais corais que divulgam a M\u00fasica Colonial Mineira, na Bas\u00edlica\u00a0Nossa Senhora de Lourdes. Um cen\u00e1rio e uma apresenta\u00e7\u00e3o incr\u00edvel, com aquele tom emocionante musical\u00a0<\/span><\/p>\n<p style=\"text-align: left;\">\u00a0<\/p>\n<p style=\"text-align: left;\"><strong><span style=\"color: #000000;\">Lan\u00e7amento CD Mestres do Colonial Mineiro &#8211; Coral Cidade dos Profetas<\/span><\/strong><\/p>\n<p style=\"text-align: left;\">\u00a0<\/p>\n<p style=\"text-align: left;\"><span style=\"color: #000000;\"><strong>Quando:<\/strong> 14 de abril (domingo)<\/span><\/p>\n<p style=\"text-align: left;\"><span style=\"color: #000000;\"><strong>Horas:<\/strong> 16h<\/span><\/p>\n<p style=\"text-align: left;\"><span style=\"color: #000000;\"><strong>Onde:<\/strong>\u00a0Bas\u00edlica Nossa Senhora de Lourdes &#8211; Rua da Bahia, 1.596 &#8211; Centro<\/span><\/p>\n<p style=\"text-align: left;\"><span style=\"color: #000000;\"><strong>Quanto:<\/strong> gratuito\u00a0<\/span><\/p>\n<p>&nbsp;<\/p>\n","protected":false},"excerpt":{"rendered":"<p>L\u00e1 de Congonhas&#8230; 35 artistas com objetivo de aliar arte musical \u00e0 arte sacra colonial mineira criaram o Coral Cidade dos Profetas. Jos\u00e9 Herculano Am\u00e2ncio, maestro, rege o grupo desde o in\u00edcio, em 1978, e devido \u00e0 tanta dedica\u00e7\u00e3o, o Coral passou a ser reconhecido pelo seu n\u00edvel de excel\u00eancia, sendo assim, v\u00e1rios eventos de [&hellip;]<\/p>\n","protected":false},"author":1,"featured_media":0,"comment_status":"open","ping_status":"closed","sticky":false,"template":"","format":"standard","meta":{"jetpack_post_was_ever_published":false,"_jetpack_newsletter_access":"","_jetpack_dont_email_post_to_subs":true,"_jetpack_newsletter_tier_id":0,"_jetpack_memberships_contains_paywalled_content":false,"_jetpack_memberships_contains_paid_content":false,"footnotes":"","jetpack_publicize_message":"","jetpack_publicize_feature_enabled":true,"jetpack_social_post_already_shared":true,"jetpack_social_options":{"image_generator_settings":{"template":"highway","enabled":false},"version":2}},"categories":[214,18,6],"tags":[1356,514,1355,1357],"class_list":["post-4622","post","type-post","status-publish","format-standard","hentry","category-entrevistas","category-musica","category-shows","tag-basilica-nossa-senhora-de-lourdes","tag-congonhas","tag-coral-cidade-dos-profetas","tag-musica-colonial-mineira"],"jetpack_publicize_connections":[],"jetpack_featured_media_url":"","jetpack_sharing_enabled":true,"jetpack_shortlink":"https:\/\/wp.me\/p864jz-1cy","_links":{"self":[{"href":"https:\/\/culturalizabh.com.br\/index.php\/wp-json\/wp\/v2\/posts\/4622","targetHints":{"allow":["GET"]}}],"collection":[{"href":"https:\/\/culturalizabh.com.br\/index.php\/wp-json\/wp\/v2\/posts"}],"about":[{"href":"https:\/\/culturalizabh.com.br\/index.php\/wp-json\/wp\/v2\/types\/post"}],"author":[{"embeddable":true,"href":"https:\/\/culturalizabh.com.br\/index.php\/wp-json\/wp\/v2\/users\/1"}],"replies":[{"embeddable":true,"href":"https:\/\/culturalizabh.com.br\/index.php\/wp-json\/wp\/v2\/comments?post=4622"}],"version-history":[{"count":2,"href":"https:\/\/culturalizabh.com.br\/index.php\/wp-json\/wp\/v2\/posts\/4622\/revisions"}],"predecessor-version":[{"id":4625,"href":"https:\/\/culturalizabh.com.br\/index.php\/wp-json\/wp\/v2\/posts\/4622\/revisions\/4625"}],"wp:attachment":[{"href":"https:\/\/culturalizabh.com.br\/index.php\/wp-json\/wp\/v2\/media?parent=4622"}],"wp:term":[{"taxonomy":"category","embeddable":true,"href":"https:\/\/culturalizabh.com.br\/index.php\/wp-json\/wp\/v2\/categories?post=4622"},{"taxonomy":"post_tag","embeddable":true,"href":"https:\/\/culturalizabh.com.br\/index.php\/wp-json\/wp\/v2\/tags?post=4622"}],"curies":[{"name":"wp","href":"https:\/\/api.w.org\/{rel}","templated":true}]}}