{"id":46020,"date":"2025-06-17T19:22:55","date_gmt":"2025-06-17T22:22:55","guid":{"rendered":"https:\/\/culturalizabh.com.br\/?p=46020"},"modified":"2025-06-17T19:22:55","modified_gmt":"2025-06-17T22:22:55","slug":"santuario-do-caraca-anuncia-programacao-especial-de-sao-joao","status":"publish","type":"post","link":"https:\/\/culturalizabh.com.br\/index.php\/2025\/06\/17\/santuario-do-caraca-anuncia-programacao-especial-de-sao-joao\/","title":{"rendered":"Santu\u00e1rio do Cara\u00e7a anuncia programa\u00e7\u00e3o especial de S\u00e3o Jo\u00e3o"},"content":{"rendered":"<p style=\"text-align: left;\"><strong>Festa Junina do Cara\u00e7a 2024 &#8211; <\/strong><strong>PBCM.<\/strong><\/p>\n<p style=\"text-align: left;\">\n<p style=\"text-align: center;\"><strong><i>Festan\u00e7a para h\u00f3spedes e visitantes acontece nos dias 28 e 29 de junho<\/i><\/strong><\/p>\n<p style=\"text-align: left;\">\n<div>\n<p style=\"text-align: left;\">O Santu\u00e1rio do Cara\u00e7a, refer\u00eancia em hist\u00f3ria, religiosidade e paisagens exuberantes, prepara um final de semana inesquec\u00edvel para h\u00f3spedes e visiantes: o S\u00e3o Jo\u00e3o do Cara\u00e7a \u2014 uma celebra\u00e7\u00e3o entre a f\u00e9, a cultura e a alegria das tradi\u00e7\u00f5es juninas, com m\u00fasica ao vivo e apresenta\u00e7\u00e3o do grupo de quadrilha Feij\u00e3o Queimado. Nos dias 28 e 29 de junho, s\u00e1bado e domingo, os presentes poder\u00e3o aproveitar uma programa\u00e7\u00e3o especial repleta de atra\u00e7\u00f5es t\u00edpicas, aberta ao p\u00fablico geral mediante o pagamento de day use, com bebidas e comidas comercializadas \u00e0 parte.<\/p>\n<p style=\"text-align: left;\"><img decoding=\"async\" src=\"https:\/\/ci3.googleusercontent.com\/meips\/ADKq_NYinh6UaLfLBU4Pc0Y0kURjWrLD0SsAMDLOUslrO-henJmLQ2adgK_YrCBM6xb5nwJJI2sGO10uHjUApeXpgKMx0nUCO_NI9NawfyAv_oK9sX_939ds8IYXidhPCHRr9_AM8f-0KUxQ4j2X-j5780ZFAUWDLtgVG2AEBcbxpKHwqeCqwh0Qthz3aFNSABjEnoLCoHqilQKjECZfLQs1=s0-d-e1-ft#https:\/\/files.pressmanager.net\/clientes\/67dd844a69e08263976a65f343f9b4e0\/imagens\/2025\/06\/17\/34696052af44c794c621223d1e87134c_medium.jpg\" alt=\"\" width=\"200\" align=\"right\" hspace=\"10\" vspace=\"10\" \/>Segundo Pablo Azevedo, gerente geral do Santu\u00e1rio do Cara\u00e7a, a festividade busca valorizar e preservar o rico patrim\u00f4nio cultural das festas juninas. \u201cEstamos preparando dois dias de muita anima\u00e7\u00e3o, com decora\u00e7\u00e3o t\u00edpica, comidas tradicionais e atra\u00e7\u00f5es culturais para todas as idades. O S\u00e3o Jo\u00e3o do Cara\u00e7a \u00e9 uma experi\u00eancia encantadora, que vai al\u00e9m do turismo religioso, proporcionando momentos que conectam as pessoas \u00e0 cultura popular e \u00e0 tradi\u00e7\u00e3o\u201d, ressalta.<\/p>\n<p style=\"text-align: left;\">Al\u00e9m da celebra\u00e7\u00e3o religiosa, a festa tamb\u00e9m representa incentivo \u00e0 economia regional. \u201cAs barraquinhas de comidas t\u00edpicas ser\u00e3o operadas por moradores da regi\u00e3o, estimulando o desenvolvimento local e fortalecendo a comunidade do entorno\u201d, explica o gerente geral.<\/p>\n<p style=\"text-align: left;\"><strong>Confira a programa\u00e7\u00e3o<\/strong>:<\/p>\n<p style=\"text-align: left;\"><strong>S\u00e1bado \u2013 28 de junho | 10h \u00e0s 16h<\/strong><\/p>\n<p style=\"text-align: left;\">Barracas com comidas t\u00edpicas da culin\u00e1ria junina<\/p>\n<p style=\"text-align: left;\">Apresenta\u00e7\u00e3o do grupo Feij\u00e3o Queimado<\/p>\n<p style=\"text-align: left;\">M\u00fasica ao vivo com Tupete Silva<\/p>\n<p style=\"text-align: left;\"><strong>\u00a0<\/strong><\/p>\n<p style=\"text-align: left;\"><strong>Domingo \u2013 29 de junho | 12h \u00e0s 16h<\/strong><\/p>\n<p style=\"text-align: left;\">Apresenta\u00e7\u00e3o de grupos escolares<\/p>\n<p style=\"text-align: left;\">Show com Tupete Silva<\/p>\n<p style=\"text-align: left;\">As comemora\u00e7\u00f5es foram pensadas para agradar toda a fam\u00edlia, promovendo alegria e integra\u00e7\u00e3o em um ambiente seguro e acolhedor. \u201c\u00c9 uma grande oportunidade para vivenciar o melhor das festas de S\u00e3o Jo\u00e3o em meio \u00e0 natureza e \u00e0 tradi\u00e7\u00e3o, no cora\u00e7\u00e3o do Cara\u00e7a\u201d, conclui Pablo Azevedo.<\/p>\n<p style=\"text-align: left;\"><strong>Santu\u00e1rio do Cara\u00e7a<\/strong><\/p>\n<p style=\"text-align: left;\"><img decoding=\"async\" src=\"https:\/\/ci3.googleusercontent.com\/meips\/ADKq_Na5pRq2iVvfkgLaAn5o4umNaMWEjzh4wQIp983sE5mHA67ywXgEUtdKPHyVl6yTZFAQ7Mh8skn52RXbh25bu1pzGO_c7OI6gVOFqZpFnHhs3pxyLidza085DGu5A-1aBCygYohcOQXKMy_O5t_nDxBg9lI6qtL34F7kwTk8oW2OAriDVFAh736329QXxtqFhQlAB_bxBrsdVrNqErkd=s0-d-e1-ft#https:\/\/files.pressmanager.net\/clientes\/67dd844a69e08263976a65f343f9b4e0\/imagens\/2025\/06\/17\/37f9d807c9e38355fb67cf7ba7e769e8_medium.jpg\" alt=\"\" width=\"200\" align=\"right\" hspace=\"10\" vspace=\"10\" \/>O complexo \u00e9 tombado como Patrim\u00f4nio Hist\u00f3rico e Art\u00edstico Nacional e Estadual. Foi escolhido como uma das Sete Maravilhas da Estrada Real. Conta com um amplo Conjunto Arquitet\u00f4nico onde est\u00e3o a primeira igreja de estilo neog\u00f3tico do Brasil, o pr\u00e9dio do antigo Col\u00e9gio (hoje Museu e Biblioteca), a pousada com 57 apartamentos e quartos, e a Fazenda do Engenho, com 26 apartamentos.<\/p>\n<p style=\"text-align: left;\">O local possui enorme diversidade de fauna e flora, com raridades de animais e plantas no meio ambiente. Na ampla diversidade de sua fauna, h\u00e1 386 esp\u00e9cies de aves, 42 esp\u00e9cies de r\u00e9pteis, 12 esp\u00e9cies de peixes e 76 esp\u00e9cies de mam\u00edferos. A Reserva Particular do Patrim\u00f4nio Natural do Santu\u00e1rio do Cara\u00e7a faz parte de duas importantes reservas ecol\u00f3gicas, as Reservas da Biosfera da Serra do Espinha\u00e7o Sul e a da Mata Atl\u00e2ntica, onde h\u00e1 diversas esp\u00e9cies de flora e fauna, algumas encontradas somente no Complexo do Santu\u00e1rio do Cara\u00e7a, que fica na transi\u00e7\u00e3o entre Mata Atl\u00e2ntica e Cerrado.<\/p>\n<p style=\"text-align: left;\">Em suas serras h\u00e1 nascentes, ribeir\u00f5es e lagos que possuem \u00e1guas de colora\u00e7\u00e3o escura, que carreiam material org\u00e2nico em suspens\u00e3o. Seu solo \u00e9 rico em min\u00e9rios, explorados nos s\u00e9culos anteriores, e com grande concentra\u00e7\u00e3o de quartzito ou rocha metam\u00f3rfica. Desde 2011, passou a ser preservado contra explora\u00e7\u00e3o comercial. O territ\u00f3rio do Complexo do Cara\u00e7a integra a \u00c1rea de Prote\u00e7\u00e3o Ambiental ao Sul da Regi\u00e3o Metropolitana de BH, onde come\u00e7am duas grandes bacias hidrogr\u00e1ficas, a do rio S\u00e3o Francisco e a do rio Doce, que abastecem aproximadamente 70% da popula\u00e7\u00e3o de Belo Horizonte e 50% da popula\u00e7\u00e3o de sua regi\u00e3o metropolitana.<\/p>\n<p style=\"text-align: left;\">\n<p style=\"text-align: left;\"><strong>Santu\u00e1rio do\u00a0Cara\u00e7a<\/strong><\/p>\n<p style=\"text-align: left;\">Endere\u00e7o:\u00a0\u00a0<a href=\"https:\/\/www.google.com\/maps\/search\/Estrada+do+Cara+a,+Km+9?entry=gmail&amp;source=g\">Estrada do<\/a>\u00a0Cara\u00e7<a href=\"https:\/\/www.google.com\/maps\/search\/Estrada+do+Cara+a,+Km+9?entry=gmail&amp;source=g\">a, Km 9<\/a>\u00a0&#8211; Entre os munic\u00edpios de Catas Altas e Santa B\u00e1rbara &#8211; CEP 35960-000<\/p>\n<p style=\"text-align: left;\">F\u00e1cil acesso pelas rodovias BR 381 e MG 436, al\u00e9m do da possibilidade de ir por trem (Esta\u00e7\u00e3o Dois Irm\u00e3os &#8211; Bar\u00e3o de Cocais)<\/p>\n<p style=\"text-align: left;\">Taxa entrada:<\/p>\n<p style=\"text-align: left;\">R$ 35 (em dias de semana)<\/p>\n<p style=\"text-align: left;\">Finais de semana, feriados e datas comemorativas:<\/p>\n<p style=\"text-align: left;\">R$45 (por pessoa).<\/p>\n<p style=\"text-align: left;\">Idosos: 50% de desconto.<\/p>\n<p style=\"text-align: left;\">Moradores de Bar\u00e3o de Cocais, Catas Altas e Santa B\u00e1rbara possuem 50% de desconto.<\/p>\n<p style=\"text-align: left;\">Entrada gratuita na 1\u00aa quarta-feira de cada m\u00eas para os moradores de Bar\u00e3o de Cocais, Catas Altas e Santa B\u00e1rbara.<\/p>\n<p style=\"text-align: left;\">\n<p style=\"text-align: left;\">Site com op\u00e7\u00f5es de hospedagens:\u00a0<a href=\"http:\/\/www.santuariodocaraca.com.br\/\" target=\"_blank\" rel=\"noopener noreferrer\" data-saferedirecturl=\"https:\/\/www.google.com\/url?q=http:\/\/www.santuariodocaraca.com.br\/&amp;source=gmail&amp;ust=1750271707661000&amp;usg=AOvVaw3I41SoIvlp2gUDrPmbphOH\">www.<wbr \/>santuariodocaraca.com.br<\/a><\/p>\n<p style=\"text-align: left;\">Reservas:\u00a0<a href=\"mailto:centraldereservas@santuariodocaraca.com.br\" target=\"_blank\" rel=\"noopener noreferrer\">centraldereservas@<wbr \/>santuariodocaraca.com.br<\/a><\/p>\n<p style=\"text-align: left;\">Instagram: @santuariodocaraca @rppn_caraca<\/p>\n<p style=\"text-align: left;\">Facebook:\u00a0<a href=\"http:\/\/www.facebook.com\/santuariocaraca\/\" target=\"_blank\" rel=\"noopener noreferrer\" data-saferedirecturl=\"https:\/\/www.google.com\/url?q=http:\/\/www.facebook.com\/santuariocaraca\/&amp;source=gmail&amp;ust=1750271707661000&amp;usg=AOvVaw1hnfWwG8364g_Oe0IN7bjN\">www.facebook.com\/<wbr \/>santuariocaraca\/<\/a><\/p>\n<\/div>\n","protected":false},"excerpt":{"rendered":"<p>Festa Junina do Cara\u00e7a 2024 &#8211; PBCM. Festan\u00e7a para h\u00f3spedes e visitantes acontece nos dias 28 e 29 de junho O Santu\u00e1rio do Cara\u00e7a, refer\u00eancia em hist\u00f3ria, religiosidade e paisagens exuberantes, prepara um final de semana inesquec\u00edvel para h\u00f3spedes e visiantes: o S\u00e3o Jo\u00e3o do Cara\u00e7a \u2014 uma celebra\u00e7\u00e3o entre a f\u00e9, a cultura e [&hellip;]<\/p>\n","protected":false},"author":28,"featured_media":0,"comment_status":"closed","ping_status":"closed","sticky":false,"template":"","format":"standard","meta":{"jetpack_post_was_ever_published":false,"_jetpack_newsletter_access":"","_jetpack_dont_email_post_to_subs":false,"_jetpack_newsletter_tier_id":0,"_jetpack_memberships_contains_paywalled_content":false,"_jetpack_memberships_contains_paid_content":false,"footnotes":"","jetpack_publicize_message":"","jetpack_publicize_feature_enabled":true,"jetpack_social_post_already_shared":true,"jetpack_social_options":{"image_generator_settings":{"template":"highway","enabled":false},"version":2}},"categories":[1,14,34,18],"tags":[],"class_list":["post-46020","post","type-post","status-publish","format-standard","hentry","category-culturaliza","category-dicas","category-diversao","category-musica"],"jetpack_publicize_connections":[],"jetpack_featured_media_url":"","jetpack_sharing_enabled":true,"jetpack_shortlink":"https:\/\/wp.me\/p864jz-bYg","_links":{"self":[{"href":"https:\/\/culturalizabh.com.br\/index.php\/wp-json\/wp\/v2\/posts\/46020","targetHints":{"allow":["GET"]}}],"collection":[{"href":"https:\/\/culturalizabh.com.br\/index.php\/wp-json\/wp\/v2\/posts"}],"about":[{"href":"https:\/\/culturalizabh.com.br\/index.php\/wp-json\/wp\/v2\/types\/post"}],"author":[{"embeddable":true,"href":"https:\/\/culturalizabh.com.br\/index.php\/wp-json\/wp\/v2\/users\/28"}],"replies":[{"embeddable":true,"href":"https:\/\/culturalizabh.com.br\/index.php\/wp-json\/wp\/v2\/comments?post=46020"}],"version-history":[{"count":1,"href":"https:\/\/culturalizabh.com.br\/index.php\/wp-json\/wp\/v2\/posts\/46020\/revisions"}],"predecessor-version":[{"id":46021,"href":"https:\/\/culturalizabh.com.br\/index.php\/wp-json\/wp\/v2\/posts\/46020\/revisions\/46021"}],"wp:attachment":[{"href":"https:\/\/culturalizabh.com.br\/index.php\/wp-json\/wp\/v2\/media?parent=46020"}],"wp:term":[{"taxonomy":"category","embeddable":true,"href":"https:\/\/culturalizabh.com.br\/index.php\/wp-json\/wp\/v2\/categories?post=46020"},{"taxonomy":"post_tag","embeddable":true,"href":"https:\/\/culturalizabh.com.br\/index.php\/wp-json\/wp\/v2\/tags?post=46020"}],"curies":[{"name":"wp","href":"https:\/\/api.w.org\/{rel}","templated":true}]}}