{"id":45234,"date":"2025-03-05T06:00:04","date_gmt":"2025-03-05T09:00:04","guid":{"rendered":"https:\/\/culturalizabh.com.br\/?p=45234"},"modified":"2025-03-01T16:49:34","modified_gmt":"2025-03-01T19:49:34","slug":"dicas-de-blocos-em-bh-para-quarta-feira-05-03","status":"publish","type":"post","link":"https:\/\/culturalizabh.com.br\/index.php\/2025\/03\/05\/dicas-de-blocos-em-bh-para-quarta-feira-05-03\/","title":{"rendered":"Dicas de Blocos em BH para quarta-feira (05\/03)"},"content":{"rendered":"<p style=\"text-align: left;\">Todo carnaval tem seu fim, como diria a Banda Los Hermanos, e para fechar a conta e passar a r\u00e9gua, o Culturaliza tem mais algumas dicas de blocos para alegrar nossa quarta-feira de cinzas.<\/p>\n<p>&nbsp;<\/p>\n<p>&nbsp;<\/p>\n<h1 style=\"text-align: left;\"><span style=\"color: #ff6600;\"><strong>10h: Lua de Crixtal\u00a0<\/strong><\/span><\/h1>\n<p style=\"text-align: left;\"><img loading=\"lazy\" decoding=\"async\" class=\"alignnone size-full wp-image-45235\" src=\"https:\/\/culturalizabh.com.br\/wp-content\/uploads\/2025\/03\/Crixtal.jpg\" alt=\"\" width=\"275\" height=\"183\" \/><\/p>\n<p style=\"text-align: left;\">Lua de Crixtal vem trazendo para as ruas de Belo Horizonte muita divers\u00e3o e nostalgia, por meio das m\u00fasicas da artista Xuxa e de elementos circenses. A escolha para o nome do Bloco partiu da busca de algo que mais bem representasse Xuxa. Bloco Lua de Crixtal homenageia tamb\u00e9m a Rainha do Carnaval de Belo Horizonte: Cristal Lopes \u2013 mulher trans negra, \u00edcone do carnaval de \u201cBeag\u00e1\u201d. Isso refor\u00e7ou a escolha do nome do Bloco, sendo ainda uma forma de n\u00e3o perder as caracter\u00edsticas do carnaval belorizontino. \u00c9 por meio da jun\u00e7\u00e3o dessas duas Rainhas que o Bloco ressalta a import\u00e2ncia do respeito \u00e0 diversidade, principalmente na inf\u00e2ncia. \u201cLua de Cristal\u201d nos fez acreditar desde \u201cbaixinhos\u201d (crian\u00e7as) que podemos vencer qualquer obst\u00e1culo e que devemos acreditar em nossos sonhos! A concentra\u00e7\u00e3o ser\u00e1 <strong>\u00e1s 10:00 na avenida Assis Chateaubriand, 781, Centro.<\/strong><\/p>\n<p>&nbsp;<\/p>\n<p>&nbsp;<\/p>\n<h1 style=\"text-align: left;\"><span style=\"color: #ff6600;\"><strong>12h: Magia Negra\u00a0<\/strong><\/span><\/h1>\n<p style=\"text-align: left;\"><img loading=\"lazy\" decoding=\"async\" class=\"alignnone size-medium wp-image-45237\" src=\"https:\/\/culturalizabh.com.br\/wp-content\/uploads\/2025\/03\/Bloco-Magia-300x200.jpeg\" alt=\"\" width=\"300\" height=\"200\" srcset=\"https:\/\/culturalizabh.com.br\/wp-content\/uploads\/2025\/03\/Bloco-Magia-300x200.jpeg 300w, https:\/\/culturalizabh.com.br\/wp-content\/uploads\/2025\/03\/Bloco-Magia-1024x681.jpeg 1024w, https:\/\/culturalizabh.com.br\/wp-content\/uploads\/2025\/03\/Bloco-Magia-768x511.jpeg 768w, https:\/\/culturalizabh.com.br\/wp-content\/uploads\/2025\/03\/Bloco-Magia.jpeg 1200w\" sizes=\"auto, (max-width: 300px) 100vw, 300px\" \/><\/p>\n<p style=\"text-align: left;\">O Bloco Afro Magia Negra foi criado em 2013 na cidade de Belo Horizonte &#8211; MG, pelo artista plural e mineiro Camilo Gan partindo da atitude de reunir pessoas comprometidas no enfrentamento ao preconceito \u00e9tnico-racial relacionado ao povo de pele negra. O principal objetivo do bloco \u00e9 promover a afrobetiza\u00e7\u00e3o por meio da arte e cultura negra, com o intuito de desfazer feiti\u00e7os racistas. A concentra\u00e7\u00e3o ser\u00e1 <strong>\u00e1s 12:00 na Rua Itarare, 96, Conc\u00f3rdia.<\/strong><\/p>\n<p>&nbsp;<\/p>\n<p>&nbsp;<\/p>\n<h1 style=\"text-align: left;\"><span style=\"color: #ff6600;\"><strong>15h: Bloco da Saudade<\/strong><\/span><\/h1>\n<figure id=\"attachment_45238\" aria-describedby=\"caption-attachment-45238\" style=\"width: 300px\" class=\"wp-caption alignnone\"><img loading=\"lazy\" decoding=\"async\" class=\"size-medium wp-image-45238\" src=\"https:\/\/culturalizabh.com.br\/wp-content\/uploads\/2025\/03\/Bloco-axe-saudade-bh-300x202.jpg\" alt=\"\" width=\"300\" height=\"202\" srcset=\"https:\/\/culturalizabh.com.br\/wp-content\/uploads\/2025\/03\/Bloco-axe-saudade-bh-300x202.jpg 300w, https:\/\/culturalizabh.com.br\/wp-content\/uploads\/2025\/03\/Bloco-axe-saudade-bh.jpg 750w\" sizes=\"auto, (max-width: 300px) 100vw, 300px\" \/><figcaption id=\"caption-attachment-45238\" class=\"wp-caption-text\">Cr\u00e9dito: Divulga\u00e7\u00e3o\/Bloco Ax\u00e9 Saudade<\/figcaption><\/figure>\n<p style=\"text-align: left;\">\n<div id=\"listing-description\" class=\"listing-info-block listing-description\" style=\"text-align: left;\">\n<div class=\"block-content\">Bloco Saudade foi criado em 2017 com a participa\u00e7\u00e3o da popula\u00e7\u00e3o local, movimento de mulheres, a partir do cinema na rua e com a participa\u00e7\u00e3o de um personagem que agora habita o imagin\u00e1rio do bairro, o Zen\u00f3bio, o grupo Teatro P\u00fablico acompanhando o bloco com diversos personagens da pe\u00e7a, o que vem para fortalecer nosso contexto irreverente, mas cientes que devemos aprender a lidar este nosso vizinho que abriga o sil\u00eancio, o m\u00edstico, o real, o descanso eterno e o macabro, o bater as botas, abotoar o palet\u00f3 de madeira, pendurar as chuteiras, esticar os cambitos, ir pras cucuias, estar no bico do corvo, estar com o p\u00e9 na cova e o descanso eterno s\u00e3o os ingredientes que fascinam o Bloco Saudade faz ensaios, oficinas de confec\u00e7\u00e3o de instrumentos reciclados, customiza\u00e7\u00e3o de camisetas e muita \u00eanfase a pintura corporal (maquiagem macabra) de rosto com a presen\u00e7a de crian\u00e7as adultos e enorme n\u00famero de mulheres na bateria aberta com cerca de 30 integrantes. Cores preto e roxo. A concentra\u00e7\u00e3o ser\u00e1 <strong>\u00e1s 15:00 na rua Arcos, 762, Saudade.<\/strong><\/div>\n<\/div>\n<div><\/div>\n<div id=\"listing-location\" class=\"listing-info-block listing-location\" style=\"text-align: left;\">\n<div class=\"title\"><\/div>\n<\/div>\n<p style=\"text-align: left;\"><span style=\"font-weight: 400;\">Fonte:\u00a0<\/span><\/p>\n<p style=\"text-align: left;\"><a href=\"https:\/\/portalbelohorizonte.com.br\/carnaval\/2025\/programacao\/bloco-de-rua?NOME_ATRACAO_NORMAL=&amp;BAIRRO=All&amp;DT_DESFILE=19\"><span style=\"font-weight: 400;\">https:\/\/portalbelohorizonte.com.br\/carnaval\/2025\/programacao\/bloco-de-rua?NOME_ATRACAO_NORMAL=&amp;BAIRRO=All&amp;DT_DESFILE=19<\/span><\/a><\/p>\n","protected":false},"excerpt":{"rendered":"<p>Todo carnaval tem seu fim, como diria a Banda Los Hermanos, e para fechar a conta e passar a r\u00e9gua, o Culturaliza tem mais algumas dicas de blocos para alegrar nossa quarta-feira de cinzas. &nbsp; &nbsp; 10h: Lua de Crixtal\u00a0 Lua de Crixtal vem trazendo para as ruas de Belo Horizonte muita divers\u00e3o e nostalgia, [&hellip;]<\/p>\n","protected":false},"author":22,"featured_media":45238,"comment_status":"closed","ping_status":"closed","sticky":false,"template":"","format":"standard","meta":{"jetpack_post_was_ever_published":false,"_jetpack_newsletter_access":"","_jetpack_dont_email_post_to_subs":false,"_jetpack_newsletter_tier_id":0,"_jetpack_memberships_contains_paywalled_content":false,"_jetpack_memberships_contains_paid_content":false,"footnotes":"","jetpack_publicize_message":"","jetpack_publicize_feature_enabled":true,"jetpack_social_post_already_shared":true,"jetpack_social_options":{"image_generator_settings":{"template":"highway","enabled":false},"version":2}},"categories":[9902,8702,437,1,19,3641,3537,18],"tags":[39,326,14010,425],"class_list":["post-45234","post","type-post","status-publish","format-standard","has-post-thumbnail","hentry","category-belo-horizonte","category-blocos-de-bh","category-carnaval-2017","category-culturaliza","category-destaque","category-drops-cultural","category-gratuito-ou-a-baixo-custo","category-musica","tag-bh","tag-blocos-de-carnaval","tag-carnaval-2025","tag-culturalizabh"],"jetpack_publicize_connections":[],"jetpack_featured_media_url":"https:\/\/culturalizabh.com.br\/wp-content\/uploads\/2025\/03\/Bloco-axe-saudade-bh.jpg","jetpack_sharing_enabled":true,"jetpack_shortlink":"https:\/\/wp.me\/p864jz-bLA","_links":{"self":[{"href":"https:\/\/culturalizabh.com.br\/index.php\/wp-json\/wp\/v2\/posts\/45234","targetHints":{"allow":["GET"]}}],"collection":[{"href":"https:\/\/culturalizabh.com.br\/index.php\/wp-json\/wp\/v2\/posts"}],"about":[{"href":"https:\/\/culturalizabh.com.br\/index.php\/wp-json\/wp\/v2\/types\/post"}],"author":[{"embeddable":true,"href":"https:\/\/culturalizabh.com.br\/index.php\/wp-json\/wp\/v2\/users\/22"}],"replies":[{"embeddable":true,"href":"https:\/\/culturalizabh.com.br\/index.php\/wp-json\/wp\/v2\/comments?post=45234"}],"version-history":[{"count":1,"href":"https:\/\/culturalizabh.com.br\/index.php\/wp-json\/wp\/v2\/posts\/45234\/revisions"}],"predecessor-version":[{"id":45239,"href":"https:\/\/culturalizabh.com.br\/index.php\/wp-json\/wp\/v2\/posts\/45234\/revisions\/45239"}],"wp:featuredmedia":[{"embeddable":true,"href":"https:\/\/culturalizabh.com.br\/index.php\/wp-json\/wp\/v2\/media\/45238"}],"wp:attachment":[{"href":"https:\/\/culturalizabh.com.br\/index.php\/wp-json\/wp\/v2\/media?parent=45234"}],"wp:term":[{"taxonomy":"category","embeddable":true,"href":"https:\/\/culturalizabh.com.br\/index.php\/wp-json\/wp\/v2\/categories?post=45234"},{"taxonomy":"post_tag","embeddable":true,"href":"https:\/\/culturalizabh.com.br\/index.php\/wp-json\/wp\/v2\/tags?post=45234"}],"curies":[{"name":"wp","href":"https:\/\/api.w.org\/{rel}","templated":true}]}}