{"id":45209,"date":"2025-03-03T06:00:03","date_gmt":"2025-03-03T09:00:03","guid":{"rendered":"https:\/\/culturalizabh.com.br\/?p=45209"},"modified":"2025-03-01T13:37:17","modified_gmt":"2025-03-01T16:37:17","slug":"dicas-de-bloco-para-segunda-feira-de-carnaval-03-03","status":"publish","type":"post","link":"https:\/\/culturalizabh.com.br\/index.php\/2025\/03\/03\/dicas-de-bloco-para-segunda-feira-de-carnaval-03-03\/","title":{"rendered":"Dicas de Bloco para Segunda-feira de Carnaval (03\/03)"},"content":{"rendered":"<p style=\"text-align: left;\">Chegamos ao pen\u00faltimo dia de carnaval, e com ele v\u00e1rios blocos incr\u00edveis estar\u00e3o pelas ruas, para tornar nosso dia inesquec\u00edvel. Ent\u00e3o bora se programar para n\u00e3o perder nada.<\/p>\n<p>&nbsp;<\/p>\n<p>&nbsp;<\/p>\n<h1 style=\"text-align: left;\"><span style=\"color: #ff6600;\"><strong>8h: Baianas Ozadas\u00a0<\/strong><\/span><\/h1>\n<figure id=\"attachment_45210\" aria-describedby=\"caption-attachment-45210\" style=\"width: 300px\" class=\"wp-caption alignnone\"><img loading=\"lazy\" decoding=\"async\" class=\"size-medium wp-image-45210\" src=\"https:\/\/culturalizabh.com.br\/wp-content\/uploads\/2025\/03\/Baianas-Ozadas-credito-Julia-Lanari-300x180.jpg\" alt=\"\" width=\"300\" height=\"180\" srcset=\"https:\/\/culturalizabh.com.br\/wp-content\/uploads\/2025\/03\/Baianas-Ozadas-credito-Julia-Lanari-300x180.jpg 300w, https:\/\/culturalizabh.com.br\/wp-content\/uploads\/2025\/03\/Baianas-Ozadas-credito-Julia-Lanari-1024x614.jpg 1024w, https:\/\/culturalizabh.com.br\/wp-content\/uploads\/2025\/03\/Baianas-Ozadas-credito-Julia-Lanari-768x461.jpg 768w, https:\/\/culturalizabh.com.br\/wp-content\/uploads\/2025\/03\/Baianas-Ozadas-credito-Julia-Lanari.jpg 1200w\" sizes=\"auto, (max-width: 300px) 100vw, 300px\" \/><figcaption id=\"caption-attachment-45210\" class=\"wp-caption-text\">Cr\u00e9dito &#8211; J\u00falia Lanari<\/figcaption><\/figure>\n<p dir=\"ltr\" style=\"text-align: left;\">O bloco se apresenta tradicionalmente na segunda-feira de carnaval, pela primeira vez, escolheu deixar\u00e1 de lado homenagens a alguma personalidade para prestar tributo a todas as mulheres e celebrar a for\u00e7a feminina, em prol do respeito e da igualdade.\u00a0Com o tema &#8220;Mulher, voc\u00ea gera o mundo: mais respeito, mais amor&#8221;, o Baianas Ozadas busca chamar aten\u00e7\u00e3o para a urg\u00eancia do respeito e da necessidade de uma festa mais segura e inclusiva. A escolha, segundo Geo, veio da presen\u00e7a majorit\u00e1ria de mulheres no bloco, composto por cerca de 200 integrantes (100 na bateria e 100 na ala de dan\u00e7a), e no carnaval em geral, al\u00e9m do alto \u00edndice de feminic\u00eddio em Minas Gerais. A concentra\u00e7\u00e3o ser\u00e1 \u00e1s <strong>08:00 na avenida Afonso Pena, 800, Centro.<\/strong><\/p>\n<h1 style=\"text-align: left;\"><span style=\"color: #ff6600;\"><strong>8h: Havayanas Usadas\u00a0<\/strong><\/span><\/h1>\n<p style=\"text-align: left;\"><img loading=\"lazy\" decoding=\"async\" class=\"alignnone size-medium wp-image-45211\" src=\"https:\/\/culturalizabh.com.br\/wp-content\/uploads\/2025\/03\/havayanas-usadas-2024-300x168.jpg\" alt=\"\" width=\"300\" height=\"168\" srcset=\"https:\/\/culturalizabh.com.br\/wp-content\/uploads\/2025\/03\/havayanas-usadas-2024-300x168.jpg 300w, https:\/\/culturalizabh.com.br\/wp-content\/uploads\/2025\/03\/havayanas-usadas-2024-1024x572.jpg 1024w, https:\/\/culturalizabh.com.br\/wp-content\/uploads\/2025\/03\/havayanas-usadas-2024-768x429.jpg 768w, https:\/\/culturalizabh.com.br\/wp-content\/uploads\/2025\/03\/havayanas-usadas-2024.jpg 1200w\" sizes=\"auto, (max-width: 300px) 100vw, 300px\" \/><\/p>\n<p style=\"text-align: left;\">O bloco que tem seu\u00a0 repert\u00f3rio baseado no ax\u00e9 music dos anos 80 e 90, influ\u00eancia dos blocos afro-baianos, al\u00e9m de flertar com musicas Brasileiras de forma geral e arriscar no autoral, tendo j\u00e1 2 m\u00fasicas lan\u00e7adas, o Bloco sai \u00e0s ruas com uma banda base de 8 integrantes e 1 regente em cima do trio, 5 subregentes no ch\u00e3o, acompanhados pela Bateria e Ala de Dan\u00e7a Chinelada. Essa bateria \u00e9 formada por 200 ritmistas e 40 dan\u00e7arinos que participam de um processo cont\u00ednuo de oficinas e ensaios para aprendizado e desenvolvimento de ritmos e arranjos. A concentra\u00e7\u00e3o sera <strong>\u00e1s 08:00 na avenida Dos Andradas, 3562, Pomp\u00e9ia.<\/strong><\/p>\n<p>&nbsp;<\/p>\n<p>&nbsp;<\/p>\n<h1 style=\"text-align: left;\"><span style=\"color: #ff6600;\"><strong>8h: Bloco do Seb\u00e1\u00a0<\/strong><\/span><\/h1>\n<p style=\"text-align: left;\"><img loading=\"lazy\" decoding=\"async\" class=\"alignnone size-medium wp-image-45212\" src=\"https:\/\/culturalizabh.com.br\/wp-content\/uploads\/2025\/03\/blocoseba-720x400-1-300x167.jpg\" alt=\"\" width=\"300\" height=\"167\" srcset=\"https:\/\/culturalizabh.com.br\/wp-content\/uploads\/2025\/03\/blocoseba-720x400-1-300x167.jpg 300w, https:\/\/culturalizabh.com.br\/wp-content\/uploads\/2025\/03\/blocoseba-720x400-1.jpg 720w\" sizes=\"auto, (max-width: 300px) 100vw, 300px\" \/><\/p>\n<p style=\"text-align: left;\">O &#8220;Bloco do Seb\u00e1&#8221; \u00e9 uma iniciativa inovadora liderada pelo talentoso cantor Seb\u00e1, que busca redefinir o cen\u00e1rio carnavalesco de Minas Gerais. \u00c9 um convite \u00e0 celebra\u00e7\u00e3o da cultura do Norte de Minas, trazendo um repert\u00f3rio vibrante que mistura ax\u00e9 dos anos 90, m\u00fasicas autorais, hits pop e cl\u00e1ssicos da MPB reimaginados no ritmo carnavalesco. A concentra\u00e7\u00e3o \u00e9 <strong>\u00e1s 08:00 na Rua Sapuca\u00ed, 105, Floresta<\/strong>.<\/p>\n<h1 style=\"text-align: left;\"><span style=\"color: #ff6600;\"><strong>9h: Corte Devassa\u00a0<\/strong><\/span><\/h1>\n<p style=\"text-align: left;\"><img loading=\"lazy\" decoding=\"async\" class=\"alignnone size-medium wp-image-45214\" src=\"https:\/\/culturalizabh.com.br\/wp-content\/uploads\/2025\/03\/Corte-300x158.jpg\" alt=\"\" width=\"300\" height=\"158\" srcset=\"https:\/\/culturalizabh.com.br\/wp-content\/uploads\/2025\/03\/Corte-300x158.jpg 300w, https:\/\/culturalizabh.com.br\/wp-content\/uploads\/2025\/03\/Corte.jpg 310w\" sizes=\"auto, (max-width: 300px) 100vw, 300px\" \/><\/p>\n<p style=\"text-align: left;\">Surgido como um grupo de teatro em 2012, o bloco tem como principal tema a monarquia e seus costumes, criticando a corte portuguesa que colonizou o Brasil. A Corte Devassa foi um dos blocos que ganhou for\u00e7a com a recupera\u00e7\u00e3o do Carnaval belorizontino nos \u00faltimos anos! A concentra\u00e7\u00e3o ser\u00e1 <strong>\u00e1s 09:00 na Rua Dos Tabaiares, 100, Floresta.<\/strong><\/p>\n<p>&nbsp;<\/p>\n<h1 style=\"text-align: left;\"><span style=\"color: #ff6600;\"><strong>9h: Lamparina<\/strong><\/span><\/h1>\n<p style=\"text-align: left;\"><img loading=\"lazy\" decoding=\"async\" class=\"alignnone size-medium wp-image-45215\" src=\"https:\/\/culturalizabh.com.br\/wp-content\/uploads\/2025\/03\/Lamparina-300x300.jpg\" alt=\"\" width=\"300\" height=\"300\" srcset=\"https:\/\/culturalizabh.com.br\/wp-content\/uploads\/2025\/03\/Lamparina-300x300.jpg 300w, https:\/\/culturalizabh.com.br\/wp-content\/uploads\/2025\/03\/Lamparina-1024x1024.jpg 1024w, https:\/\/culturalizabh.com.br\/wp-content\/uploads\/2025\/03\/Lamparina-150x150.jpg 150w, https:\/\/culturalizabh.com.br\/wp-content\/uploads\/2025\/03\/Lamparina-768x768.jpg 768w, https:\/\/culturalizabh.com.br\/wp-content\/uploads\/2025\/03\/Lamparina-1536x1536.jpg 1536w, https:\/\/culturalizabh.com.br\/wp-content\/uploads\/2025\/03\/Lamparina.jpg 1900w\" sizes=\"auto, (max-width: 300px) 100vw, 300px\" \/><\/p>\n<p style=\"text-align: left;\">O objetivo do bloco \u00e9 valorizar a cultura brasileira e belo-horizontina, tocando as composi\u00e7\u00f5es da banda entre outras m\u00fasicas cl\u00e1ssicas da cultura popular. O desfile\u00a0 chega como um manifesto sobre a diversidade cultural, social e art\u00edstica do pa\u00eds, refletindo a ess\u00eancia do \u00e1lbum lan\u00e7ado em 2023. A concentra\u00e7\u00e3o ser\u00e1 <strong>\u00e1s 09:00 na Rua Sergipe, esquina com Av. Crist\u00f3v\u00e3o Colombo.<\/strong><\/p>\n<p>&nbsp;<\/p>\n<p>&nbsp;<\/p>\n<h1 style=\"text-align: left;\"><span style=\"color: #ff6600;\"><strong>11h: Unidos do Barro Preto\u00a0<\/strong><\/span><\/h1>\n<p style=\"text-align: left;\"><img loading=\"lazy\" decoding=\"async\" class=\"alignnone size-medium wp-image-45216\" src=\"https:\/\/culturalizabh.com.br\/wp-content\/uploads\/2025\/03\/Unidos-300x225.jpg\" alt=\"\" width=\"300\" height=\"225\" srcset=\"https:\/\/culturalizabh.com.br\/wp-content\/uploads\/2025\/03\/Unidos-300x225.jpg 300w, https:\/\/culturalizabh.com.br\/wp-content\/uploads\/2025\/03\/Unidos.jpg 520w\" sizes=\"auto, (max-width: 300px) 100vw, 300px\" \/><\/p>\n<div id=\"listing-description\" class=\"listing-info-block listing-description\" style=\"text-align: left;\">\n<div class=\"block-content\">Surgido em 2011, o Unidos do Barro Preto passeia pela m\u00fasica brasileira e faz uma ode ao Mangue Beat. Com uma instrumenta\u00e7\u00e3o r\u00edtmica inspirada em grupos de Maracatu e uma bateria da pesada, o bloco desfila pelas ruas do Barro Preto com um som que pesa uma tonelada. A concentra\u00e7\u00e3o ser\u00e1 <strong>\u00e1s 11:00 na avenida Augusto de Lima, 1833, Barro Preto.<\/strong><\/div>\n<\/div>\n<div class=\"title\"><\/div>\n<div><\/div>\n<h1 style=\"text-align: left;\"><span style=\"color: #ff6600;\"><strong>14h: Alcova Libertina\u00a0<\/strong><\/span><\/h1>\n<p style=\"text-align: left;\"><img loading=\"lazy\" decoding=\"async\" class=\"alignnone size-medium wp-image-45217\" src=\"https:\/\/culturalizabh.com.br\/wp-content\/uploads\/2025\/03\/Alcova-300x200.jpeg\" alt=\"\" width=\"300\" height=\"200\" srcset=\"https:\/\/culturalizabh.com.br\/wp-content\/uploads\/2025\/03\/Alcova-300x200.jpeg 300w, https:\/\/culturalizabh.com.br\/wp-content\/uploads\/2025\/03\/Alcova-1024x682.jpeg 1024w, https:\/\/culturalizabh.com.br\/wp-content\/uploads\/2025\/03\/Alcova-768x511.jpeg 768w, https:\/\/culturalizabh.com.br\/wp-content\/uploads\/2025\/03\/Alcova.jpeg 1200w\" sizes=\"auto, (max-width: 300px) 100vw, 300px\" \/><\/p>\n<div id=\"listing-description\" class=\"listing-info-block listing-description\" style=\"text-align: left;\">\n<div class=\"block-content\">O cortejo da Alcova Libertina \u00e9 formado por um coletivo de m\u00fasicos da cena autoral de Belo Horizonte. Precursor nos movimentos de retomada da manifesta\u00e7\u00e3o popular do Carnaval da capital mineira, a banda \u00e9 hoje refer\u00eancia em seu conceito musical \u00fanico, Rock \u2018n\u2019 Roll com Maracatu, e contribui para a cena cultural-artistica nas festividades carnavalescas h\u00e1 13 anos, com reconhecimento de grande publico de f\u00e3s de todos os perfis e idades. A concentra\u00e7\u00e3o ser\u00e1 <strong>\u00e1s 14:00 na avenida Brasil, 1305, Funcion\u00e1rios.<\/strong><\/div>\n<\/div>\n<div><\/div>\n<div id=\"listing-location\" class=\"listing-info-block listing-location\" style=\"text-align: left;\">\n<div class=\"title\"><\/div>\n<\/div>\n<h1 style=\"text-align: left;\"><span style=\"color: #ff6600;\"><strong>15h: Bloco da Horny<\/strong><\/span><\/h1>\n<p style=\"text-align: left;\"><img loading=\"lazy\" decoding=\"async\" class=\"alignnone size-full wp-image-45218\" src=\"https:\/\/culturalizabh.com.br\/wp-content\/uploads\/2025\/03\/images-1.jpg\" alt=\"\" width=\"201\" height=\"251\" \/><\/p>\n<div id=\"listing-description\" class=\"listing-info-block listing-description\" style=\"text-align: left;\">\n<div class=\"block-content\">O Bloco da Horny nasceu como parte desse trabalho cont\u00ednuo de conscientiza\u00e7\u00e3o, liberdade e valoriza\u00e7\u00e3o da diversidade, alinhando-se plenamente com o esp\u00edrito inclusivo e democr\u00e1tico do Carnaval de rua. O Bloco \u00e9 composto por DJs, artistas perform\u00e1ticos e uma equipe de produ\u00e7\u00e3o comprometida. O desfile conta com um mini-trio, no qual DJs tocam m\u00fasica eletr\u00f4nica, com foco especial na produ\u00e7\u00e3o musical local e na cena LGBTQIAPN+, refor\u00e7ando o compromisso com a representatividade e a diversidade cultural. A concentra\u00e7\u00e3o sera <strong>\u00e1s 15:00 na rua dos Guajajaras,1520, Barro Preto.<\/strong><\/div>\n<\/div>\n<div><\/div>\n<div id=\"listing-location\" class=\"listing-info-block listing-location\" style=\"text-align: left;\">\n<div class=\"title\"><\/div>\n<\/div>\n<h1 style=\"text-align: left;\"><span style=\"color: #ff6600;\"><strong>15h: O Le\u00e3o da Lagoinha\u00a0<\/strong><\/span><\/h1>\n<p style=\"text-align: left;\"><img loading=\"lazy\" decoding=\"async\" class=\"alignnone size-medium wp-image-45219\" src=\"https:\/\/culturalizabh.com.br\/wp-content\/uploads\/2025\/03\/Leao-300x169.jpg\" alt=\"\" width=\"300\" height=\"169\" srcset=\"https:\/\/culturalizabh.com.br\/wp-content\/uploads\/2025\/03\/Leao-300x169.jpg 300w, https:\/\/culturalizabh.com.br\/wp-content\/uploads\/2025\/03\/Leao-768x433.jpg 768w, https:\/\/culturalizabh.com.br\/wp-content\/uploads\/2025\/03\/Leao.jpg 799w\" sizes=\"auto, (max-width: 300px) 100vw, 300px\" \/><\/p>\n<div id=\"listing-description\" class=\"listing-info-block listing-description\" style=\"text-align: left;\">\n<div class=\"block-content\">Fundado no ano de 1947, o Le\u00e3o \u00e9 o primeiro bloco da cidade de Belo Horizonte, trazendo tradi\u00e7\u00e3o, resist\u00eancia e cultura. Tem como patrono Juscelino Kubitschek, grande incentivador do bloco na \u00e9poca, al\u00e9m de figuras ilustres que fizeram parte da nossa hist\u00f3ria; Hilda Furac\u00e3o, Cintura Fina, Maria Tomba Homem e a lend\u00e1ria Loira do Bonfim. Cultivando essa cultura, mantemos a marchinha oficial, cores, local de concentra\u00e7\u00e3o, cortejo e a tradi\u00e7\u00e3o da abertura oficial dos desfiles de passarela. Inovando, apresentamos sambas autorais e homenageando orix\u00e1s, em nossos desfiles j\u00e1 levamos; Z\u00e9 Pilintra, Ogum e em 2025 levaremos S\u00e3o Cosme e S\u00e3o Dami\u00e3o para a avenida. A concentra\u00e7\u00e3o ser\u00e1 <strong>\u00e1s 15:00, na Rua Itapecerica, 900, Lagoinha.<\/strong><\/div>\n<\/div>\n<div><\/div>\n<div id=\"listing-location\" class=\"listing-info-block listing-location\" style=\"text-align: left;\">\n<div class=\"title\"><\/div>\n<\/div>\n<h1 style=\"text-align: left;\"><span style=\"color: #ff6600;\"><strong>16h: Arrast\u00e3o Eletr\u00f4nico<\/strong><\/span><\/h1>\n<p style=\"text-align: left;\"><img loading=\"lazy\" decoding=\"async\" class=\"alignnone size-full wp-image-45220\" src=\"https:\/\/culturalizabh.com.br\/wp-content\/uploads\/2025\/03\/images-1-1.jpg\" alt=\"\" width=\"225\" height=\"225\" srcset=\"https:\/\/culturalizabh.com.br\/wp-content\/uploads\/2025\/03\/images-1-1.jpg 225w, https:\/\/culturalizabh.com.br\/wp-content\/uploads\/2025\/03\/images-1-1-150x150.jpg 150w\" sizes=\"auto, (max-width: 225px) 100vw, 225px\" \/><\/p>\n<p style=\"text-align: left;\">O Bloco Arrast\u00e3o Eletr\u00f4nico de Belo Horizonte \u00e9 uma inovadora fus\u00e3o entre a tradicional folia do Carnaval e a energia vibrante da m\u00fasica eletr\u00f4nica. Criado em 2014 pelo multiartista e DJ Felipe Reis, o bloco nasceu da sua paix\u00e3o por esses dois universos culturais e da crescente demanda por eventos de m\u00fasica eletr\u00f4nica na capital mineira. \u00a0Sua proposta inovadora e festiva \u00e9 um sucesso, misturando a batida envolvente dos sintetizadores e beats eletr\u00f4nicos com a anima\u00e7\u00e3o contagiante do Carnaval de rua. A concentra\u00e7\u00e3o ser\u00e1 <strong>\u00e1s 16:00 na avenida Assis Chateaubriand, 115, Floresta.<\/strong><\/p>\n<p>&nbsp;<\/p>\n<p>Agora \u00e9 escolher o bloco e o look e correr para rua, e aproveitar o pen\u00faltimo dia.<\/p>\n<p>&nbsp;<\/p>\n<p><span style=\"font-weight: 400;\">Fonte:\u00a0<\/span><\/p>\n<p><a href=\"https:\/\/portalbelohorizonte.com.br\/carnaval\/2025\/programacao\/bloco-de-rua?NOME_ATRACAO_NORMAL=&amp;BAIRRO=All&amp;DT_DESFILE=17\"><span style=\"font-weight: 400;\">https:\/\/portalbelohorizonte.com.br\/carnaval\/2025\/programacao\/bloco-de-rua?NOME_ATRACAO_NORMAL=&amp;BAIRRO=All&amp;DT_DESFILE=17<\/span><\/a><\/p>\n","protected":false},"excerpt":{"rendered":"<p>Chegamos ao pen\u00faltimo dia de carnaval, e com ele v\u00e1rios blocos incr\u00edveis estar\u00e3o pelas ruas, para tornar nosso dia inesquec\u00edvel. Ent\u00e3o bora se programar para n\u00e3o perder nada. &nbsp; &nbsp; 8h: Baianas Ozadas\u00a0 O bloco se apresenta tradicionalmente na segunda-feira de carnaval, pela primeira vez, escolheu deixar\u00e1 de lado homenagens a alguma personalidade para prestar [&hellip;]<\/p>\n","protected":false},"author":22,"featured_media":45213,"comment_status":"closed","ping_status":"closed","sticky":false,"template":"","format":"standard","meta":{"jetpack_post_was_ever_published":false,"_jetpack_newsletter_access":"","_jetpack_dont_email_post_to_subs":false,"_jetpack_newsletter_tier_id":0,"_jetpack_memberships_contains_paywalled_content":false,"_jetpack_memberships_contains_paid_content":false,"footnotes":"","jetpack_publicize_message":"","jetpack_publicize_feature_enabled":true,"jetpack_social_post_already_shared":true,"jetpack_social_options":{"image_generator_settings":{"template":"highway","enabled":false},"version":2}},"categories":[9902,8702,437,1,19,34,3537,18],"tags":[39,326,14010,425,158],"class_list":["post-45209","post","type-post","status-publish","format-standard","has-post-thumbnail","hentry","category-belo-horizonte","category-blocos-de-bh","category-carnaval-2017","category-culturaliza","category-destaque","category-diversao","category-gratuito-ou-a-baixo-custo","category-musica","tag-bh","tag-blocos-de-carnaval","tag-carnaval-2025","tag-culturalizabh","tag-musica"],"jetpack_publicize_connections":[],"jetpack_featured_media_url":"https:\/\/culturalizabh.com.br\/wp-content\/uploads\/2025\/03\/blocoseba-720x400-2.jpg","jetpack_sharing_enabled":true,"jetpack_shortlink":"https:\/\/wp.me\/p864jz-bLb","_links":{"self":[{"href":"https:\/\/culturalizabh.com.br\/index.php\/wp-json\/wp\/v2\/posts\/45209","targetHints":{"allow":["GET"]}}],"collection":[{"href":"https:\/\/culturalizabh.com.br\/index.php\/wp-json\/wp\/v2\/posts"}],"about":[{"href":"https:\/\/culturalizabh.com.br\/index.php\/wp-json\/wp\/v2\/types\/post"}],"author":[{"embeddable":true,"href":"https:\/\/culturalizabh.com.br\/index.php\/wp-json\/wp\/v2\/users\/22"}],"replies":[{"embeddable":true,"href":"https:\/\/culturalizabh.com.br\/index.php\/wp-json\/wp\/v2\/comments?post=45209"}],"version-history":[{"count":3,"href":"https:\/\/culturalizabh.com.br\/index.php\/wp-json\/wp\/v2\/posts\/45209\/revisions"}],"predecessor-version":[{"id":45223,"href":"https:\/\/culturalizabh.com.br\/index.php\/wp-json\/wp\/v2\/posts\/45209\/revisions\/45223"}],"wp:featuredmedia":[{"embeddable":true,"href":"https:\/\/culturalizabh.com.br\/index.php\/wp-json\/wp\/v2\/media\/45213"}],"wp:attachment":[{"href":"https:\/\/culturalizabh.com.br\/index.php\/wp-json\/wp\/v2\/media?parent=45209"}],"wp:term":[{"taxonomy":"category","embeddable":true,"href":"https:\/\/culturalizabh.com.br\/index.php\/wp-json\/wp\/v2\/categories?post=45209"},{"taxonomy":"post_tag","embeddable":true,"href":"https:\/\/culturalizabh.com.br\/index.php\/wp-json\/wp\/v2\/tags?post=45209"}],"curies":[{"name":"wp","href":"https:\/\/api.w.org\/{rel}","templated":true}]}}