{"id":44389,"date":"2024-10-22T15:30:41","date_gmt":"2024-10-22T18:30:41","guid":{"rendered":"https:\/\/culturalizabh.com.br\/?p=44389"},"modified":"2024-10-22T15:51:26","modified_gmt":"2024-10-22T18:51:26","slug":"akatu-lanca-volume-1-do-luau-do-akatu-com-classicos-da-musica-brasileira","status":"publish","type":"post","link":"https:\/\/culturalizabh.com.br\/index.php\/2024\/10\/22\/akatu-lanca-volume-1-do-luau-do-akatu-com-classicos-da-musica-brasileira\/","title":{"rendered":"Akatu lan\u00e7a Volume 1 do &#8220;Luau do Akatu&#8221; com cl\u00e1ssicos da m\u00fasica brasileira"},"content":{"rendered":"<p style=\"text-align: left;\"><strong>Luau do Akatu &#8211; Foto: Tiago Silva.<\/strong><\/p>\n<p style=\"text-align: center;\"><strong><i>Grupo de pagode disponibiliza registro audiovisual do projeto nas plataformas digitais e no YouTube, trazendo releituras de sucessos nacionais e hits autorais<\/i><\/strong><\/p>\n<div><center>\u00a0<\/center>&nbsp;<\/p>\n<p style=\"text-align: left;\">O grupo Akatu, destaque nacional no pagode, acaba de lan\u00e7ar o Volume 1 do &#8220;Luau do Akatu&#8221;, projeto que j\u00e1 est\u00e1 dispon\u00edvel em todas as plataformas digitais e no YouTube. Este lan\u00e7amento re\u00fane 13 blocos de m\u00fasicas que incluem regrava\u00e7\u00f5es de grandes cl\u00e1ssicos da m\u00fasica brasileira, como &#8220;Cheia de Manias&#8221;, &#8220;Quando a Chuva Passar&#8221;, &#8220;T\u00e1 Escrito&#8221;, &#8220;Cilada&#8221; e &#8220;Sinais&#8221;. Al\u00e9m disso, o projeto tamb\u00e9m apresenta sucessos do pr\u00f3prio Akatu, como &#8220;Zero Chances&#8221;, &#8220;Meu plano falhou&#8221; e &#8220;Ch\u00e1 de Cama&#8221;.<\/p>\n<p style=\"text-align: left;\"><img decoding=\"async\" class=\"CToWUd a6T\" tabindex=\"0\" src=\"https:\/\/ci3.googleusercontent.com\/meips\/ADKq_NZZDVqf_e-UtwgEJ5GSxQ8C-qMN1XpmuQlOHb56-FWhStQdg-bHy5HMQsE_Pqhw-pJt1ZibXlq6_QGxdkgm2fiFM-1-_aipRZ4ISKUDRfTr9BG27LZ70VHu_no7VnZ3H9N2W2hV0aUdnPSEzVeQUXW4mxbxiaFGaUoUtz596W4CHekGa4Jj39Ie21oCdAGm0jFc66M8myimljDZBH10=s0-d-e1-ft#https:\/\/files.pressmanager.net\/clientes\/67dd844a69e08263976a65f343f9b4e0\/imagens\/2024\/10\/22\/3afb58d9676e416e00eac5a2e125c468_medium.jpg\" width=\"300\" align=\"right\" hspace=\"10\" vspace=\"10\" data-bit=\"iit\" \/>O &#8220;Luau do Akatu&#8221; teve sua origem em 2020, durante a pandemia, como uma iniciativa inovadora para entreter o p\u00fablico em tempos de isolamento. Inspirado por uma tem\u00e1tica praiana, o grupo recriou a atmosfera de praia em Belo Horizonte, utilizando elementos como areia, plantas e imagens que evocam o litoral, proporcionando aos espectadores uma experi\u00eancia \u00fanica e imersiva.<\/p>\n<p style=\"text-align: left;\">Angelo Patr\u00edcio, respons\u00e1vel pelo reco reco e voz, expressou sua empolga\u00e7\u00e3o com o projeto: &#8220;Estamos muito animados em compartilhar o primeiro volume do &#8216;Luau do Akatu&#8217; com nossos f\u00e3s. Esse projeto \u00e9 uma celebra\u00e7\u00e3o da m\u00fasica brasileira e da nossa trajet\u00f3ria. Esperamos que todos sintam a energia e a alegria que colocamos em cada apresenta\u00e7\u00e3o\u201d, disse.<\/p>\n<p style=\"text-align: left;\">J\u00e1 Bog\u00e9, um dos vocalistas, destacou a conex\u00e3o que o &#8220;Luau do Akatu&#8221; cria com o p\u00fablico: &#8220;O &#8216;Luau do Akatu&#8217; \u00e9 mais do que um registro audiovisual; \u00e9 uma experi\u00eancia que conecta pessoas atrav\u00e9s da m\u00fasica e da amizade. Com mais de quatro horas de pagode, o projeto se transformou em uma label e vai passar pelas principais cidades brasileiras. Ser\u00e1 incr\u00edvel ver nossos f\u00e3s cantando e dan\u00e7ando com a gente\u201d, completa.<\/p>\n<p style=\"text-align: left;\"><strong>Sobre o Akatu:<\/strong><\/p>\n<p style=\"text-align: left;\"><img decoding=\"async\" class=\"CToWUd a6T\" tabindex=\"0\" src=\"https:\/\/ci3.googleusercontent.com\/meips\/ADKq_NZkqVk-Fjhvs2LTmF_4EM1wAYWlNIGY9KhCWVkddg5cKaWIXLddP8YzqUkuxbHBPJod9vfv9UWzYqN5SnzKM-C0KrpLLgwr08MKjZHMESEtqSHmI_5SSrMQ2wfRKgevP_j-ewSZj3CuPpJB3NVfSZC4m4T8J5LnlRMgBcPcQq5RmppUOnoGMmqbi5Exp2nMk4GTNnS2g58a9kEXEBvt=s0-d-e1-ft#https:\/\/files.pressmanager.net\/clientes\/67dd844a69e08263976a65f343f9b4e0\/imagens\/2024\/06\/10\/eed39772fad63ad159b7965cb64107db_medium.jpg\" alt=\"\" width=\"300\" align=\"right\" hspace=\"10\" vspace=\"10\" data-bit=\"iit\" \/>Formado em 2015 em Belo Horizonte (MG), o Akatu \u00e9 composto por Beg Candeia (vocalista), Lukas Bog\u00e9 (vocalista), Angelo Patr\u00edcio (reco reco e voz), Caique (tantan e voz) e Lucas Ara\u00fajo (pandeiro e voz). O nome \u201cAkatu\u201d, de origem Tupi, significa &#8220;semente boa&#8221; e &#8220;mundo melhor&#8221;, refletindo a ess\u00eancia e a mensagem do grupo. Com mais de 600 milh\u00f5es de streams nas plataformas digitais e ultrapassando 385 milh\u00f5es de visualiza\u00e7\u00f5es no YouTube, o Akatu se destaca como um fen\u00f4meno de ouvintes mensais no Spotify e mant\u00e9m uma robusta comunidade digital com mais de 1 milh\u00e3o de seguidores no Instagram.<\/p>\n<p style=\"text-align: left;\"><strong>Acompanhe o Akatu nas redes:<\/strong><\/p>\n<ul>\n<li style=\"text-align: left;\"><a href=\"https:\/\/youtube.com\/@AkatuOficial?si=7SC6MqImKYPYPNs9\" target=\"_blank\" rel=\"noopener\" data-saferedirecturl=\"https:\/\/www.google.com\/url?q=https:\/\/youtube.com\/@AkatuOficial?si%3D7SC6MqImKYPYPNs9&amp;source=gmail&amp;ust=1729705651599000&amp;usg=AOvVaw2fI5aIS8TbTl6Jdum_ww14\">YouTube<\/a><\/li>\n<li style=\"text-align: left;\"><a href=\"https:\/\/www.instagram.com\/akatuoficial\/\" target=\"_blank\" rel=\"noopener\" data-saferedirecturl=\"https:\/\/www.google.com\/url?q=https:\/\/www.instagram.com\/akatuoficial\/&amp;source=gmail&amp;ust=1729705651599000&amp;usg=AOvVaw1iY8lSeOzXJEza8A8nYkXc\">Instagram<\/a><\/li>\n<li style=\"text-align: left;\"><a href=\"https:\/\/www.facebook.com\/grupoakatu\" target=\"_blank\" rel=\"noopener\" data-saferedirecturl=\"https:\/\/www.google.com\/url?q=https:\/\/www.facebook.com\/grupoakatu&amp;source=gmail&amp;ust=1729705651599000&amp;usg=AOvVaw08-lrHhi21nXvixE5P5d3l\">Facebook<\/a><\/li>\n<li style=\"text-align: left;\"><a href=\"https:\/\/open.spotify.com\/artist\/1AuDtbIuaPj9LHnOUMT3C8?si=Dy2rS7fbS7yBoKUulKjkZg\" target=\"_blank\" rel=\"noopener\" data-saferedirecturl=\"https:\/\/www.google.com\/url?q=https:\/\/open.spotify.com\/artist\/1AuDtbIuaPj9LHnOUMT3C8?si%3DDy2rS7fbS7yBoKUulKjkZg&amp;source=gmail&amp;ust=1729705651599000&amp;usg=AOvVaw1YmhAcEy2QynpVmXKtgNwh\">Spotify<\/a><\/li>\n<\/ul>\n<\/div>\n","protected":false},"excerpt":{"rendered":"<p>Luau do Akatu &#8211; Foto: Tiago Silva. Grupo de pagode disponibiliza registro audiovisual do projeto nas plataformas digitais e no YouTube, trazendo releituras de sucessos nacionais e hits autorais \u00a0&nbsp; O grupo Akatu, destaque nacional no pagode, acaba de lan\u00e7ar o Volume 1 do &#8220;Luau do Akatu&#8221;, projeto que j\u00e1 est\u00e1 dispon\u00edvel em todas as [&hellip;]<\/p>\n","protected":false},"author":48,"featured_media":44390,"comment_status":"closed","ping_status":"closed","sticky":true,"template":"","format":"standard","meta":{"jetpack_post_was_ever_published":false,"_jetpack_newsletter_access":"","_jetpack_dont_email_post_to_subs":false,"_jetpack_newsletter_tier_id":0,"_jetpack_memberships_contains_paywalled_content":false,"_jetpack_memberships_contains_paid_content":false,"footnotes":"","jetpack_publicize_message":"","jetpack_publicize_feature_enabled":true,"jetpack_social_post_already_shared":true,"jetpack_social_options":{"image_generator_settings":{"template":"highway","enabled":false},"version":2}},"categories":[1,19,14,34,2,18,6],"tags":[],"class_list":["post-44389","post","type-post","status-publish","format-standard","has-post-thumbnail","hentry","category-culturaliza","category-destaque","category-dicas","category-diversao","category-eventos","category-musica","category-shows"],"jetpack_publicize_connections":[],"jetpack_featured_media_url":"https:\/\/culturalizabh.com.br\/wp-content\/uploads\/2024\/10\/Foto-9.jpg","jetpack_sharing_enabled":true,"jetpack_shortlink":"https:\/\/wp.me\/p864jz-bxX","_links":{"self":[{"href":"https:\/\/culturalizabh.com.br\/index.php\/wp-json\/wp\/v2\/posts\/44389","targetHints":{"allow":["GET"]}}],"collection":[{"href":"https:\/\/culturalizabh.com.br\/index.php\/wp-json\/wp\/v2\/posts"}],"about":[{"href":"https:\/\/culturalizabh.com.br\/index.php\/wp-json\/wp\/v2\/types\/post"}],"author":[{"embeddable":true,"href":"https:\/\/culturalizabh.com.br\/index.php\/wp-json\/wp\/v2\/users\/48"}],"replies":[{"embeddable":true,"href":"https:\/\/culturalizabh.com.br\/index.php\/wp-json\/wp\/v2\/comments?post=44389"}],"version-history":[{"count":2,"href":"https:\/\/culturalizabh.com.br\/index.php\/wp-json\/wp\/v2\/posts\/44389\/revisions"}],"predecessor-version":[{"id":44392,"href":"https:\/\/culturalizabh.com.br\/index.php\/wp-json\/wp\/v2\/posts\/44389\/revisions\/44392"}],"wp:featuredmedia":[{"embeddable":true,"href":"https:\/\/culturalizabh.com.br\/index.php\/wp-json\/wp\/v2\/media\/44390"}],"wp:attachment":[{"href":"https:\/\/culturalizabh.com.br\/index.php\/wp-json\/wp\/v2\/media?parent=44389"}],"wp:term":[{"taxonomy":"category","embeddable":true,"href":"https:\/\/culturalizabh.com.br\/index.php\/wp-json\/wp\/v2\/categories?post=44389"},{"taxonomy":"post_tag","embeddable":true,"href":"https:\/\/culturalizabh.com.br\/index.php\/wp-json\/wp\/v2\/tags?post=44389"}],"curies":[{"name":"wp","href":"https:\/\/api.w.org\/{rel}","templated":true}]}}